{"id":1614,"date":"2015-10-30T17:38:13","date_gmt":"2015-10-30T17:38:13","guid":{"rendered":"http:\/\/www.galiciamaxica.eu\/mini\/?p=1614"},"modified":"2024-08-13T18:49:06","modified_gmt":"2024-08-13T16:49:06","slug":"cabeza-de-manzaneda","status":"publish","type":"post","link":"https:\/\/www.galiciamaxica.eu\/mini\/cabeza-de-manzaneda\/","title":{"rendered":"CABEZA DE MANZANEDA"},"content":{"rendered":"<p style=\"text-align: center;\">Esta semana nos ha sorprendido a todos una noticia<\/p>\n<p style=\"text-align: center;\">\u00a0<a href=\"https:\/\/www.facebook.com\/Manzanedainfo-180429071974283\/?fref=photo\">La foto nos llegaba de su\u00a0p\u00e1gina<\/a><\/p>\n<blockquote class=\"wp-embedded-content\" data-secret=\"G7VjW1nbX5\"><p><a href=\"https:\/\/www.galiciamaxica.eu\/mini\/nos-la-nieve-lo-debes-saber-ir\/\">\u00bfNos vamos a la Nieve? Todo lo que debes saber antes de ir<\/a><\/p><\/blockquote>\n<p><iframe class=\"wp-embedded-content\" sandbox=\"allow-scripts\" security=\"restricted\" style=\"position: absolute; visibility: hidden;\" title=\"\u00ab\u00bfNos vamos a la Nieve? Todo lo que debes saber antes de ir\u00bb \u2014 Galicia con ni\u00f1os | GALICIA M\u00c1XICA\" src=\"https:\/\/www.galiciamaxica.eu\/mini\/nos-la-nieve-lo-debes-saber-ir\/embed\/#?secret=OBn0fGk7jF#?secret=G7VjW1nbX5\" data-secret=\"G7VjW1nbX5\" width=\"500\" height=\"282\" frameborder=\"0\" marginwidth=\"0\" marginheight=\"0\" scrolling=\"no\"><\/iframe><\/p>\n<p style=\"text-align: center;\">\u2744la primera nevada en <strong><a href=\"https:\/\/www.galiciamaxica.eu\/galicia\/ourense\/comarca-da-terra-de-trives\/manzaneda\/cabeza-de-manzaneda-o-cabeza-grande-y-su-entorno-en-ourense\/\">Cabeza de Manzaneda\u2744<\/a><\/strong><\/p>\n<p><img fetchpriority=\"high\" decoding=\"async\" class=\"aligncenter\" src=\"https:\/\/galiciamaxica.eu\/mini\/wp-content\/uploads\/2019\/10\/tumblr_mxys16Ml8f1t0i1e4o1_500.gif\" alt=\"\" width=\"626\" height=\"250\" \/><\/p>\n<p style=\"text-align: center;\">?Me d\u00ed cuenta de que todav\u00eda no hab\u00eda incluido este maravilloso lugar en\u00a0<strong><a href=\"http:\/\/www.galiciamaxica.eu\/mini\/\">Galicia con ni\u00f1os?<\/a><\/strong><\/p>\n<p style=\"text-align: center;\">La famosa <a href=\"https:\/\/www.facebook.com\/Manzanedainfo-180429071974283\/?fref=photo\">estaci\u00f3n invernal gallega<\/a> se merec\u00eda un lugar\u00a0en la p\u00e1gina<\/p>\n<p style=\"text-align: center;\">?as\u00ed que, ah\u00ed va.?<\/p>\n<p style=\"text-align: center;\"><img decoding=\"async\" class=\"aligncenter\" src=\"https:\/\/galiciamaxica.eu\/mini\/wp-content\/uploads\/2019\/10\/14252520-252520125252025252826252529.gif\" alt=\"\" width=\"550\" height=\"483\" \/><\/p>\n<p style=\"text-align: center;\">\u00a0\u2744Recomiendo visitarlo tambi\u00e9n sin nieve.\u2744<\/p>\n<p style=\"text-align: center;\"><a href=\"http:\/\/www.manzaneda.com\/\">Ya que tiene mucho que ofrecernos<\/a><\/p>\n<p style=\"text-align: center;\">Uno de los mejores circuitos de\u00a0descenso monta\u00f1a en bicicleta<strong> bike park\u00a0<\/strong>de Espa\u00f1a,<\/p>\n<p style=\"text-align: center;\">\u00a0Cafeter\u00edas, disco, tiendas y una enfermer\u00eda.<\/p>\n<p style=\"text-align: center;\"><a href=\"https:\/\/www.galiciamaxica.eu\/galicia\/ourense\/comarca-da-terra-de-trives\/manzaneda\/cabeza-de-manzaneda-o-cabeza-grande-y-su-entorno-en-ourense\/\"><img decoding=\"async\" class=\"aligncenter\" src=\"https:\/\/galiciamaxica.eu\/mini\/wp-content\/uploads\/2019\/10\/manzaneda6.jpg\" alt=\"\" width=\"452\" height=\"301\" \/><\/a><\/p>\n<p style=\"text-align: center;\">Campos de <strong>f\u00fatbol<\/strong>, <strong>baloncesto<\/strong>, <strong>tenis<\/strong>, <strong>voleibol<\/strong>, <strong>roc\u00f3dromo<\/strong>,<strong> karts<\/strong>, un peque\u00f1o <strong>golf<\/strong> &#8230;y\u00a0diversas rutas por la zona<\/p>\n<p style=\"text-align: center;\">en las que podr\u00e9is realizar <strong>senderismo.<\/strong><\/p>\n<p style=\"text-align: center;\"><a href=\"https:\/\/www.galiciamaxica.eu\/galicia\/ourense\/comarca-da-terra-de-trives\/manzaneda\/cabeza-de-manzaneda-o-cabeza-grande-y-su-entorno-en-ourense\/\"><img loading=\"lazy\" decoding=\"async\" class=\"aligncenter\" src=\"https:\/\/galiciamaxica.eu\/mini\/wp-content\/uploads\/2019\/10\/manzaneda47.jpg\" alt=\"\" width=\"850\" height=\"566\" \/><\/a><\/p>\n<p style=\"text-align: center;\">Por eso me he decidido a ense\u00f1arlo, en otra estaci\u00f3n\u00a0para que ve\u00e1is como cambia cuando\u00a0es m\u00e1s visitado,<\/p>\n<p style=\"text-align: center;\">En <strong>invierno<\/strong>.<a href=\"https:\/\/www.galiciamaxica.eu\/galicia\/ourense\/comarca-da-terra-de-trives\/manzaneda\/cabeza-de-manzaneda-o-cabeza-grande-y-su-entorno-en-ourense\/\"><img loading=\"lazy\" decoding=\"async\" class=\"aligncenter\" src=\"https:\/\/galiciamaxica.eu\/mini\/wp-content\/uploads\/2019\/10\/manzaneda41.jpg\" alt=\"\" width=\"773\" height=\"515\" \/><\/a><\/p>\n<p style=\"text-align: center;\">Un lugar al que la nieve llena de color, s\u00ed, ya s\u00e9 que es blanca pero\u00a0a Manzaneda\u00a0la ver\u00e1s muy colorida,<\/p>\n<p style=\"text-align: center;\">ya que somos\u00a0muchas las familias que la elegimos como destino? y cuando vemos la nieve caer ?<\/p>\n<p style=\"text-align: center;\">nos volvemos medio locos y vamos\u00a0?<span style=\"line-height: 1.5;\">apresurados hacia ella.<\/span>?<\/p>\n<p style=\"text-align: center;\"><img loading=\"lazy\" decoding=\"async\" class=\"aligncenter\" src=\"https:\/\/galiciamaxica.eu\/mini\/wp-content\/uploads\/2019\/10\/12525202525285252529.gif\" alt=\"\" width=\"422\" height=\"290\" \/><\/p>\n<p style=\"text-align: center;\"><strong>\u26c4\u2744\u00bfQu\u00e9 hay m\u00e1s divertido?\u2744\u26c4<\/strong><\/p>\n<p style=\"text-align: center;\">Los que no solemos ver nevar, nos hipnotiza el baile de los copos de nieve.<\/p>\n<p style=\"text-align: center;\">\u00a0Nos\u00a0tiramos all\u00ed donde encontramos el blanco divertimento\u00a0para hacer el \u00e1ngel y<\/p>\n<p style=\"text-align: center;\">ni os cuento los \u26c4mu\u00f1ecos\u26c4 que se pueden llegar a hacer.<\/p>\n<p style=\"text-align: center;\">\u2744Quiz\u00e1s uno de los momentos\u00a0que m\u00e1s recordamos de la ni\u00f1ez? sea la primera vez que\u00a0vemos nevar, por algo ser\u00e1.\u2744<\/p>\n<p style=\"text-align: center;\">\u00bfno lo dudes?<\/p>\n<p style=\"text-align: center;\"><a href=\"http:\/\/www.serpadres.es\/familia\/tiempo-libre\/articulo\/vamos-a-la-nieve-que-equipo-necesitan-los-ninos\">RECOMENDACIONE<\/a><\/p>\n<p style=\"text-align: center;\"><img loading=\"lazy\" decoding=\"async\" class=\"aligncenter\" src=\"https:\/\/galiciamaxica.eu\/mini\/wp-content\/uploads\/2019\/10\/tumblr_my18k6dMkv1t0i1e4o1_500.gif\" alt=\"\" width=\"596\" height=\"330\" \/><\/p>\n<p style=\"text-align: center;\"><strong>\u00a0<a href=\"https:\/\/www.galiciamaxica.eu\/galicia\/ourense\/comarca-da-terra-de-trives\/manzaneda\/cabeza-de-manzaneda-o-cabeza-grande-y-su-entorno-en-ourense\/\">Manzaneda<\/a><\/strong> en Familia!\u00a0<a href=\"http:\/\/www.galiciamaxica.eu\/mini\/viajes-compartidos-cabeza-de-manzaneda\/\">VIAJES COMPATIDOS<\/a><\/p>\n<p style=\"text-align: center;\"><a href=\"http:\/\/www.galiciamaxica.eu\/mini\/viajes-compartidos-cabeza-de-manzaneda\/\"><img loading=\"lazy\" decoding=\"async\" class=\"aligncenter\" src=\"https:\/\/lh3.googleusercontent.com\/N_q9vq6stQUU2Qw3ylmgxbB62Y5Z6TCb_oPB3FvHJDTNT1yULavcDLKuQrzgr7fX5rBuN-VPbJOOjfdYO2wIlD0W9HqyVn5Kl_kNBgxAS9mGJCBYJJmYjZ7SmR5Tsu4q9grpyXqakht-YKprN92VdRHIA4vhwOS9Z_pJHguGjFKUxIeykxpafnJ5lor_6oTgy1rXUpAT7gEFfn9pY7FjuhjQku9F7P6MForCzX1EQZKC8TJSAgkm0KjygX7Rr4MAUqWXDq3Mb63WZehOuff35-PTIdSnKaBzI8rQXrABXvwMLnhAXUvZK3lPRHlnJUq6F_Dsg3n41qUXzNlmcD05j4UfvixzE92jcH_syUDv3pEXSuRoJUbTYcHYGblMJrpXDQb21mNMI1vpBKOlqBdPUWhuomaNhXVFZhTIbIPf5sClkJFvrDt_Zsd0D2y6fDfWoT2wUtrOJ-y0kk7BojUUnPs-nOeYA4pw7Gxzdh4PmkwDonqGd4lwPDkUIDXuukb2gnoCpzlnM_gmed5e4bvEOVu0kQB7raODcN_Rqf43JpBIVqwzRe-zNwl1VzYgZdXGRy-59Q=w462-h307-no\" alt=\"\" width=\"461\" height=\"307\" \/><\/a><\/p>\n<p style=\"text-align: center;\"><iframe style=\"border: 0;\" src=\"https:\/\/www.google.com\/maps\/embed?pb=!1m14!1m8!1m3!1d23828.527389388775!2d-7.306252000000001!3d42.285722!3m2!1i1024!2i768!4f13.1!3m3!1m2!1s0x0%3A0x0!2zNDLCsDE1JzI0LjgiTiA3wrAxNyc1Mi44Ilc!5e1!3m2!1ses!2sus!4v1446221914960\" width=\"600\" height=\"450\" frameborder=\"0\" allowfullscreen=\"allowfullscreen\"><\/iframe><\/p>\n","protected":false},"excerpt":{"rendered":"<p>Esta semana nos ha sorprendido a todos una noticia \u00a0La foto nos llegaba de su\u00a0p\u00e1gina \u00bfNos vamos a la Nieve? Todo lo que debes saber antes de ir \u2744la primera nevada en Cabeza de Manzaneda\u2744 ?Me d\u00ed cuenta de que todav\u00eda no hab\u00eda incluido este maravilloso lugar en\u00a0Galicia con ni\u00f1os? La famosa estaci\u00f3n invernal gallega [&hellip;]<\/p>\n","protected":false},"author":1,"featured_media":1616,"comment_status":"open","ping_status":"open","sticky":false,"template":"","format":"standard","meta":{"_eb_attr":"","site-sidebar-layout":"default","site-content-layout":"","ast-site-content-layout":"","site-content-style":"default","site-sidebar-style":"default","ast-global-header-display":"","ast-banner-title-visibility":"","ast-main-header-display":"","ast-hfb-above-header-display":"","ast-hfb-below-header-display":"","ast-hfb-mobile-header-display":"","site-post-title":"","ast-breadcrumbs-content":"","ast-featured-img":"","footer-sml-layout":"","theme-transparent-header-meta":"","adv-header-id-meta":"","stick-header-meta":"","header-above-stick-meta":"","header-main-stick-meta":"","header-below-stick-meta":"","astra-migrate-meta-layouts":"default","ast-page-background-enabled":"default","ast-page-background-meta":{"desktop":{"background-color":"","background-image":"","background-repeat":"repeat","background-position":"center center","background-size":"auto","background-attachment":"scroll","background-type":"","background-media":"","overlay-type":"","overlay-color":"","overlay-opacity":"","overlay-gradient":""},"tablet":{"background-color":"","background-image":"","background-repeat":"repeat","background-position":"center center","background-size":"auto","background-attachment":"scroll","background-type":"","background-media":"","overlay-type":"","overlay-color":"","overlay-opacity":"","overlay-gradient":""},"mobile":{"background-color":"","background-image":"","background-repeat":"repeat","background-position":"center center","background-size":"auto","background-attachment":"scroll","background-type":"","background-media":"","overlay-type":"","overlay-color":"","overlay-opacity":"","overlay-gradient":""}},"ast-content-background-meta":{"desktop":{"background-color":"var(--ast-global-color-5)","background-image":"","background-repeat":"repeat","background-position":"center center","background-size":"auto","background-attachment":"scroll","background-type":"","background-media":"","overlay-type":"","overlay-color":"","overlay-opacity":"","overlay-gradient":""},"tablet":{"background-color":"var(--ast-global-color-5)","background-image":"","background-repeat":"repeat","background-position":"center center","background-size":"auto","background-attachment":"scroll","background-type":"","background-media":"","overlay-type":"","overlay-color":"","overlay-opacity":"","overlay-gradient":""},"mobile":{"background-color":"var(--ast-global-color-5)","background-image":"","background-repeat":"repeat","background-position":"center center","background-size":"auto","background-attachment":"scroll","background-type":"","background-media":"","overlay-type":"","overlay-color":"","overlay-opacity":"","overlay-gradient":""}},"footnotes":""},"categories":[15,51],"tags":[350,325,351,58,353,352],"class_list":["post-1614","post","type-post","status-publish","format-standard","has-post-thumbnail","hentry","category-lugares","category-ourense","tag-cabeza-de-manzaneda","tag-estacion","tag-nieve","tag-ourense","tag-pistas","tag-telesillas"],"yoast_head":"<!-- This site is optimized with the Yoast SEO plugin v24.9 - https:\/\/yoast.com\/wordpress\/plugins\/seo\/ -->\n<title>CABEZA DE MANZANEDA - Galicia con ni\u00f1os | GALICIA M\u00c1XICA<\/title>\n<meta name=\"description\" content=\"Cabeza de Manzaneda\" \/>\n<meta name=\"robots\" content=\"index, follow, max-snippet:-1, max-image-preview:large, max-video-preview:-1\" \/>\n<link rel=\"canonical\" href=\"https:\/\/www.galiciamaxica.eu\/mini\/cabeza-de-manzaneda\/\" \/>\n<meta property=\"og:locale\" content=\"es_ES\" \/>\n<meta property=\"og:type\" content=\"article\" \/>\n<meta property=\"og:title\" content=\"CABEZA DE MANZANEDA - Galicia con ni\u00f1os | GALICIA M\u00c1XICA\" \/>\n<meta property=\"og:description\" content=\"Cabeza de Manzaneda\" \/>\n<meta property=\"og:url\" content=\"https:\/\/www.galiciamaxica.eu\/mini\/cabeza-de-manzaneda\/\" \/>\n<meta property=\"og:site_name\" content=\"Galicia con ni\u00f1os | GALICIA M\u00c1XICA\" \/>\n<meta property=\"article:publisher\" content=\"https:\/\/www.facebook.com\/maria.rodriguezserantes\" \/>\n<meta property=\"article:author\" content=\"https:\/\/www.facebook.com\/maria.rodriguezserantes\" \/>\n<meta property=\"article:published_time\" content=\"2015-10-30T17:38:13+00:00\" \/>\n<meta property=\"article:modified_time\" content=\"2024-08-13T16:49:06+00:00\" \/>\n<meta property=\"og:image\" content=\"https:\/\/www.galiciamaxica.eu\/mini\/wp-content\/uploads\/2015\/10\/manzaneda47.jpg\" \/>\n\t<meta property=\"og:image:width\" content=\"1153\" \/>\n\t<meta property=\"og:image:height\" content=\"768\" \/>\n\t<meta property=\"og:image:type\" content=\"image\/jpeg\" \/>\n<meta name=\"author\" content=\"seseixa\" \/>\n<meta name=\"twitter:card\" content=\"summary_large_image\" \/>\n<meta name=\"twitter:creator\" content=\"@seseixa\" \/>\n<meta name=\"twitter:site\" content=\"@seseixa\" \/>\n<meta name=\"twitter:label1\" content=\"Escrito por\" \/>\n\t<meta name=\"twitter:data1\" content=\"seseixa\" \/>\n\t<meta name=\"twitter:label2\" content=\"Tiempo de lectura\" \/>\n\t<meta name=\"twitter:data2\" content=\"3 minutos\" \/>\n<script type=\"application\/ld+json\" class=\"yoast-schema-graph\">{\"@context\":\"https:\/\/schema.org\",\"@graph\":[{\"@type\":\"Article\",\"@id\":\"https:\/\/www.galiciamaxica.eu\/mini\/cabeza-de-manzaneda\/#article\",\"isPartOf\":{\"@id\":\"https:\/\/www.galiciamaxica.eu\/mini\/cabeza-de-manzaneda\/\"},\"author\":{\"name\":\"seseixa\",\"@id\":\"https:\/\/www.galiciamaxica.eu\/mini\/#\/schema\/person\/2b284fe2fd911000a48d2e8936300179\"},\"headline\":\"CABEZA DE MANZANEDA\",\"datePublished\":\"2015-10-30T17:38:13+00:00\",\"dateModified\":\"2024-08-13T16:49:06+00:00\",\"mainEntityOfPage\":{\"@id\":\"https:\/\/www.galiciamaxica.eu\/mini\/cabeza-de-manzaneda\/\"},\"wordCount\":286,\"commentCount\":2,\"publisher\":{\"@id\":\"https:\/\/www.galiciamaxica.eu\/mini\/#\/schema\/person\/2b284fe2fd911000a48d2e8936300179\"},\"image\":{\"@id\":\"https:\/\/www.galiciamaxica.eu\/mini\/cabeza-de-manzaneda\/#primaryimage\"},\"thumbnailUrl\":\"https:\/\/www.galiciamaxica.eu\/mini\/wp-content\/uploads\/2015\/10\/manzaneda47.jpg\",\"keywords\":[\"Cabeza de Manzaneda\",\"estaci\u00f3n\",\"nieve\",\"ourense\",\"pistas\",\"telesillas\"],\"articleSection\":[\"LUGARES\",\"OURENSE\"],\"inLanguage\":\"es\",\"potentialAction\":[{\"@type\":\"CommentAction\",\"name\":\"Comment\",\"target\":[\"https:\/\/www.galiciamaxica.eu\/mini\/cabeza-de-manzaneda\/#respond\"]}]},{\"@type\":\"WebPage\",\"@id\":\"https:\/\/www.galiciamaxica.eu\/mini\/cabeza-de-manzaneda\/\",\"url\":\"https:\/\/www.galiciamaxica.eu\/mini\/cabeza-de-manzaneda\/\",\"name\":\"CABEZA DE MANZANEDA - Galicia con ni\u00f1os | GALICIA M\u00c1XICA\",\"isPartOf\":{\"@id\":\"https:\/\/www.galiciamaxica.eu\/mini\/#website\"},\"primaryImageOfPage\":{\"@id\":\"https:\/\/www.galiciamaxica.eu\/mini\/cabeza-de-manzaneda\/#primaryimage\"},\"image\":{\"@id\":\"https:\/\/www.galiciamaxica.eu\/mini\/cabeza-de-manzaneda\/#primaryimage\"},\"thumbnailUrl\":\"https:\/\/www.galiciamaxica.eu\/mini\/wp-content\/uploads\/2015\/10\/manzaneda47.jpg\",\"datePublished\":\"2015-10-30T17:38:13+00:00\",\"dateModified\":\"2024-08-13T16:49:06+00:00\",\"description\":\"Cabeza de Manzaneda\",\"breadcrumb\":{\"@id\":\"https:\/\/www.galiciamaxica.eu\/mini\/cabeza-de-manzaneda\/#breadcrumb\"},\"inLanguage\":\"es\",\"potentialAction\":[{\"@type\":\"ReadAction\",\"target\":[\"https:\/\/www.galiciamaxica.eu\/mini\/cabeza-de-manzaneda\/\"]}]},{\"@type\":\"ImageObject\",\"inLanguage\":\"es\",\"@id\":\"https:\/\/www.galiciamaxica.eu\/mini\/cabeza-de-manzaneda\/#primaryimage\",\"url\":\"https:\/\/www.galiciamaxica.eu\/mini\/wp-content\/uploads\/2015\/10\/manzaneda47.jpg\",\"contentUrl\":\"https:\/\/www.galiciamaxica.eu\/mini\/wp-content\/uploads\/2015\/10\/manzaneda47.jpg\",\"width\":1153,\"height\":768,\"caption\":\"manzaneda47\"},{\"@type\":\"BreadcrumbList\",\"@id\":\"https:\/\/www.galiciamaxica.eu\/mini\/cabeza-de-manzaneda\/#breadcrumb\",\"itemListElement\":[{\"@type\":\"ListItem\",\"position\":1,\"name\":\"Portada\",\"item\":\"https:\/\/www.galiciamaxica.eu\/mini\/\"},{\"@type\":\"ListItem\",\"position\":2,\"name\":\"CABEZA DE MANZANEDA\"}]},{\"@type\":\"WebSite\",\"@id\":\"https:\/\/www.galiciamaxica.eu\/mini\/#website\",\"url\":\"https:\/\/www.galiciamaxica.eu\/mini\/\",\"name\":\"Galicia con ni\u00f1os | GALICIA M\u00c1XICA\",\"description\":\"Qu\u00e9 hacer con ni\u00f1os en Galicia\",\"publisher\":{\"@id\":\"https:\/\/www.galiciamaxica.eu\/mini\/#\/schema\/person\/2b284fe2fd911000a48d2e8936300179\"},\"potentialAction\":[{\"@type\":\"SearchAction\",\"target\":{\"@type\":\"EntryPoint\",\"urlTemplate\":\"https:\/\/www.galiciamaxica.eu\/mini\/?s={search_term_string}\"},\"query-input\":{\"@type\":\"PropertyValueSpecification\",\"valueRequired\":true,\"valueName\":\"search_term_string\"}}],\"inLanguage\":\"es\"},{\"@type\":[\"Person\",\"Organization\"],\"@id\":\"https:\/\/www.galiciamaxica.eu\/mini\/#\/schema\/person\/2b284fe2fd911000a48d2e8936300179\",\"name\":\"seseixa\",\"image\":{\"@type\":\"ImageObject\",\"inLanguage\":\"es\",\"@id\":\"https:\/\/www.galiciamaxica.eu\/mini\/#\/schema\/person\/image\/\",\"url\":\"https:\/\/www.galiciamaxica.eu\/mini\/wp-content\/uploads\/2019\/02\/seseixa.png\",\"contentUrl\":\"https:\/\/www.galiciamaxica.eu\/mini\/wp-content\/uploads\/2019\/02\/seseixa.png\",\"width\":100,\"height\":100,\"caption\":\"seseixa\"},\"logo\":{\"@id\":\"https:\/\/www.galiciamaxica.eu\/mini\/#\/schema\/person\/image\/\"},\"description\":\"En la actualidad combinando dos proyectos que me apasionan, Galicia y los ni\u00f1os. Tengo mucho que aportar y otro tanto que aprender, as\u00ed como, el tiempo y el coraz\u00f3n, dividido en todo momento. Soy mam\u00e1, un titulo otorgado a tiempo completo, compa\u00f1era y amiga, a todas horas, familiar y cercana, siempre. De esp\u00edritu inquieto, soy una eterna ni\u00f1a que juega en el pa\u00eds de las maravillas. Una enamorada de mi tierra, por la que trabajo sin descanso. Creo en la infancia como motor que cambiar\u00e1 el mundo a mejor y busco en mi vida la felicidad como estado permanente porque s\u00f3lo se vive una vez.\",\"sameAs\":[\"http:\/\/mini.galiciamaxica.eu\/\",\"https:\/\/www.facebook.com\/maria.rodriguezserantes\",\"https:\/\/x.com\/seseixa\"],\"url\":\"https:\/\/www.galiciamaxica.eu\/mini\/author\/seseixa\/\"}]}<\/script>\n<!-- \/ Yoast SEO plugin. -->","yoast_head_json":{"title":"CABEZA DE MANZANEDA - Galicia con ni\u00f1os | GALICIA M\u00c1XICA","description":"Cabeza de Manzaneda","robots":{"index":"index","follow":"follow","max-snippet":"max-snippet:-1","max-image-preview":"max-image-preview:large","max-video-preview":"max-video-preview:-1"},"canonical":"https:\/\/www.galiciamaxica.eu\/mini\/cabeza-de-manzaneda\/","og_locale":"es_ES","og_type":"article","og_title":"CABEZA DE MANZANEDA - Galicia con ni\u00f1os | GALICIA M\u00c1XICA","og_description":"Cabeza de Manzaneda","og_url":"https:\/\/www.galiciamaxica.eu\/mini\/cabeza-de-manzaneda\/","og_site_name":"Galicia con ni\u00f1os | GALICIA M\u00c1XICA","article_publisher":"https:\/\/www.facebook.com\/maria.rodriguezserantes","article_author":"https:\/\/www.facebook.com\/maria.rodriguezserantes","article_published_time":"2015-10-30T17:38:13+00:00","article_modified_time":"2024-08-13T16:49:06+00:00","og_image":[{"width":1153,"height":768,"url":"https:\/\/www.galiciamaxica.eu\/mini\/wp-content\/uploads\/2015\/10\/manzaneda47.jpg","type":"image\/jpeg"}],"author":"seseixa","twitter_card":"summary_large_image","twitter_creator":"@seseixa","twitter_site":"@seseixa","twitter_misc":{"Escrito por":"seseixa","Tiempo de lectura":"3 minutos"},"schema":{"@context":"https:\/\/schema.org","@graph":[{"@type":"Article","@id":"https:\/\/www.galiciamaxica.eu\/mini\/cabeza-de-manzaneda\/#article","isPartOf":{"@id":"https:\/\/www.galiciamaxica.eu\/mini\/cabeza-de-manzaneda\/"},"author":{"name":"seseixa","@id":"https:\/\/www.galiciamaxica.eu\/mini\/#\/schema\/person\/2b284fe2fd911000a48d2e8936300179"},"headline":"CABEZA DE MANZANEDA","datePublished":"2015-10-30T17:38:13+00:00","dateModified":"2024-08-13T16:49:06+00:00","mainEntityOfPage":{"@id":"https:\/\/www.galiciamaxica.eu\/mini\/cabeza-de-manzaneda\/"},"wordCount":286,"commentCount":2,"publisher":{"@id":"https:\/\/www.galiciamaxica.eu\/mini\/#\/schema\/person\/2b284fe2fd911000a48d2e8936300179"},"image":{"@id":"https:\/\/www.galiciamaxica.eu\/mini\/cabeza-de-manzaneda\/#primaryimage"},"thumbnailUrl":"https:\/\/www.galiciamaxica.eu\/mini\/wp-content\/uploads\/2015\/10\/manzaneda47.jpg","keywords":["Cabeza de Manzaneda","estaci\u00f3n","nieve","ourense","pistas","telesillas"],"articleSection":["LUGARES","OURENSE"],"inLanguage":"es","potentialAction":[{"@type":"CommentAction","name":"Comment","target":["https:\/\/www.galiciamaxica.eu\/mini\/cabeza-de-manzaneda\/#respond"]}]},{"@type":"WebPage","@id":"https:\/\/www.galiciamaxica.eu\/mini\/cabeza-de-manzaneda\/","url":"https:\/\/www.galiciamaxica.eu\/mini\/cabeza-de-manzaneda\/","name":"CABEZA DE MANZANEDA - Galicia con ni\u00f1os | GALICIA M\u00c1XICA","isPartOf":{"@id":"https:\/\/www.galiciamaxica.eu\/mini\/#website"},"primaryImageOfPage":{"@id":"https:\/\/www.galiciamaxica.eu\/mini\/cabeza-de-manzaneda\/#primaryimage"},"image":{"@id":"https:\/\/www.galiciamaxica.eu\/mini\/cabeza-de-manzaneda\/#primaryimage"},"thumbnailUrl":"https:\/\/www.galiciamaxica.eu\/mini\/wp-content\/uploads\/2015\/10\/manzaneda47.jpg","datePublished":"2015-10-30T17:38:13+00:00","dateModified":"2024-08-13T16:49:06+00:00","description":"Cabeza de Manzaneda","breadcrumb":{"@id":"https:\/\/www.galiciamaxica.eu\/mini\/cabeza-de-manzaneda\/#breadcrumb"},"inLanguage":"es","potentialAction":[{"@type":"ReadAction","target":["https:\/\/www.galiciamaxica.eu\/mini\/cabeza-de-manzaneda\/"]}]},{"@type":"ImageObject","inLanguage":"es","@id":"https:\/\/www.galiciamaxica.eu\/mini\/cabeza-de-manzaneda\/#primaryimage","url":"https:\/\/www.galiciamaxica.eu\/mini\/wp-content\/uploads\/2015\/10\/manzaneda47.jpg","contentUrl":"https:\/\/www.galiciamaxica.eu\/mini\/wp-content\/uploads\/2015\/10\/manzaneda47.jpg","width":1153,"height":768,"caption":"manzaneda47"},{"@type":"BreadcrumbList","@id":"https:\/\/www.galiciamaxica.eu\/mini\/cabeza-de-manzaneda\/#breadcrumb","itemListElement":[{"@type":"ListItem","position":1,"name":"Portada","item":"https:\/\/www.galiciamaxica.eu\/mini\/"},{"@type":"ListItem","position":2,"name":"CABEZA DE MANZANEDA"}]},{"@type":"WebSite","@id":"https:\/\/www.galiciamaxica.eu\/mini\/#website","url":"https:\/\/www.galiciamaxica.eu\/mini\/","name":"Galicia con ni\u00f1os | GALICIA M\u00c1XICA","description":"Qu\u00e9 hacer con ni\u00f1os en Galicia","publisher":{"@id":"https:\/\/www.galiciamaxica.eu\/mini\/#\/schema\/person\/2b284fe2fd911000a48d2e8936300179"},"potentialAction":[{"@type":"SearchAction","target":{"@type":"EntryPoint","urlTemplate":"https:\/\/www.galiciamaxica.eu\/mini\/?s={search_term_string}"},"query-input":{"@type":"PropertyValueSpecification","valueRequired":true,"valueName":"search_term_string"}}],"inLanguage":"es"},{"@type":["Person","Organization"],"@id":"https:\/\/www.galiciamaxica.eu\/mini\/#\/schema\/person\/2b284fe2fd911000a48d2e8936300179","name":"seseixa","image":{"@type":"ImageObject","inLanguage":"es","@id":"https:\/\/www.galiciamaxica.eu\/mini\/#\/schema\/person\/image\/","url":"https:\/\/www.galiciamaxica.eu\/mini\/wp-content\/uploads\/2019\/02\/seseixa.png","contentUrl":"https:\/\/www.galiciamaxica.eu\/mini\/wp-content\/uploads\/2019\/02\/seseixa.png","width":100,"height":100,"caption":"seseixa"},"logo":{"@id":"https:\/\/www.galiciamaxica.eu\/mini\/#\/schema\/person\/image\/"},"description":"En la actualidad combinando dos proyectos que me apasionan, Galicia y los ni\u00f1os. Tengo mucho que aportar y otro tanto que aprender, as\u00ed como, el tiempo y el coraz\u00f3n, dividido en todo momento. Soy mam\u00e1, un titulo otorgado a tiempo completo, compa\u00f1era y amiga, a todas horas, familiar y cercana, siempre. De esp\u00edritu inquieto, soy una eterna ni\u00f1a que juega en el pa\u00eds de las maravillas. Una enamorada de mi tierra, por la que trabajo sin descanso. Creo en la infancia como motor que cambiar\u00e1 el mundo a mejor y busco en mi vida la felicidad como estado permanente porque s\u00f3lo se vive una vez.","sameAs":["http:\/\/mini.galiciamaxica.eu\/","https:\/\/www.facebook.com\/maria.rodriguezserantes","https:\/\/x.com\/seseixa"],"url":"https:\/\/www.galiciamaxica.eu\/mini\/author\/seseixa\/"}]}},"amp_enabled":true,"post_mailing_queue_ids":[],"_links":{"self":[{"href":"https:\/\/www.galiciamaxica.eu\/mini\/wp-json\/wp\/v2\/posts\/1614"}],"collection":[{"href":"https:\/\/www.galiciamaxica.eu\/mini\/wp-json\/wp\/v2\/posts"}],"about":[{"href":"https:\/\/www.galiciamaxica.eu\/mini\/wp-json\/wp\/v2\/types\/post"}],"author":[{"embeddable":true,"href":"https:\/\/www.galiciamaxica.eu\/mini\/wp-json\/wp\/v2\/users\/1"}],"replies":[{"embeddable":true,"href":"https:\/\/www.galiciamaxica.eu\/mini\/wp-json\/wp\/v2\/comments?post=1614"}],"version-history":[{"count":4,"href":"https:\/\/www.galiciamaxica.eu\/mini\/wp-json\/wp\/v2\/posts\/1614\/revisions"}],"predecessor-version":[{"id":21958,"href":"https:\/\/www.galiciamaxica.eu\/mini\/wp-json\/wp\/v2\/posts\/1614\/revisions\/21958"}],"wp:featuredmedia":[{"embeddable":true,"href":"https:\/\/www.galiciamaxica.eu\/mini\/wp-json\/wp\/v2\/media\/1616"}],"wp:attachment":[{"href":"https:\/\/www.galiciamaxica.eu\/mini\/wp-json\/wp\/v2\/media?parent=1614"}],"wp:term":[{"taxonomy":"category","embeddable":true,"href":"https:\/\/www.galiciamaxica.eu\/mini\/wp-json\/wp\/v2\/categories?post=1614"},{"taxonomy":"post_tag","embeddable":true,"href":"https:\/\/www.galiciamaxica.eu\/mini\/wp-json\/wp\/v2\/tags?post=1614"}],"curies":[{"name":"wp","href":"https:\/\/api.w.org\/{rel}","templated":true}]}}