{"id":1582,"date":"2015-10-29T14:29:44","date_gmt":"2015-10-29T14:29:44","guid":{"rendered":"http:\/\/www.galiciamaxica.eu\/mini\/?p=1582"},"modified":"2024-08-13T18:41:43","modified_gmt":"2024-08-13T16:41:43","slug":"el-samain","status":"publish","type":"post","link":"https:\/\/www.galiciamaxica.eu\/mini\/el-samain\/","title":{"rendered":"EL SAMA\u00cdN"},"content":{"rendered":"<p style=\"text-align: center;\">Ahora que todos los ni\u00f1os se han puesto un poco locos con el<strong> Halloween<\/strong> y que desde concellos en Galicia se est\u00e1 intentando hacer m\u00e1s nuestra esta fiesta, &nbsp;aqu\u00ed va mi peque\u00f1o granito de arena y es que, por aqu\u00ed,&nbsp;somos m\u00e1s de <strong>SAMA\u00cdN<\/strong>.<\/p>\n<p style=\"text-align: center;\"><em><strong>Claro que es divertido el&nbsp;Halloween pero el Sama\u00edn lo es a\u00fan m\u00e1s.<\/strong><\/em><\/p>\n<p style=\"text-align: center;\">S\u00f3lo has de llamar a la fiesta por su nombre y la fiesta&nbsp;comenzar\u00e1.<\/p>\n<p style=\"text-align: center;\"><img fetchpriority=\"high\" decoding=\"async\" class=\"aligncenter\" src=\"https:\/\/galiciamaxica.eu\/mini\/wp-content\/uploads\/2019\/10\/z2yo4Xb.gif\" alt=\"\" width=\"245\" height=\"210\"><\/p>\n<p style=\"text-align: center;\">Cambiemos de rumbo y d\u00e9mosle nuestro color a esta gran fiesta.<\/p>\n<p style=\"text-align: center;\">Bailemos con nuestra m\u00fasica que sin lugar a dudas es la m\u00e1s melodiosa.<\/p>\n<p style=\"text-align: center;\"><iframe src=\"https:\/\/www.youtube.com\/embed\/YNiI6C0142g\" width=\"673\" height=\"379\" frameborder=\"0\" allowfullscreen=\"allowfullscreen\"><\/iframe><\/p>\n<p style=\"text-align: center;\">Nos empe\u00f1amos en ser <strong>brujas o fantasmas<\/strong>&nbsp;cuando en Galicia tenemos a las <strong>Meigas y&nbsp;a la Santa Compa\u00f1a<\/strong>,<\/p>\n<p style=\"text-align: center;\">el Walking Dead gallego.<\/p>\n<p style=\"text-align: center;\">Por Galicia caminan los muertos a tu encuentro\u2026no hay color<\/p>\n<p style=\"text-align: center;\"><iframe src=\"https:\/\/www.youtube.com\/embed\/_Xeu3iWkRHE\" width=\"531\" height=\"299\" frameborder=\"0\" allowfullscreen=\"allowfullscreen\"><\/iframe><\/p>\n<p>Vivamos el<strong><a href=\"https:\/\/es.wikipedia.org\/wiki\/Samhain\"> SAMA\u00cdN <\/a>(o fin del verano) &nbsp;<\/strong>que es lo nuestro, esa una gran fiesta Celta en la que se daba la bienvenida, al Nuevo A\u00f1o, <strong>s\u00ed<\/strong> , no com\u00edan uvas, ni hab\u00eda campanadas, pero celebraban que llegaba la \u00e9poca dura del a\u00f1o y que los d\u00edas ser\u00edan mucho m\u00e1s oscuros y fr\u00edos, as\u00ed somos, nada hace que perdamos nuestro esp\u00edritu festeiro. Un orgullo el ser galleg@.<\/p>\n<p>Este d\u00eda se rend\u00eda homenaje a los muertos con grandes fiestas, se les dejaba comida y bebida, ya que para ellos los muertos pasaban a otra vida y nada se terminaba, com\u00edan, beb\u00edan, bailaban e incluso se ve\u00edan de nuevo, qu\u00e9 maravilla \u00bfverdad?<\/p>\n<p style=\"text-align: center;\"><strong>\u00bfQu\u00e9 se contar\u00edan?.<\/strong><\/p>\n<p style=\"text-align: center;\"><img decoding=\"async\" class=\"aligncenter\" src=\"https:\/\/galiciamaxica.eu\/mini\/wp-content\/uploads\/2019\/10\/2014252520-25252012525202525281252529.gif\" alt=\"\" width=\"426\" height=\"320\"><\/p>\n<p style=\"text-align: center;\">Comenzaba pues con la muerte una nueva etapa para sus ancestros y era en este d\u00eda cuando&nbsp;el Druida hac\u00eda posible la conexi\u00f3n entre muertos y vivos.<\/p>\n<p style=\"text-align: center;\">Conversaciones de ultratumba muy animosas, somos as\u00ed, siempre hay una raz\u00f3n&nbsp;para ir de carallada.<\/p>\n<p style=\"text-align: center;\">Aqu\u00ed en mi tierra, como ya os hab\u00eda dicho, tenemos muertos andantes, se les conoce como<strong> <a href=\"https:\/\/es.wikipedia.org\/wiki\/Santa_Compa%C3%B1a\">A Santa Compa\u00f1a<\/a><\/strong>, y&nbsp;dan mucho <a href=\"https:\/\/labitacoradelmiedo.wordpress.com\/tag\/leyenda-gallega\/\">m\u00e1s miedo<\/a> que los fantasmas de Jalog\u00fc\u00edn.<\/p>\n<p style=\"text-align: center;\"><a href=\"https:\/\/es.wikipedia.org\/wiki\/Santa_Compa%C3%B1a\"><img decoding=\"async\" class=\"aligncenter\" src=\"https:\/\/galiciamaxica.eu\/mini\/wp-content\/uploads\/2019\/10\/320px-Santa_CompaC3B1a_Pontevedra_01-01b.jpg\" alt=\"\" width=\"320\" height=\"165\"><\/a><\/p>\n<p style=\"text-align: center;\">Ser\u00e1n &nbsp;por historia terror\u00edficas, las nuestras, las mejores.<\/p>\n<p style=\"text-align: center;\">No tienes m\u00e1s que descubrir alguna de <strong>nuestras leyendas<\/strong> y m\u00e1s de una, har\u00e1 que se te pongan los pelos de&#8230;<\/p>\n<p style=\"text-align: center;\"><img loading=\"lazy\" decoding=\"async\" class=\"aligncenter\" src=\"https:\/\/galiciamaxica.eu\/mini\/wp-content\/uploads\/2019\/10\/confusion.gif\" alt=\"\" width=\"372\" height=\"512\"><\/p>\n<p style=\"text-align: center;\">En&nbsp;el pasado ten\u00edamos tambi\u00e9n alg\u00fan que otro&nbsp;<a href=\"https:\/\/es.wikipedia.org\/wiki\/Manuel_Blanco_Romasanta\">hombre lobo<\/a> y recorr\u00eda nuestra&nbsp;tierra, s\u00ed, lo hacia sembrando el terror<\/p>\n<p style=\"text-align: center;\">all\u00e1 por donde pasaba, algo s\u00ed como en Crep\u00fasculo pero a lo bestia, bestia.<\/p>\n<h1 class=\"yt watch-title-container\" style=\"text-align: center;\"><del><span id=\"eow-title\" class=\"watch-title \" dir=\"ltr\" title=\"Romasanta, el hombre lobo gallego\">Romasanta<\/span><\/del><\/h1>\n<p style=\"text-align: center;\"><iframe src=\"https:\/\/www.youtube.com\/embed\/TDg5j51rEQY\" width=\"853\" height=\"480\" frameborder=\"0\" allowfullscreen=\"allowfullscreen\"><\/iframe><\/p>\n<p style=\"text-align: center;\">As\u00ed que, es hora de coger tu calabaza que esto si es lo propio y a esculpir en ella nuestra cultura que es<\/p>\n<p style=\"text-align: center;\"><a href=\"https:\/\/es.wikipedia.org\/wiki\/Samhain\">bien rica y maravillosa<\/a>.<\/p>\n<p style=\"text-align: center;\"><img loading=\"lazy\" decoding=\"async\" class=\"aligncenter\" src=\"https:\/\/galiciamaxica.eu\/mini\/wp-content\/uploads\/2019\/10\/1_gif-forest-ghosts-948195.gif\" alt=\"\" width=\"742\" height=\"418\"><\/p>\n<p style=\"text-align: center;\"><strong>No te lies<\/strong><\/p>\n<p style=\"text-align: center;\"><strong>&nbsp;permitimos tambi\u00e9n celebrar el<\/strong><\/p>\n<p style=\"text-align: center;\"><strong>?&nbsp;<a href=\"http:\/\/www.galiciamaxica.eu\/mini\/samaween\/\">SAMAWEEN?<\/a>&nbsp;o ?EL D\u00cdA DE TODOS LOS SANTOS?<\/strong><\/p>\n<p style=\"text-align: center;\"><img loading=\"lazy\" decoding=\"async\" class=\"aligncenter\" src=\"https:\/\/galiciamaxica.eu\/mini\/wp-content\/uploads\/2019\/10\/sad.gif\" alt=\"\" width=\"426\" height=\"426\"><\/p>\n<p style=\"text-align: center;\"><strong><em>si es lo que quieres,<\/em><\/strong><\/p>\n<p style=\"text-align: center;\"><strong><em> HAZLO<\/em><\/strong><\/p>\n<p style=\"text-align: center;\"><strong><em>PERO QUE SEPAS QUE YO NO TE LLEVO&nbsp;<\/em><\/strong><\/p>\n<p style=\"text-align: center;\"><strong><em><img loading=\"lazy\" decoding=\"async\" class=\"aligncenter\" src=\"https:\/\/galiciamaxica.eu\/mini\/wp-content\/uploads\/2019\/10\/tumblr_mhwr2bLgr21rv5hpwo1_400.gif\" alt=\"\" width=\"400\" height=\"225\"><\/em><\/strong><\/p>\n","protected":false},"excerpt":{"rendered":"<p>Ahora que todos los ni\u00f1os se han puesto un poco locos con el Halloween y que desde concellos en Galicia se est\u00e1 intentando hacer m\u00e1s nuestra esta fiesta, &nbsp;aqu\u00ed va mi peque\u00f1o granito de arena y es que, por aqu\u00ed,&nbsp;somos m\u00e1s de SAMA\u00cdN. Claro que es divertido el&nbsp;Halloween pero el Sama\u00edn lo es a\u00fan m\u00e1s. [&hellip;]<\/p>\n","protected":false},"author":1,"featured_media":1584,"comment_status":"open","ping_status":"open","sticky":false,"template":"","format":"standard","meta":{"_eb_attr":"","site-sidebar-layout":"default","site-content-layout":"","ast-site-content-layout":"","site-content-style":"default","site-sidebar-style":"default","ast-global-header-display":"","ast-banner-title-visibility":"","ast-main-header-display":"","ast-hfb-above-header-display":"","ast-hfb-below-header-display":"","ast-hfb-mobile-header-display":"","site-post-title":"","ast-breadcrumbs-content":"","ast-featured-img":"","footer-sml-layout":"","theme-transparent-header-meta":"","adv-header-id-meta":"","stick-header-meta":"","header-above-stick-meta":"","header-main-stick-meta":"","header-below-stick-meta":"","astra-migrate-meta-layouts":"default","ast-page-background-enabled":"default","ast-page-background-meta":{"desktop":{"background-color":"","background-image":"","background-repeat":"repeat","background-position":"center center","background-size":"auto","background-attachment":"scroll","background-type":"","background-media":"","overlay-type":"","overlay-color":"","overlay-opacity":"","overlay-gradient":""},"tablet":{"background-color":"","background-image":"","background-repeat":"repeat","background-position":"center center","background-size":"auto","background-attachment":"scroll","background-type":"","background-media":"","overlay-type":"","overlay-color":"","overlay-opacity":"","overlay-gradient":""},"mobile":{"background-color":"","background-image":"","background-repeat":"repeat","background-position":"center center","background-size":"auto","background-attachment":"scroll","background-type":"","background-media":"","overlay-type":"","overlay-color":"","overlay-opacity":"","overlay-gradient":""}},"ast-content-background-meta":{"desktop":{"background-color":"var(--ast-global-color-5)","background-image":"","background-repeat":"repeat","background-position":"center center","background-size":"auto","background-attachment":"scroll","background-type":"","background-media":"","overlay-type":"","overlay-color":"","overlay-opacity":"","overlay-gradient":""},"tablet":{"background-color":"var(--ast-global-color-5)","background-image":"","background-repeat":"repeat","background-position":"center center","background-size":"auto","background-attachment":"scroll","background-type":"","background-media":"","overlay-type":"","overlay-color":"","overlay-opacity":"","overlay-gradient":""},"mobile":{"background-color":"var(--ast-global-color-5)","background-image":"","background-repeat":"repeat","background-position":"center center","background-size":"auto","background-attachment":"scroll","background-type":"","background-media":"","overlay-type":"","overlay-color":"","overlay-opacity":"","overlay-gradient":""}},"footnotes":""},"categories":[1],"tags":[349,348,343],"class_list":["post-1582","post","type-post","status-publish","format-standard","has-post-thumbnail","hentry","category-familia","tag-halloween","tag-samain","tag-samaween"],"yoast_head":"<!-- This site is optimized with the Yoast SEO plugin v24.9 - https:\/\/yoast.com\/wordpress\/plugins\/seo\/ -->\n<title>EL SAMA\u00cdN - Galicia con ni\u00f1os | GALICIA M\u00c1XICA<\/title>\n<meta name=\"description\" content=\"EL SAMA\u00cdN\" \/>\n<meta name=\"robots\" content=\"index, follow, max-snippet:-1, max-image-preview:large, max-video-preview:-1\" \/>\n<link rel=\"canonical\" href=\"https:\/\/www.galiciamaxica.eu\/mini\/el-samain\/\" \/>\n<meta property=\"og:locale\" content=\"es_ES\" \/>\n<meta property=\"og:type\" content=\"article\" \/>\n<meta property=\"og:title\" content=\"EL SAMA\u00cdN - Galicia con ni\u00f1os | GALICIA M\u00c1XICA\" \/>\n<meta property=\"og:description\" content=\"EL SAMA\u00cdN\" \/>\n<meta property=\"og:url\" content=\"https:\/\/www.galiciamaxica.eu\/mini\/el-samain\/\" \/>\n<meta property=\"og:site_name\" content=\"Galicia con ni\u00f1os | GALICIA M\u00c1XICA\" \/>\n<meta property=\"article:publisher\" content=\"https:\/\/www.facebook.com\/maria.rodriguezserantes\" \/>\n<meta property=\"article:author\" content=\"https:\/\/www.facebook.com\/maria.rodriguezserantes\" \/>\n<meta property=\"article:published_time\" content=\"2015-10-29T14:29:44+00:00\" \/>\n<meta property=\"article:modified_time\" content=\"2024-08-13T16:41:43+00:00\" \/>\n<meta property=\"og:image\" content=\"https:\/\/www.galiciamaxica.eu\/mini\/wp-content\/uploads\/2015\/10\/gif-forest-ghosts-948195.gif\" \/>\n\t<meta property=\"og:image:width\" content=\"426\" \/>\n\t<meta property=\"og:image:height\" content=\"240\" \/>\n\t<meta property=\"og:image:type\" content=\"image\/gif\" \/>\n<meta name=\"author\" content=\"seseixa\" \/>\n<meta name=\"twitter:card\" content=\"summary_large_image\" \/>\n<meta name=\"twitter:creator\" content=\"@seseixa\" \/>\n<meta name=\"twitter:site\" content=\"@seseixa\" \/>\n<meta name=\"twitter:label1\" content=\"Escrito por\" \/>\n\t<meta name=\"twitter:data1\" content=\"seseixa\" \/>\n\t<meta name=\"twitter:label2\" content=\"Tiempo de lectura\" \/>\n\t<meta name=\"twitter:data2\" content=\"4 minutos\" \/>\n<script type=\"application\/ld+json\" class=\"yoast-schema-graph\">{\"@context\":\"https:\/\/schema.org\",\"@graph\":[{\"@type\":\"Article\",\"@id\":\"https:\/\/www.galiciamaxica.eu\/mini\/el-samain\/#article\",\"isPartOf\":{\"@id\":\"https:\/\/www.galiciamaxica.eu\/mini\/el-samain\/\"},\"author\":{\"name\":\"seseixa\",\"@id\":\"https:\/\/www.galiciamaxica.eu\/mini\/#\/schema\/person\/2b284fe2fd911000a48d2e8936300179\"},\"headline\":\"EL SAMA\u00cdN\",\"datePublished\":\"2015-10-29T14:29:44+00:00\",\"dateModified\":\"2024-08-13T16:41:43+00:00\",\"mainEntityOfPage\":{\"@id\":\"https:\/\/www.galiciamaxica.eu\/mini\/el-samain\/\"},\"wordCount\":502,\"commentCount\":0,\"publisher\":{\"@id\":\"https:\/\/www.galiciamaxica.eu\/mini\/#\/schema\/person\/2b284fe2fd911000a48d2e8936300179\"},\"image\":{\"@id\":\"https:\/\/www.galiciamaxica.eu\/mini\/el-samain\/#primaryimage\"},\"thumbnailUrl\":\"https:\/\/www.galiciamaxica.eu\/mini\/wp-content\/uploads\/2015\/10\/gif-forest-ghosts-948195.gif\",\"keywords\":[\"halloween\",\"samain\",\"SAMAWEEN\"],\"articleSection\":[\"FAMILIA\"],\"inLanguage\":\"es\",\"potentialAction\":[{\"@type\":\"CommentAction\",\"name\":\"Comment\",\"target\":[\"https:\/\/www.galiciamaxica.eu\/mini\/el-samain\/#respond\"]}]},{\"@type\":\"WebPage\",\"@id\":\"https:\/\/www.galiciamaxica.eu\/mini\/el-samain\/\",\"url\":\"https:\/\/www.galiciamaxica.eu\/mini\/el-samain\/\",\"name\":\"EL SAMA\u00cdN - Galicia con ni\u00f1os | GALICIA M\u00c1XICA\",\"isPartOf\":{\"@id\":\"https:\/\/www.galiciamaxica.eu\/mini\/#website\"},\"primaryImageOfPage\":{\"@id\":\"https:\/\/www.galiciamaxica.eu\/mini\/el-samain\/#primaryimage\"},\"image\":{\"@id\":\"https:\/\/www.galiciamaxica.eu\/mini\/el-samain\/#primaryimage\"},\"thumbnailUrl\":\"https:\/\/www.galiciamaxica.eu\/mini\/wp-content\/uploads\/2015\/10\/gif-forest-ghosts-948195.gif\",\"datePublished\":\"2015-10-29T14:29:44+00:00\",\"dateModified\":\"2024-08-13T16:41:43+00:00\",\"description\":\"EL SAMA\u00cdN\",\"breadcrumb\":{\"@id\":\"https:\/\/www.galiciamaxica.eu\/mini\/el-samain\/#breadcrumb\"},\"inLanguage\":\"es\",\"potentialAction\":[{\"@type\":\"ReadAction\",\"target\":[\"https:\/\/www.galiciamaxica.eu\/mini\/el-samain\/\"]}]},{\"@type\":\"ImageObject\",\"inLanguage\":\"es\",\"@id\":\"https:\/\/www.galiciamaxica.eu\/mini\/el-samain\/#primaryimage\",\"url\":\"https:\/\/www.galiciamaxica.eu\/mini\/wp-content\/uploads\/2015\/10\/gif-forest-ghosts-948195.gif\",\"contentUrl\":\"https:\/\/www.galiciamaxica.eu\/mini\/wp-content\/uploads\/2015\/10\/gif-forest-ghosts-948195.gif\",\"width\":426,\"height\":240,\"caption\":\"gif-forest-ghosts-948195\"},{\"@type\":\"BreadcrumbList\",\"@id\":\"https:\/\/www.galiciamaxica.eu\/mini\/el-samain\/#breadcrumb\",\"itemListElement\":[{\"@type\":\"ListItem\",\"position\":1,\"name\":\"Portada\",\"item\":\"https:\/\/www.galiciamaxica.eu\/mini\/\"},{\"@type\":\"ListItem\",\"position\":2,\"name\":\"EL SAMA\u00cdN\"}]},{\"@type\":\"WebSite\",\"@id\":\"https:\/\/www.galiciamaxica.eu\/mini\/#website\",\"url\":\"https:\/\/www.galiciamaxica.eu\/mini\/\",\"name\":\"Galicia con ni\u00f1os | GALICIA M\u00c1XICA\",\"description\":\"Qu\u00e9 hacer con ni\u00f1os en Galicia\",\"publisher\":{\"@id\":\"https:\/\/www.galiciamaxica.eu\/mini\/#\/schema\/person\/2b284fe2fd911000a48d2e8936300179\"},\"potentialAction\":[{\"@type\":\"SearchAction\",\"target\":{\"@type\":\"EntryPoint\",\"urlTemplate\":\"https:\/\/www.galiciamaxica.eu\/mini\/?s={search_term_string}\"},\"query-input\":{\"@type\":\"PropertyValueSpecification\",\"valueRequired\":true,\"valueName\":\"search_term_string\"}}],\"inLanguage\":\"es\"},{\"@type\":[\"Person\",\"Organization\"],\"@id\":\"https:\/\/www.galiciamaxica.eu\/mini\/#\/schema\/person\/2b284fe2fd911000a48d2e8936300179\",\"name\":\"seseixa\",\"image\":{\"@type\":\"ImageObject\",\"inLanguage\":\"es\",\"@id\":\"https:\/\/www.galiciamaxica.eu\/mini\/#\/schema\/person\/image\/\",\"url\":\"https:\/\/www.galiciamaxica.eu\/mini\/wp-content\/uploads\/2019\/02\/seseixa.png\",\"contentUrl\":\"https:\/\/www.galiciamaxica.eu\/mini\/wp-content\/uploads\/2019\/02\/seseixa.png\",\"width\":100,\"height\":100,\"caption\":\"seseixa\"},\"logo\":{\"@id\":\"https:\/\/www.galiciamaxica.eu\/mini\/#\/schema\/person\/image\/\"},\"description\":\"En la actualidad combinando dos proyectos que me apasionan, Galicia y los ni\u00f1os. Tengo mucho que aportar y otro tanto que aprender, as\u00ed como, el tiempo y el coraz\u00f3n, dividido en todo momento. Soy mam\u00e1, un titulo otorgado a tiempo completo, compa\u00f1era y amiga, a todas horas, familiar y cercana, siempre. De esp\u00edritu inquieto, soy una eterna ni\u00f1a que juega en el pa\u00eds de las maravillas. Una enamorada de mi tierra, por la que trabajo sin descanso. Creo en la infancia como motor que cambiar\u00e1 el mundo a mejor y busco en mi vida la felicidad como estado permanente porque s\u00f3lo se vive una vez.\",\"sameAs\":[\"http:\/\/mini.galiciamaxica.eu\/\",\"https:\/\/www.facebook.com\/maria.rodriguezserantes\",\"https:\/\/x.com\/seseixa\"],\"url\":\"https:\/\/www.galiciamaxica.eu\/mini\/author\/seseixa\/\"}]}<\/script>\n<!-- \/ Yoast SEO plugin. -->","yoast_head_json":{"title":"EL SAMA\u00cdN - Galicia con ni\u00f1os | GALICIA M\u00c1XICA","description":"EL SAMA\u00cdN","robots":{"index":"index","follow":"follow","max-snippet":"max-snippet:-1","max-image-preview":"max-image-preview:large","max-video-preview":"max-video-preview:-1"},"canonical":"https:\/\/www.galiciamaxica.eu\/mini\/el-samain\/","og_locale":"es_ES","og_type":"article","og_title":"EL SAMA\u00cdN - Galicia con ni\u00f1os | GALICIA M\u00c1XICA","og_description":"EL SAMA\u00cdN","og_url":"https:\/\/www.galiciamaxica.eu\/mini\/el-samain\/","og_site_name":"Galicia con ni\u00f1os | GALICIA M\u00c1XICA","article_publisher":"https:\/\/www.facebook.com\/maria.rodriguezserantes","article_author":"https:\/\/www.facebook.com\/maria.rodriguezserantes","article_published_time":"2015-10-29T14:29:44+00:00","article_modified_time":"2024-08-13T16:41:43+00:00","og_image":[{"url":"https:\/\/www.galiciamaxica.eu\/mini\/wp-content\/uploads\/2015\/10\/gif-forest-ghosts-948195.gif","width":426,"height":240,"type":"image\/gif"}],"author":"seseixa","twitter_card":"summary_large_image","twitter_creator":"@seseixa","twitter_site":"@seseixa","twitter_misc":{"Escrito por":"seseixa","Tiempo de lectura":"4 minutos"},"schema":{"@context":"https:\/\/schema.org","@graph":[{"@type":"Article","@id":"https:\/\/www.galiciamaxica.eu\/mini\/el-samain\/#article","isPartOf":{"@id":"https:\/\/www.galiciamaxica.eu\/mini\/el-samain\/"},"author":{"name":"seseixa","@id":"https:\/\/www.galiciamaxica.eu\/mini\/#\/schema\/person\/2b284fe2fd911000a48d2e8936300179"},"headline":"EL SAMA\u00cdN","datePublished":"2015-10-29T14:29:44+00:00","dateModified":"2024-08-13T16:41:43+00:00","mainEntityOfPage":{"@id":"https:\/\/www.galiciamaxica.eu\/mini\/el-samain\/"},"wordCount":502,"commentCount":0,"publisher":{"@id":"https:\/\/www.galiciamaxica.eu\/mini\/#\/schema\/person\/2b284fe2fd911000a48d2e8936300179"},"image":{"@id":"https:\/\/www.galiciamaxica.eu\/mini\/el-samain\/#primaryimage"},"thumbnailUrl":"https:\/\/www.galiciamaxica.eu\/mini\/wp-content\/uploads\/2015\/10\/gif-forest-ghosts-948195.gif","keywords":["halloween","samain","SAMAWEEN"],"articleSection":["FAMILIA"],"inLanguage":"es","potentialAction":[{"@type":"CommentAction","name":"Comment","target":["https:\/\/www.galiciamaxica.eu\/mini\/el-samain\/#respond"]}]},{"@type":"WebPage","@id":"https:\/\/www.galiciamaxica.eu\/mini\/el-samain\/","url":"https:\/\/www.galiciamaxica.eu\/mini\/el-samain\/","name":"EL SAMA\u00cdN - Galicia con ni\u00f1os | GALICIA M\u00c1XICA","isPartOf":{"@id":"https:\/\/www.galiciamaxica.eu\/mini\/#website"},"primaryImageOfPage":{"@id":"https:\/\/www.galiciamaxica.eu\/mini\/el-samain\/#primaryimage"},"image":{"@id":"https:\/\/www.galiciamaxica.eu\/mini\/el-samain\/#primaryimage"},"thumbnailUrl":"https:\/\/www.galiciamaxica.eu\/mini\/wp-content\/uploads\/2015\/10\/gif-forest-ghosts-948195.gif","datePublished":"2015-10-29T14:29:44+00:00","dateModified":"2024-08-13T16:41:43+00:00","description":"EL SAMA\u00cdN","breadcrumb":{"@id":"https:\/\/www.galiciamaxica.eu\/mini\/el-samain\/#breadcrumb"},"inLanguage":"es","potentialAction":[{"@type":"ReadAction","target":["https:\/\/www.galiciamaxica.eu\/mini\/el-samain\/"]}]},{"@type":"ImageObject","inLanguage":"es","@id":"https:\/\/www.galiciamaxica.eu\/mini\/el-samain\/#primaryimage","url":"https:\/\/www.galiciamaxica.eu\/mini\/wp-content\/uploads\/2015\/10\/gif-forest-ghosts-948195.gif","contentUrl":"https:\/\/www.galiciamaxica.eu\/mini\/wp-content\/uploads\/2015\/10\/gif-forest-ghosts-948195.gif","width":426,"height":240,"caption":"gif-forest-ghosts-948195"},{"@type":"BreadcrumbList","@id":"https:\/\/www.galiciamaxica.eu\/mini\/el-samain\/#breadcrumb","itemListElement":[{"@type":"ListItem","position":1,"name":"Portada","item":"https:\/\/www.galiciamaxica.eu\/mini\/"},{"@type":"ListItem","position":2,"name":"EL SAMA\u00cdN"}]},{"@type":"WebSite","@id":"https:\/\/www.galiciamaxica.eu\/mini\/#website","url":"https:\/\/www.galiciamaxica.eu\/mini\/","name":"Galicia con ni\u00f1os | GALICIA M\u00c1XICA","description":"Qu\u00e9 hacer con ni\u00f1os en Galicia","publisher":{"@id":"https:\/\/www.galiciamaxica.eu\/mini\/#\/schema\/person\/2b284fe2fd911000a48d2e8936300179"},"potentialAction":[{"@type":"SearchAction","target":{"@type":"EntryPoint","urlTemplate":"https:\/\/www.galiciamaxica.eu\/mini\/?s={search_term_string}"},"query-input":{"@type":"PropertyValueSpecification","valueRequired":true,"valueName":"search_term_string"}}],"inLanguage":"es"},{"@type":["Person","Organization"],"@id":"https:\/\/www.galiciamaxica.eu\/mini\/#\/schema\/person\/2b284fe2fd911000a48d2e8936300179","name":"seseixa","image":{"@type":"ImageObject","inLanguage":"es","@id":"https:\/\/www.galiciamaxica.eu\/mini\/#\/schema\/person\/image\/","url":"https:\/\/www.galiciamaxica.eu\/mini\/wp-content\/uploads\/2019\/02\/seseixa.png","contentUrl":"https:\/\/www.galiciamaxica.eu\/mini\/wp-content\/uploads\/2019\/02\/seseixa.png","width":100,"height":100,"caption":"seseixa"},"logo":{"@id":"https:\/\/www.galiciamaxica.eu\/mini\/#\/schema\/person\/image\/"},"description":"En la actualidad combinando dos proyectos que me apasionan, Galicia y los ni\u00f1os. Tengo mucho que aportar y otro tanto que aprender, as\u00ed como, el tiempo y el coraz\u00f3n, dividido en todo momento. Soy mam\u00e1, un titulo otorgado a tiempo completo, compa\u00f1era y amiga, a todas horas, familiar y cercana, siempre. De esp\u00edritu inquieto, soy una eterna ni\u00f1a que juega en el pa\u00eds de las maravillas. Una enamorada de mi tierra, por la que trabajo sin descanso. Creo en la infancia como motor que cambiar\u00e1 el mundo a mejor y busco en mi vida la felicidad como estado permanente porque s\u00f3lo se vive una vez.","sameAs":["http:\/\/mini.galiciamaxica.eu\/","https:\/\/www.facebook.com\/maria.rodriguezserantes","https:\/\/x.com\/seseixa"],"url":"https:\/\/www.galiciamaxica.eu\/mini\/author\/seseixa\/"}]}},"amp_enabled":true,"post_mailing_queue_ids":[],"_links":{"self":[{"href":"https:\/\/www.galiciamaxica.eu\/mini\/wp-json\/wp\/v2\/posts\/1582"}],"collection":[{"href":"https:\/\/www.galiciamaxica.eu\/mini\/wp-json\/wp\/v2\/posts"}],"about":[{"href":"https:\/\/www.galiciamaxica.eu\/mini\/wp-json\/wp\/v2\/types\/post"}],"author":[{"embeddable":true,"href":"https:\/\/www.galiciamaxica.eu\/mini\/wp-json\/wp\/v2\/users\/1"}],"replies":[{"embeddable":true,"href":"https:\/\/www.galiciamaxica.eu\/mini\/wp-json\/wp\/v2\/comments?post=1582"}],"version-history":[{"count":4,"href":"https:\/\/www.galiciamaxica.eu\/mini\/wp-json\/wp\/v2\/posts\/1582\/revisions"}],"predecessor-version":[{"id":21940,"href":"https:\/\/www.galiciamaxica.eu\/mini\/wp-json\/wp\/v2\/posts\/1582\/revisions\/21940"}],"wp:featuredmedia":[{"embeddable":true,"href":"https:\/\/www.galiciamaxica.eu\/mini\/wp-json\/wp\/v2\/media\/1584"}],"wp:attachment":[{"href":"https:\/\/www.galiciamaxica.eu\/mini\/wp-json\/wp\/v2\/media?parent=1582"}],"wp:term":[{"taxonomy":"category","embeddable":true,"href":"https:\/\/www.galiciamaxica.eu\/mini\/wp-json\/wp\/v2\/categories?post=1582"},{"taxonomy":"post_tag","embeddable":true,"href":"https:\/\/www.galiciamaxica.eu\/mini\/wp-json\/wp\/v2\/tags?post=1582"}],"curies":[{"name":"wp","href":"https:\/\/api.w.org\/{rel}","templated":true}]}}