{"id":1478,"date":"2015-10-16T17:59:35","date_gmt":"2015-10-16T17:59:35","guid":{"rendered":"http:\/\/www.galiciamaxica.eu\/mini\/?p=1478"},"modified":"2023-03-18T18:53:31","modified_gmt":"2023-03-18T17:53:31","slug":"no-esperes-y-dejales-ser","status":"publish","type":"post","link":"https:\/\/www.galiciamaxica.eu\/mini\/no-esperes-y-dejales-ser\/","title":{"rendered":"No Esperes y D\u00e9jales Ser"},"content":{"rendered":"<p>Con los ni\u00f1@s como dir\u00eda mi amiga Roc\u00edo\u00a0pasa como con los coches: los hay acelerados, super tranquilos y todo lo contrario. Ojal\u00e1 todos fueran un MAZDA \ud83d\ude09 bueno bromas y coches a parte, lo que hay que tener claro, es que cada ni\u00f1o es un mundo y quiero decir con esto que cada uno tiene su propio crecimiento, su car\u00e1cter y su forma de atajar los problemas.<\/p>\n<p style=\"text-align: center;\">Todos son peque\u00f1os genios, todos son especiales y todos requieren su momento de gloria<\/p>\n<p style=\"text-align: center;\">y cuando llega, cel\u00e9bralo con ellos y saborea su victoria,<\/p>\n<p style=\"text-align: center;\">y si falla o no lo consigue, no pasa nada,<\/p>\n<p style=\"text-align: center;\">hazle entender que no siempre nos salen las cosas a la primera, a veces,<\/p>\n<p style=\"text-align: center;\">ni a la segunda, ni tercera\u2026. hay que saber tambi\u00e9n encajar los fracasos, es important\u00edsimo.<\/p>\n<p style=\"text-align: center;\"><strong>EL TRUCO:<em> seguir adelante, continuar intent\u00e1ndolo y esforzarte<\/em><\/strong><\/p>\n<p style=\"text-align: center;\">No hay palabras m\u00e1gicas, ni victorias sin trabajo<\/p>\n<p style=\"text-align: center;\">s\u00f3lo has de tener claro<\/p>\n<p style=\"text-align: center;\">que ya saldr\u00e1, ya lo conseguiremos<\/p>\n<p style=\"text-align: center;\">\u00absi quieres, puedes\u00bb<\/p>\n<p style=\"text-align: center;\">\n<p style=\"text-align: center;\"><strong>\u00a0LA MAGIA &#8211;\u00a0EL INTENTARLO<\/strong><\/p>\n<p style=\"text-align: center;\"><iframe src=\"https:\/\/www.youtube.com\/embed\/HQu9z1Q5k8g\" width=\"853\" height=\"480\" frameborder=\"0\" allowfullscreen=\"allowfullscreen\"><\/iframe><\/p>\n<p style=\"text-align: center;\">Estas personitas van haciendo nuestro mundo mucho mejor y me preguntar\u00e1s qu\u00e9 \u00bfpor qu\u00e9?<\/p>\n<p style=\"text-align: center;\">pues sencillo porque d\u00eda tras d\u00eda lo llenan todo con\u00a0su simple presencia, un regalazo.<\/p>\n<p style=\"text-align: center;\">Y aunque se pongan pesados, enrabietados, enfadados o caprichosos,\u00a0en eso consiste crecer,<\/p>\n<p style=\"text-align: center;\"><strong>NO ESPERES<\/strong><\/p>\n<p style=\"text-align: center;\">a que les pasen las rabietas, aprende a manejarlas sin que ellas te manejen a ti,<\/p>\n<p style=\"text-align: center;\">no intentes reprochar sus caprichos, hazles entender porque no han de ser caprichosos,<\/p>\n<p style=\"text-align: center;\">quiz\u00e1s si se ponen pesados lo mejor es tomarse un tiempo muerto y hacerles ver\u00a0que no todo gira en torno a ellos<\/p>\n<p style=\"text-align: center;\">Nosotros tambi\u00e9n necesitamos nuestro espacio y tiempo y eso no significa ser malos padres.<\/p>\n<p style=\"text-align: center;\"><strong>Crecer significa que a veces hay que bajarse de las nubes y que chapotear no siempre es siempre divertido.<\/strong><\/p>\n<p style=\"text-align: center;\">No esperes a que pasen las cosas, disfr\u00fatalas, suena a masoquismo pero pronto te dar\u00e1s cuenta de que<\/p>\n<p style=\"text-align: center;\">ya anda y que no tienes chepa,<\/p>\n<p style=\"text-align: center;\">que\u00a0 las rabietas han desaparecido y todo est\u00e1 en calma,<\/p>\n<p style=\"text-align: center;\">que ya no se enfada ahora se calla y busca su espacio<\/p>\n<p style=\"text-align: center;\">y que sus caprichos son verte feliz<\/p>\n<p style=\"text-align: center;\">, as\u00ed que,<strong> RESPIRA<\/strong>,<\/p>\n<p style=\"text-align: center;\">nadie tiene el manual para pap\u00e1s<\/p>\n<p style=\"text-align: center;\">y que sepas que ning\u00fan ni\u00f1@ cuando nace viene con libro de instrucciones,<\/p>\n<p style=\"text-align: center;\">ser padres es un instinto que nos brota del coraz\u00f3n.<\/p>\n<p style=\"text-align: center;\">S\u00f3lo un consejo,: no eres t\u00fa en peque\u00f1o, ni se parece a este o a otro ni\u00f1@<\/p>\n<p style=\"text-align: center;\"><em><strong>RESPETA su YO<\/strong> <\/em><\/p>\n<p style=\"text-align: center;\"><em>es lo m\u00e1s bonito de verlos crecer<\/em><\/p>\n<p style=\"text-align: center;\">\n","protected":false},"excerpt":{"rendered":"<p>Con los ni\u00f1@s como dir\u00eda mi amiga Roc\u00edo\u00a0pasa como con los coches: los hay acelerados, super tranquilos y todo lo contrario. Ojal\u00e1 todos fueran un MAZDA \ud83d\ude09 bueno bromas y coches a parte, lo que hay que tener claro, es que cada ni\u00f1o es un mundo y quiero decir con esto que cada uno tiene [&hellip;]<\/p>\n","protected":false},"author":1,"featured_media":1486,"comment_status":"open","ping_status":"open","sticky":false,"template":"","format":"standard","meta":{"_eb_attr":"","site-sidebar-layout":"default","site-content-layout":"","ast-site-content-layout":"","site-content-style":"default","site-sidebar-style":"default","ast-global-header-display":"","ast-banner-title-visibility":"","ast-main-header-display":"","ast-hfb-above-header-display":"","ast-hfb-below-header-display":"","ast-hfb-mobile-header-display":"","site-post-title":"","ast-breadcrumbs-content":"","ast-featured-img":"","footer-sml-layout":"","theme-transparent-header-meta":"","adv-header-id-meta":"","stick-header-meta":"","header-above-stick-meta":"","header-main-stick-meta":"","header-below-stick-meta":"","astra-migrate-meta-layouts":"default","ast-page-background-enabled":"default","ast-page-background-meta":{"desktop":{"background-color":"","background-image":"","background-repeat":"repeat","background-position":"center center","background-size":"auto","background-attachment":"scroll","background-type":"","background-media":"","overlay-type":"","overlay-color":"","overlay-opacity":"","overlay-gradient":""},"tablet":{"background-color":"","background-image":"","background-repeat":"repeat","background-position":"center center","background-size":"auto","background-attachment":"scroll","background-type":"","background-media":"","overlay-type":"","overlay-color":"","overlay-opacity":"","overlay-gradient":""},"mobile":{"background-color":"","background-image":"","background-repeat":"repeat","background-position":"center center","background-size":"auto","background-attachment":"scroll","background-type":"","background-media":"","overlay-type":"","overlay-color":"","overlay-opacity":"","overlay-gradient":""}},"ast-content-background-meta":{"desktop":{"background-color":"var(--ast-global-color-5)","background-image":"","background-repeat":"repeat","background-position":"center center","background-size":"auto","background-attachment":"scroll","background-type":"","background-media":"","overlay-type":"","overlay-color":"","overlay-opacity":"","overlay-gradient":""},"tablet":{"background-color":"var(--ast-global-color-5)","background-image":"","background-repeat":"repeat","background-position":"center center","background-size":"auto","background-attachment":"scroll","background-type":"","background-media":"","overlay-type":"","overlay-color":"","overlay-opacity":"","overlay-gradient":""},"mobile":{"background-color":"var(--ast-global-color-5)","background-image":"","background-repeat":"repeat","background-position":"center center","background-size":"auto","background-attachment":"scroll","background-type":"","background-media":"","overlay-type":"","overlay-color":"","overlay-opacity":"","overlay-gradient":""}},"footnotes":""},"categories":[1],"tags":[330,329],"class_list":["post-1478","post","type-post","status-publish","format-standard","has-post-thumbnail","hentry","category-familia","tag-personalidad","tag-respeto"],"yoast_head":"<!-- This site is optimized with the Yoast SEO plugin v24.9 - https:\/\/yoast.com\/wordpress\/plugins\/seo\/ -->\n<title>No Esperes y D\u00e9jales Ser - Galicia con ni\u00f1os | GALICIA M\u00c1XICA<\/title>\n<meta name=\"description\" content=\"Educar\" \/>\n<meta name=\"robots\" content=\"index, follow, max-snippet:-1, max-image-preview:large, max-video-preview:-1\" \/>\n<link rel=\"canonical\" href=\"https:\/\/www.galiciamaxica.eu\/mini\/no-esperes-y-dejales-ser\/\" \/>\n<meta property=\"og:locale\" content=\"es_ES\" \/>\n<meta property=\"og:type\" content=\"article\" \/>\n<meta property=\"og:title\" content=\"No Esperes y D\u00e9jales Ser - Galicia con ni\u00f1os | GALICIA M\u00c1XICA\" \/>\n<meta property=\"og:description\" content=\"Educar\" \/>\n<meta property=\"og:url\" content=\"https:\/\/www.galiciamaxica.eu\/mini\/no-esperes-y-dejales-ser\/\" \/>\n<meta property=\"og:site_name\" content=\"Galicia con ni\u00f1os | GALICIA M\u00c1XICA\" \/>\n<meta property=\"article:publisher\" content=\"https:\/\/www.facebook.com\/maria.rodriguezserantes\" \/>\n<meta property=\"article:author\" content=\"https:\/\/www.facebook.com\/maria.rodriguezserantes\" \/>\n<meta property=\"article:published_time\" content=\"2015-10-16T17:59:35+00:00\" \/>\n<meta property=\"article:modified_time\" content=\"2023-03-18T17:53:31+00:00\" \/>\n<meta property=\"og:image\" content=\"https:\/\/www.galiciamaxica.eu\/mini\/wp-content\/uploads\/2015\/10\/doscolores_28.jpg\" \/>\n\t<meta property=\"og:image:width\" content=\"768\" \/>\n\t<meta property=\"og:image:height\" content=\"768\" \/>\n\t<meta property=\"og:image:type\" content=\"image\/jpeg\" \/>\n<meta name=\"author\" content=\"seseixa\" \/>\n<meta name=\"twitter:card\" content=\"summary_large_image\" \/>\n<meta name=\"twitter:creator\" content=\"@seseixa\" \/>\n<meta name=\"twitter:site\" content=\"@seseixa\" \/>\n<meta name=\"twitter:label1\" content=\"Escrito por\" \/>\n\t<meta name=\"twitter:data1\" content=\"seseixa\" \/>\n\t<meta name=\"twitter:label2\" content=\"Tiempo de lectura\" \/>\n\t<meta name=\"twitter:data2\" content=\"2 minutos\" \/>\n<script type=\"application\/ld+json\" class=\"yoast-schema-graph\">{\"@context\":\"https:\/\/schema.org\",\"@graph\":[{\"@type\":\"Article\",\"@id\":\"https:\/\/www.galiciamaxica.eu\/mini\/no-esperes-y-dejales-ser\/#article\",\"isPartOf\":{\"@id\":\"https:\/\/www.galiciamaxica.eu\/mini\/no-esperes-y-dejales-ser\/\"},\"author\":{\"name\":\"seseixa\",\"@id\":\"https:\/\/www.galiciamaxica.eu\/mini\/#\/schema\/person\/2b284fe2fd911000a48d2e8936300179\"},\"headline\":\"No Esperes y D\u00e9jales Ser\",\"datePublished\":\"2015-10-16T17:59:35+00:00\",\"dateModified\":\"2023-03-18T17:53:31+00:00\",\"mainEntityOfPage\":{\"@id\":\"https:\/\/www.galiciamaxica.eu\/mini\/no-esperes-y-dejales-ser\/\"},\"wordCount\":438,\"commentCount\":0,\"publisher\":{\"@id\":\"https:\/\/www.galiciamaxica.eu\/mini\/#\/schema\/person\/2b284fe2fd911000a48d2e8936300179\"},\"image\":{\"@id\":\"https:\/\/www.galiciamaxica.eu\/mini\/no-esperes-y-dejales-ser\/#primaryimage\"},\"thumbnailUrl\":\"https:\/\/www.galiciamaxica.eu\/mini\/wp-content\/uploads\/2015\/10\/doscolores_28.jpg\",\"keywords\":[\"PERSONALIDAD\",\"respeto\"],\"articleSection\":[\"FAMILIA\"],\"inLanguage\":\"es\",\"potentialAction\":[{\"@type\":\"CommentAction\",\"name\":\"Comment\",\"target\":[\"https:\/\/www.galiciamaxica.eu\/mini\/no-esperes-y-dejales-ser\/#respond\"]}]},{\"@type\":\"WebPage\",\"@id\":\"https:\/\/www.galiciamaxica.eu\/mini\/no-esperes-y-dejales-ser\/\",\"url\":\"https:\/\/www.galiciamaxica.eu\/mini\/no-esperes-y-dejales-ser\/\",\"name\":\"No Esperes y D\u00e9jales Ser - Galicia con ni\u00f1os | GALICIA M\u00c1XICA\",\"isPartOf\":{\"@id\":\"https:\/\/www.galiciamaxica.eu\/mini\/#website\"},\"primaryImageOfPage\":{\"@id\":\"https:\/\/www.galiciamaxica.eu\/mini\/no-esperes-y-dejales-ser\/#primaryimage\"},\"image\":{\"@id\":\"https:\/\/www.galiciamaxica.eu\/mini\/no-esperes-y-dejales-ser\/#primaryimage\"},\"thumbnailUrl\":\"https:\/\/www.galiciamaxica.eu\/mini\/wp-content\/uploads\/2015\/10\/doscolores_28.jpg\",\"datePublished\":\"2015-10-16T17:59:35+00:00\",\"dateModified\":\"2023-03-18T17:53:31+00:00\",\"description\":\"Educar\",\"breadcrumb\":{\"@id\":\"https:\/\/www.galiciamaxica.eu\/mini\/no-esperes-y-dejales-ser\/#breadcrumb\"},\"inLanguage\":\"es\",\"potentialAction\":[{\"@type\":\"ReadAction\",\"target\":[\"https:\/\/www.galiciamaxica.eu\/mini\/no-esperes-y-dejales-ser\/\"]}]},{\"@type\":\"ImageObject\",\"inLanguage\":\"es\",\"@id\":\"https:\/\/www.galiciamaxica.eu\/mini\/no-esperes-y-dejales-ser\/#primaryimage\",\"url\":\"https:\/\/www.galiciamaxica.eu\/mini\/wp-content\/uploads\/2015\/10\/doscolores_28.jpg\",\"contentUrl\":\"https:\/\/www.galiciamaxica.eu\/mini\/wp-content\/uploads\/2015\/10\/doscolores_28.jpg\",\"width\":768,\"height\":768},{\"@type\":\"BreadcrumbList\",\"@id\":\"https:\/\/www.galiciamaxica.eu\/mini\/no-esperes-y-dejales-ser\/#breadcrumb\",\"itemListElement\":[{\"@type\":\"ListItem\",\"position\":1,\"name\":\"Portada\",\"item\":\"https:\/\/www.galiciamaxica.eu\/mini\/\"},{\"@type\":\"ListItem\",\"position\":2,\"name\":\"No Esperes y D\u00e9jales Ser\"}]},{\"@type\":\"WebSite\",\"@id\":\"https:\/\/www.galiciamaxica.eu\/mini\/#website\",\"url\":\"https:\/\/www.galiciamaxica.eu\/mini\/\",\"name\":\"Galicia con ni\u00f1os | GALICIA M\u00c1XICA\",\"description\":\"Qu\u00e9 hacer con ni\u00f1os en Galicia\",\"publisher\":{\"@id\":\"https:\/\/www.galiciamaxica.eu\/mini\/#\/schema\/person\/2b284fe2fd911000a48d2e8936300179\"},\"potentialAction\":[{\"@type\":\"SearchAction\",\"target\":{\"@type\":\"EntryPoint\",\"urlTemplate\":\"https:\/\/www.galiciamaxica.eu\/mini\/?s={search_term_string}\"},\"query-input\":{\"@type\":\"PropertyValueSpecification\",\"valueRequired\":true,\"valueName\":\"search_term_string\"}}],\"inLanguage\":\"es\"},{\"@type\":[\"Person\",\"Organization\"],\"@id\":\"https:\/\/www.galiciamaxica.eu\/mini\/#\/schema\/person\/2b284fe2fd911000a48d2e8936300179\",\"name\":\"seseixa\",\"image\":{\"@type\":\"ImageObject\",\"inLanguage\":\"es\",\"@id\":\"https:\/\/www.galiciamaxica.eu\/mini\/#\/schema\/person\/image\/\",\"url\":\"https:\/\/www.galiciamaxica.eu\/mini\/wp-content\/uploads\/2019\/02\/seseixa.png\",\"contentUrl\":\"https:\/\/www.galiciamaxica.eu\/mini\/wp-content\/uploads\/2019\/02\/seseixa.png\",\"width\":100,\"height\":100,\"caption\":\"seseixa\"},\"logo\":{\"@id\":\"https:\/\/www.galiciamaxica.eu\/mini\/#\/schema\/person\/image\/\"},\"description\":\"En la actualidad combinando dos proyectos que me apasionan, Galicia y los ni\u00f1os. Tengo mucho que aportar y otro tanto que aprender, as\u00ed como, el tiempo y el coraz\u00f3n, dividido en todo momento. Soy mam\u00e1, un titulo otorgado a tiempo completo, compa\u00f1era y amiga, a todas horas, familiar y cercana, siempre. De esp\u00edritu inquieto, soy una eterna ni\u00f1a que juega en el pa\u00eds de las maravillas. Una enamorada de mi tierra, por la que trabajo sin descanso. Creo en la infancia como motor que cambiar\u00e1 el mundo a mejor y busco en mi vida la felicidad como estado permanente porque s\u00f3lo se vive una vez.\",\"sameAs\":[\"http:\/\/mini.galiciamaxica.eu\/\",\"https:\/\/www.facebook.com\/maria.rodriguezserantes\",\"https:\/\/x.com\/seseixa\"],\"url\":\"https:\/\/www.galiciamaxica.eu\/mini\/author\/seseixa\/\"}]}<\/script>\n<!-- \/ Yoast SEO plugin. -->","yoast_head_json":{"title":"No Esperes y D\u00e9jales Ser - Galicia con ni\u00f1os | GALICIA M\u00c1XICA","description":"Educar","robots":{"index":"index","follow":"follow","max-snippet":"max-snippet:-1","max-image-preview":"max-image-preview:large","max-video-preview":"max-video-preview:-1"},"canonical":"https:\/\/www.galiciamaxica.eu\/mini\/no-esperes-y-dejales-ser\/","og_locale":"es_ES","og_type":"article","og_title":"No Esperes y D\u00e9jales Ser - Galicia con ni\u00f1os | GALICIA M\u00c1XICA","og_description":"Educar","og_url":"https:\/\/www.galiciamaxica.eu\/mini\/no-esperes-y-dejales-ser\/","og_site_name":"Galicia con ni\u00f1os | GALICIA M\u00c1XICA","article_publisher":"https:\/\/www.facebook.com\/maria.rodriguezserantes","article_author":"https:\/\/www.facebook.com\/maria.rodriguezserantes","article_published_time":"2015-10-16T17:59:35+00:00","article_modified_time":"2023-03-18T17:53:31+00:00","og_image":[{"width":768,"height":768,"url":"https:\/\/www.galiciamaxica.eu\/mini\/wp-content\/uploads\/2015\/10\/doscolores_28.jpg","type":"image\/jpeg"}],"author":"seseixa","twitter_card":"summary_large_image","twitter_creator":"@seseixa","twitter_site":"@seseixa","twitter_misc":{"Escrito por":"seseixa","Tiempo de lectura":"2 minutos"},"schema":{"@context":"https:\/\/schema.org","@graph":[{"@type":"Article","@id":"https:\/\/www.galiciamaxica.eu\/mini\/no-esperes-y-dejales-ser\/#article","isPartOf":{"@id":"https:\/\/www.galiciamaxica.eu\/mini\/no-esperes-y-dejales-ser\/"},"author":{"name":"seseixa","@id":"https:\/\/www.galiciamaxica.eu\/mini\/#\/schema\/person\/2b284fe2fd911000a48d2e8936300179"},"headline":"No Esperes y D\u00e9jales Ser","datePublished":"2015-10-16T17:59:35+00:00","dateModified":"2023-03-18T17:53:31+00:00","mainEntityOfPage":{"@id":"https:\/\/www.galiciamaxica.eu\/mini\/no-esperes-y-dejales-ser\/"},"wordCount":438,"commentCount":0,"publisher":{"@id":"https:\/\/www.galiciamaxica.eu\/mini\/#\/schema\/person\/2b284fe2fd911000a48d2e8936300179"},"image":{"@id":"https:\/\/www.galiciamaxica.eu\/mini\/no-esperes-y-dejales-ser\/#primaryimage"},"thumbnailUrl":"https:\/\/www.galiciamaxica.eu\/mini\/wp-content\/uploads\/2015\/10\/doscolores_28.jpg","keywords":["PERSONALIDAD","respeto"],"articleSection":["FAMILIA"],"inLanguage":"es","potentialAction":[{"@type":"CommentAction","name":"Comment","target":["https:\/\/www.galiciamaxica.eu\/mini\/no-esperes-y-dejales-ser\/#respond"]}]},{"@type":"WebPage","@id":"https:\/\/www.galiciamaxica.eu\/mini\/no-esperes-y-dejales-ser\/","url":"https:\/\/www.galiciamaxica.eu\/mini\/no-esperes-y-dejales-ser\/","name":"No Esperes y D\u00e9jales Ser - Galicia con ni\u00f1os | GALICIA M\u00c1XICA","isPartOf":{"@id":"https:\/\/www.galiciamaxica.eu\/mini\/#website"},"primaryImageOfPage":{"@id":"https:\/\/www.galiciamaxica.eu\/mini\/no-esperes-y-dejales-ser\/#primaryimage"},"image":{"@id":"https:\/\/www.galiciamaxica.eu\/mini\/no-esperes-y-dejales-ser\/#primaryimage"},"thumbnailUrl":"https:\/\/www.galiciamaxica.eu\/mini\/wp-content\/uploads\/2015\/10\/doscolores_28.jpg","datePublished":"2015-10-16T17:59:35+00:00","dateModified":"2023-03-18T17:53:31+00:00","description":"Educar","breadcrumb":{"@id":"https:\/\/www.galiciamaxica.eu\/mini\/no-esperes-y-dejales-ser\/#breadcrumb"},"inLanguage":"es","potentialAction":[{"@type":"ReadAction","target":["https:\/\/www.galiciamaxica.eu\/mini\/no-esperes-y-dejales-ser\/"]}]},{"@type":"ImageObject","inLanguage":"es","@id":"https:\/\/www.galiciamaxica.eu\/mini\/no-esperes-y-dejales-ser\/#primaryimage","url":"https:\/\/www.galiciamaxica.eu\/mini\/wp-content\/uploads\/2015\/10\/doscolores_28.jpg","contentUrl":"https:\/\/www.galiciamaxica.eu\/mini\/wp-content\/uploads\/2015\/10\/doscolores_28.jpg","width":768,"height":768},{"@type":"BreadcrumbList","@id":"https:\/\/www.galiciamaxica.eu\/mini\/no-esperes-y-dejales-ser\/#breadcrumb","itemListElement":[{"@type":"ListItem","position":1,"name":"Portada","item":"https:\/\/www.galiciamaxica.eu\/mini\/"},{"@type":"ListItem","position":2,"name":"No Esperes y D\u00e9jales Ser"}]},{"@type":"WebSite","@id":"https:\/\/www.galiciamaxica.eu\/mini\/#website","url":"https:\/\/www.galiciamaxica.eu\/mini\/","name":"Galicia con ni\u00f1os | GALICIA M\u00c1XICA","description":"Qu\u00e9 hacer con ni\u00f1os en Galicia","publisher":{"@id":"https:\/\/www.galiciamaxica.eu\/mini\/#\/schema\/person\/2b284fe2fd911000a48d2e8936300179"},"potentialAction":[{"@type":"SearchAction","target":{"@type":"EntryPoint","urlTemplate":"https:\/\/www.galiciamaxica.eu\/mini\/?s={search_term_string}"},"query-input":{"@type":"PropertyValueSpecification","valueRequired":true,"valueName":"search_term_string"}}],"inLanguage":"es"},{"@type":["Person","Organization"],"@id":"https:\/\/www.galiciamaxica.eu\/mini\/#\/schema\/person\/2b284fe2fd911000a48d2e8936300179","name":"seseixa","image":{"@type":"ImageObject","inLanguage":"es","@id":"https:\/\/www.galiciamaxica.eu\/mini\/#\/schema\/person\/image\/","url":"https:\/\/www.galiciamaxica.eu\/mini\/wp-content\/uploads\/2019\/02\/seseixa.png","contentUrl":"https:\/\/www.galiciamaxica.eu\/mini\/wp-content\/uploads\/2019\/02\/seseixa.png","width":100,"height":100,"caption":"seseixa"},"logo":{"@id":"https:\/\/www.galiciamaxica.eu\/mini\/#\/schema\/person\/image\/"},"description":"En la actualidad combinando dos proyectos que me apasionan, Galicia y los ni\u00f1os. Tengo mucho que aportar y otro tanto que aprender, as\u00ed como, el tiempo y el coraz\u00f3n, dividido en todo momento. Soy mam\u00e1, un titulo otorgado a tiempo completo, compa\u00f1era y amiga, a todas horas, familiar y cercana, siempre. De esp\u00edritu inquieto, soy una eterna ni\u00f1a que juega en el pa\u00eds de las maravillas. Una enamorada de mi tierra, por la que trabajo sin descanso. Creo en la infancia como motor que cambiar\u00e1 el mundo a mejor y busco en mi vida la felicidad como estado permanente porque s\u00f3lo se vive una vez.","sameAs":["http:\/\/mini.galiciamaxica.eu\/","https:\/\/www.facebook.com\/maria.rodriguezserantes","https:\/\/x.com\/seseixa"],"url":"https:\/\/www.galiciamaxica.eu\/mini\/author\/seseixa\/"}]}},"amp_enabled":true,"post_mailing_queue_ids":[],"_links":{"self":[{"href":"https:\/\/www.galiciamaxica.eu\/mini\/wp-json\/wp\/v2\/posts\/1478"}],"collection":[{"href":"https:\/\/www.galiciamaxica.eu\/mini\/wp-json\/wp\/v2\/posts"}],"about":[{"href":"https:\/\/www.galiciamaxica.eu\/mini\/wp-json\/wp\/v2\/types\/post"}],"author":[{"embeddable":true,"href":"https:\/\/www.galiciamaxica.eu\/mini\/wp-json\/wp\/v2\/users\/1"}],"replies":[{"embeddable":true,"href":"https:\/\/www.galiciamaxica.eu\/mini\/wp-json\/wp\/v2\/comments?post=1478"}],"version-history":[{"count":1,"href":"https:\/\/www.galiciamaxica.eu\/mini\/wp-json\/wp\/v2\/posts\/1478\/revisions"}],"predecessor-version":[{"id":21466,"href":"https:\/\/www.galiciamaxica.eu\/mini\/wp-json\/wp\/v2\/posts\/1478\/revisions\/21466"}],"wp:featuredmedia":[{"embeddable":true,"href":"https:\/\/www.galiciamaxica.eu\/mini\/wp-json\/wp\/v2\/media\/1486"}],"wp:attachment":[{"href":"https:\/\/www.galiciamaxica.eu\/mini\/wp-json\/wp\/v2\/media?parent=1478"}],"wp:term":[{"taxonomy":"category","embeddable":true,"href":"https:\/\/www.galiciamaxica.eu\/mini\/wp-json\/wp\/v2\/categories?post=1478"},{"taxonomy":"post_tag","embeddable":true,"href":"https:\/\/www.galiciamaxica.eu\/mini\/wp-json\/wp\/v2\/tags?post=1478"}],"curies":[{"name":"wp","href":"https:\/\/api.w.org\/{rel}","templated":true}]}}