{"id":1334,"date":"2015-09-09T15:22:35","date_gmt":"2015-09-09T15:22:35","guid":{"rendered":"http:\/\/www.galiciamaxica.eu\/mini\/?p=1334"},"modified":"2026-03-29T21:56:43","modified_gmt":"2026-03-29T19:56:43","slug":"hoy-pazo-quinones-de-leon","status":"publish","type":"post","link":"https:\/\/www.galiciamaxica.eu\/mini\/hoy-pazo-quinones-de-leon\/","title":{"rendered":"Hoy PAZO QUI\u00d1ONES DE LE\u00d3N"},"content":{"rendered":"\n<p class=\"has-text-align-center\">Hoy vamos a VISITAR un <strong><a href=\"http:\/\/www.galiciamaxica.eu\/categorias\/pazos\">Pazo<\/a><\/strong> referente y es que la ciudad de <strong><a href=\"http:\/\/www.galiciamaxica.eu\/galicia\/pontevedra\/comarca-de-vigo\/vigo\/\">Vigo<\/a><\/strong> tiene un lugar abierto al entretenimiento y al saber, <strong>una gran apuesta para que hacer con ni\u00f1os.<\/strong><\/p>\n\n\n\n<figure class=\"wp-block-image aligncenter\"><a href=\"http:\/\/www.galiciamaxica.eu\/pontevedra\/pazo-quinones\/\"><img decoding=\"async\" src=\"https:\/\/galiciamaxica.eu\/mini\/wp-content\/uploads\/2019\/10\/100_3027.jpg\" alt=\"\"\/><\/a><\/figure>\n\n\n\n<p class=\"has-text-align-center\"><\/p>\n\n\n\n<p class=\"has-text-align-center\">Comentaros que se ubica en una zona que conocemos como el pulm\u00f3n de Vigo, el <a href=\"http:\/\/www.galiciamaxica.eu\/pontevedra\/pazo-quinones\/\"><strong>Pazo de qui\u00f1ones de Le\u00f3n<\/strong> <\/a>os sorprender\u00e1 no s\u00f3lo en su interior sino tambi\u00e9n en el exterior porque disfrutar\u00e9is de una gran zona ajardinada, con un estanque en el&nbsp;que luce una miniatura del Pazo que suele ser visitado por diferentes aves.<\/p>\n\n\n\n<figure class=\"wp-block-image aligncenter\"><a href=\"http:\/\/www.galiciamaxica.eu\/pontevedra\/pazo-quinones\/\"><img decoding=\"async\" src=\"https:\/\/galiciamaxica.eu\/mini\/wp-content\/uploads\/2019\/10\/100_3038.jpg\" alt=\"\"\/><\/a><\/figure>\n\n\n\n<p class=\"has-text-align-center\"><\/p>\n\n\n\n<p class=\"has-text-align-center\">Todo tipo de&nbsp;especies abrazan un espacio al que apetece ir y al que siempre regresas.<\/p>\n\n\n\n<figure class=\"wp-block-image aligncenter\"><a href=\"http:\/\/www.galiciamaxica.eu\/pontevedra\/pazo-quinones\/\"><img decoding=\"async\" src=\"https:\/\/galiciamaxica.eu\/mini\/wp-content\/uploads\/2019\/10\/100_0759.jpg\" alt=\"\"\/><\/a><\/figure>\n\n\n\n<p class=\"has-text-align-center\"><\/p>\n\n\n\n<p class=\"has-text-align-center\">S\u00f3lo tendr\u00e1s que buscar otra opci\u00f3n para el lunes porque es cuando permanece cerrado.<\/p>\n\n\n\n<figure class=\"wp-block-image aligncenter\"><a href=\"http:\/\/www.galiciamaxica.eu\/pontevedra\/pazo-quinones\/\"><img decoding=\"async\" src=\"https:\/\/galiciamaxica.eu\/mini\/wp-content\/uploads\/2019\/10\/1402296_762597547152247_8313938197646259569_o.jpg\" alt=\"\"\/><\/a><\/figure>\n\n\n\n<p class=\"has-text-align-center\"><\/p>\n\n\n\n<p>A entrada al museo \u00e9 libre y GRATUITA. O museo pecha todos os luns do ano, o 25 de decembro e o 1 de xaneiro; ademais das horas e d\u00edas que determine a celebraci\u00f3n de actos oficiais do concello. A efectos de acceso consid\u00e9ranse festivos os d\u00edas 24, 31 de decembro; e 5 de xaneiro.<\/p>\n\n\n\n<p>O acceso interr\u00f3mpese 20 minutos antes do peche. O desaloxo das salas comeza 10 minutos antes do peche.<\/p>\n\n\n\n<p>Acceso a grupos<\/p>\n\n\n\n<p>Recom\u00e9ndase que, para garantir a s\u00faa entrada \u00e1 hora desexada, os grupos de m\u00e1is de 20 persoas contacten anticipadamente co museo.<\/p>\n\n\n\n<p class=\"has-text-align-center\"><a href=\"http:\/\/www.museodevigo.org\/informacion_gal.php\"><strong>Su horario<\/strong><\/a><\/p>\n\n\n\n<p class=\"has-text-align-center\">MUSEO (Exposici\u00f3n permanente)<\/p>\n\n\n\n<p class=\"has-text-align-center\">&nbsp;Martes a venres: 10.00 &#8211; 14.00 h<\/p>\n\n\n\n<p class=\"has-text-align-center\">S\u00e1bados: 17.00 &#8211; 20.00 h<\/p>\n\n\n\n<p class=\"has-text-align-center\">Domingos e festivos: 11.00 &#8211; 14.00 h<\/p>\n\n\n\n<figure class=\"wp-block-image aligncenter\"><a href=\"http:\/\/www.galiciamaxica.eu\/pontevedra\/pazo-quinones\/\"><img decoding=\"async\" src=\"https:\/\/galiciamaxica.eu\/mini\/wp-content\/uploads\/2019\/10\/10382283_761738163904852_5557762888947535261_o.jpg\" alt=\"\"\/><\/a><\/figure>\n\n\n\n<p class=\"has-text-align-center\"><\/p>\n\n\n\n<figure class=\"wp-block-image aligncenter\"><a href=\"http:\/\/www.galiciamaxica.eu\/pontevedra\/pazo-quinones\/\"><img decoding=\"async\" src=\"https:\/\/galiciamaxica.eu\/mini\/wp-content\/uploads\/2019\/10\/100_3023.jpg\" alt=\"\"\/><\/a><\/figure>\n\n\n\n<p class=\"has-text-align-center\"><\/p>\n\n\n\n<p class=\"has-text-align-center\">La <strong><a href=\"http:\/\/www.museodevigo.org\/informacion_gal.php\">entrada es gratuita<\/a><\/strong> y <a href=\"http:\/\/www.museodevigo.org\/visita_gal.php\"><strong>lo que os v\u00e1is a encontrar<\/strong> <\/a>en sus <strong>dependencias<\/strong> os dejar\u00e1&nbsp;abrumados.<\/p>\n\n\n\n<figure class=\"wp-block-image aligncenter\"><a href=\"https:\/\/galiciamaxica.eu\/mini\/wp-content\/uploads\/2019\/10\/tema_arqueo.jpg\"><img decoding=\"async\" src=\"https:\/\/galiciamaxica.eu\/mini\/wp-content\/uploads\/2019\/10\/tema_arqueo.jpg\" alt=\"\"\/><\/a><\/figure>\n\n\n\n<p class=\"has-text-align-center\"><\/p>\n\n\n\n<p class=\"has-text-align-center\">Su<a href=\"http:\/\/www.museodevigo.org\/col_arqueologia_gal.php\"><strong> \u00e1rea arqueol\u00f3gica<\/strong> <\/a>os llevar\u00e1 a las ra\u00edces de la ciudad de<strong><a href=\"http:\/\/www.galiciamaxica.eu\/galicia\/pontevedra\/comarca-de-vigo\/vigo\/\"> Vigo<\/a><\/strong>, vamos a pasar despacito en este espacio disfrutando de cada objeto y participando de manera activa con los m\u00e1s peque\u00f1os porque la lecci\u00f3n que aprender\u00e1n en este lugar, la llevar\u00e1n en la memoria siempre.<\/p>\n\n\n\n<p class=\"has-text-align-center\"><em><strong>Diferentes \u00e9pocas por la que pasear por la historia de una gran ciudad.<\/strong><\/em><\/p>\n\n\n\n<figure class=\"wp-block-image aligncenter\"><a href=\"http:\/\/www.museodevigo.org\/col_arte_gal.php\"><img decoding=\"async\" src=\"https:\/\/galiciamaxica.eu\/mini\/wp-content\/uploads\/2019\/10\/tema_arte.jpg\" alt=\"\"\/><\/a><\/figure>\n\n\n\n<p class=\"has-text-align-center\"><\/p>\n\n\n\n<p class=\"has-text-align-center\">Su secci\u00f3n de\u00a0<strong><a href=\"http:\/\/www.museodevigo.org\/col_arte_gal.php\">arte<\/a><\/strong>\u00a0en la que m\u00e1s de 1500 obras esperan a que las visit\u00e9is en familia:\u00a0esculturas, pinturas, estampas&#8230;\u00a0mucho arte para un espacio que en s\u00ed mismo, ya lo es.<\/p>\n\n\n\n<figure class=\"wp-block-image aligncenter\"><img decoding=\"async\" src=\"https:\/\/galiciamaxica.eu\/mini\/wp-content\/uploads\/2019\/10\/100_3011.jpg\" alt=\"\"\/><\/figure>\n\n\n\n<p class=\"has-text-align-center\"><\/p>\n\n\n\n<p class=\"has-text-align-center\">Este pazo es una joya de la arquitectura gallega y en la actualidad uno de los s\u00edmbolos de <strong>VIGO<\/strong>.<\/p>\n\n\n\n<figure class=\"wp-block-image aligncenter\"><a href=\"http:\/\/www.galiciamaxica.eu\/pontevedra\/pazo-quinones\/\"><img decoding=\"async\" src=\"https:\/\/galiciamaxica.eu\/mini\/wp-content\/uploads\/2019\/10\/241018_763565747055427_6605313695401107566_o.jpg\" alt=\"\"\/><\/a><\/figure>\n\n\n\n<p class=\"has-text-align-center\"><\/p>\n\n\n\n<p class=\"has-text-align-center\"><em><a href=\"http:\/\/www.museodevigo.org\/col_arte_gal.php\">Dispone de exposiciones permanentes e&nbsp;itinerantes<\/a><\/em><\/p>\n\n\n\n<p class=\"has-text-align-center\"><em><strong>Aplicando el mejor arte hacemos de \u00e9ste ESPACIO, un sitio de visita obligada.<\/strong><\/em><\/p>\n\n\n\n<figure class=\"wp-block-image aligncenter\"><a href=\"http:\/\/www.galiciamaxica.eu\/pontevedra\/pazo-quinones\/\"><img decoding=\"async\" src=\"https:\/\/galiciamaxica.eu\/mini\/wp-content\/uploads\/2019\/10\/100_0754.jpg\" alt=\"\"\/><\/a><\/figure>\n\n\n\n<p class=\"has-text-align-center\"><\/p>\n\n\n\n<figure class=\"wp-block-image aligncenter\"><a href=\"http:\/\/www.galiciamaxica.eu\/pontevedra\/pazo-quinones\/\"><img decoding=\"async\" src=\"https:\/\/galiciamaxica.eu\/mini\/wp-content\/uploads\/2019\/10\/100_3021.jpg\" alt=\"\"\/><\/a><\/figure>\n\n\n\n<p class=\"has-text-align-center\"><\/p>\n\n\n\n<p class=\"has-text-align-center\"><strong><a href=\"http:\/\/www.galiciamaxica.eu\/pontevedra\/pazo-quinones\/\">\u00bfDESCUBRIMOS SUS JARDINES?<\/a><\/strong><\/p>\n\n\n\n<figure class=\"wp-block-image aligncenter\"><img decoding=\"async\" src=\"https:\/\/galiciamaxica.eu\/mini\/wp-content\/uploads\/2019\/10\/100_3018.jpg\" alt=\"\"\/><\/figure>\n\n\n\n<p class=\"has-text-align-center\"><\/p>\n\n\n\n<figure class=\"wp-block-image aligncenter\"><a href=\"http:\/\/www.galiciamaxica.eu\/pontevedra\/pazo-quinones\/\"><img decoding=\"async\" src=\"https:\/\/galiciamaxica.eu\/mini\/wp-content\/uploads\/2019\/10\/100_3026.jpg\" alt=\"\"\/><\/a><\/figure>\n\n\n\n<p class=\"has-text-align-center\"><\/p>\n\n\n\n<p class=\"has-text-align-center\"><iframe style=\"border: 0;\" src=\"https:\/\/www.google.com\/maps\/embed?pb=!1m14!1m8!1m3!1d94562.37253445522!2d-8.7275!3d42.21286!3m2!1i1024!2i768!4f13.1!3m3!1m2!1s0x0%3A0x0!2zNDLCsDEyJzQ3LjkiTiA4wrA0MyczOS44Ilc!5e0!3m2!1ses!2sus!4v1441812586138\" width=\"600\" height=\"450\" frameborder=\"0\" allowfullscreen=\"allowfullscreen\"><\/iframe><\/p>\n\n\n\n<p class=\"has-text-align-center\">Y si os quedasteis con ganas de m\u00e1s, al lado, un parque que os va a encantar y un paseo a orillas del Lagares que os enamorar\u00e1.<\/p>\n\n\n\n<figure class=\"wp-block-image aligncenter\"><img decoding=\"async\" src=\"https:\/\/galiciamaxica.eu\/mini\/wp-content\/uploads\/2019\/10\/castrelos14.jpg\" alt=\"\"\/><\/figure>\n\n\n\n<p class=\"has-text-align-center\"><\/p>\n\n\n\n<p class=\"has-text-align-center\"><strong>PARQUE DE CASTRELOS<\/strong><\/p>\n\n\n\n<figure class=\"wp-block-image aligncenter\"><img decoding=\"async\" src=\"https:\/\/galiciamaxica.eu\/mini\/wp-content\/uploads\/2019\/10\/castrelos75.jpg\" alt=\"\"\/><\/figure>\n\n\n\n<p class=\"has-text-align-center\"><\/p>\n","protected":false},"excerpt":{"rendered":"<p>Hoy vamos a VISITAR un Pazo referente y es que la ciudad de Vigo tiene un lugar abierto al entretenimiento y al saber, una gran apuesta para que hacer con ni\u00f1os. Comentaros que se ubica en una zona que conocemos como el pulm\u00f3n de Vigo, el Pazo de qui\u00f1ones de Le\u00f3n os sorprender\u00e1 no s\u00f3lo [&hellip;]<\/p>\n","protected":false},"author":1,"featured_media":1335,"comment_status":"open","ping_status":"open","sticky":false,"template":"","format":"standard","meta":{"_eb_attr":"","site-sidebar-layout":"default","site-content-layout":"","ast-site-content-layout":"default","site-content-style":"default","site-sidebar-style":"default","ast-global-header-display":"","ast-banner-title-visibility":"","ast-main-header-display":"","ast-hfb-above-header-display":"","ast-hfb-below-header-display":"","ast-hfb-mobile-header-display":"","site-post-title":"","ast-breadcrumbs-content":"","ast-featured-img":"","footer-sml-layout":"","theme-transparent-header-meta":"","adv-header-id-meta":"","stick-header-meta":"","header-above-stick-meta":"","header-main-stick-meta":"","header-below-stick-meta":"","astra-migrate-meta-layouts":"set","ast-page-background-enabled":"default","ast-page-background-meta":{"desktop":{"background-color":"","background-image":"","background-repeat":"repeat","background-position":"center center","background-size":"auto","background-attachment":"scroll","background-type":"","background-media":"","overlay-type":"","overlay-color":"","overlay-opacity":"","overlay-gradient":""},"tablet":{"background-color":"","background-image":"","background-repeat":"repeat","background-position":"center center","background-size":"auto","background-attachment":"scroll","background-type":"","background-media":"","overlay-type":"","overlay-color":"","overlay-opacity":"","overlay-gradient":""},"mobile":{"background-color":"","background-image":"","background-repeat":"repeat","background-position":"center center","background-size":"auto","background-attachment":"scroll","background-type":"","background-media":"","overlay-type":"","overlay-color":"","overlay-opacity":"","overlay-gradient":""}},"ast-content-background-meta":{"desktop":{"background-color":"var(--ast-global-color-5)","background-image":"","background-repeat":"repeat","background-position":"center center","background-size":"auto","background-attachment":"scroll","background-type":"","background-media":"","overlay-type":"","overlay-color":"","overlay-opacity":"","overlay-gradient":""},"tablet":{"background-color":"var(--ast-global-color-5)","background-image":"","background-repeat":"repeat","background-position":"center center","background-size":"auto","background-attachment":"scroll","background-type":"","background-media":"","overlay-type":"","overlay-color":"","overlay-opacity":"","overlay-gradient":""},"mobile":{"background-color":"var(--ast-global-color-5)","background-image":"","background-repeat":"repeat","background-position":"center center","background-size":"auto","background-attachment":"scroll","background-type":"","background-media":"","overlay-type":"","overlay-color":"","overlay-opacity":"","overlay-gradient":""}},"footnotes":""},"categories":[12,48],"tags":[8,25,37,36,39,55,20,2,16,145,23,146,4,7,3,38],"class_list":["post-1334","post","type-post","status-publish","format-standard","has-post-thumbnail","hentry","category-museos","category-pontevedra","tag-findesemana","tag-galicia","tag-galiciamaxica","tag-lugares","tag-museo","tag-natural","tag-naturaleza","tag-ninos","tag-parque","tag-pequenos","tag-pontevedra","tag-quehacer","tag-tiempo","tag-vacaciones","tag-viajes","tag-vigo"],"yoast_head":"<!-- This site is optimized with the Yoast SEO plugin v24.9 - https:\/\/yoast.com\/wordpress\/plugins\/seo\/ -->\n<title>Hoy PAZO QUI\u00d1ONES DE LE\u00d3N - Galicia con ni\u00f1os | GALICIA M\u00c1XICA<\/title>\n<meta name=\"robots\" content=\"index, follow, max-snippet:-1, max-image-preview:large, max-video-preview:-1\" \/>\n<link rel=\"canonical\" href=\"https:\/\/www.galiciamaxica.eu\/mini\/hoy-pazo-quinones-de-leon\/\" \/>\n<meta property=\"og:locale\" content=\"es_ES\" \/>\n<meta property=\"og:type\" content=\"article\" \/>\n<meta property=\"og:title\" content=\"Hoy PAZO QUI\u00d1ONES DE LE\u00d3N - Galicia con ni\u00f1os | GALICIA M\u00c1XICA\" \/>\n<meta property=\"og:description\" content=\"Hoy vamos a VISITAR un Pazo referente y es que la ciudad de Vigo tiene un lugar abierto al entretenimiento y al saber, una gran apuesta para que hacer con ni\u00f1os. Comentaros que se ubica en una zona que conocemos como el pulm\u00f3n de Vigo, el Pazo de qui\u00f1ones de Le\u00f3n os sorprender\u00e1 no s\u00f3lo [&hellip;]\" \/>\n<meta property=\"og:url\" content=\"https:\/\/www.galiciamaxica.eu\/mini\/hoy-pazo-quinones-de-leon\/\" \/>\n<meta property=\"og:site_name\" content=\"Galicia con ni\u00f1os | GALICIA M\u00c1XICA\" \/>\n<meta property=\"article:publisher\" content=\"https:\/\/www.facebook.com\/maria.rodriguezserantes\" \/>\n<meta property=\"article:author\" content=\"https:\/\/www.facebook.com\/maria.rodriguezserantes\" \/>\n<meta property=\"article:published_time\" content=\"2015-09-09T15:22:35+00:00\" \/>\n<meta property=\"article:modified_time\" content=\"2026-03-29T19:56:43+00:00\" \/>\n<meta property=\"og:image\" content=\"https:\/\/www.galiciamaxica.eu\/mini\/wp-content\/uploads\/2015\/09\/p.jpg\" \/>\n\t<meta property=\"og:image:width\" content=\"640\" \/>\n\t<meta property=\"og:image:height\" content=\"480\" \/>\n\t<meta property=\"og:image:type\" content=\"image\/jpeg\" \/>\n<meta name=\"author\" content=\"seseixa\" \/>\n<meta name=\"twitter:card\" content=\"summary_large_image\" \/>\n<meta name=\"twitter:creator\" content=\"@seseixa\" \/>\n<meta name=\"twitter:site\" content=\"@seseixa\" \/>\n<meta name=\"twitter:label1\" content=\"Escrito por\" \/>\n\t<meta name=\"twitter:data1\" content=\"seseixa\" \/>\n\t<meta name=\"twitter:label2\" content=\"Tiempo de lectura\" \/>\n\t<meta name=\"twitter:data2\" content=\"2 minutos\" \/>\n<script type=\"application\/ld+json\" class=\"yoast-schema-graph\">{\"@context\":\"https:\/\/schema.org\",\"@graph\":[{\"@type\":\"Article\",\"@id\":\"https:\/\/www.galiciamaxica.eu\/mini\/hoy-pazo-quinones-de-leon\/#article\",\"isPartOf\":{\"@id\":\"https:\/\/www.galiciamaxica.eu\/mini\/hoy-pazo-quinones-de-leon\/\"},\"author\":{\"name\":\"seseixa\",\"@id\":\"https:\/\/www.galiciamaxica.eu\/mini\/#\/schema\/person\/2b284fe2fd911000a48d2e8936300179\"},\"headline\":\"Hoy PAZO QUI\u00d1ONES DE LE\u00d3N\",\"datePublished\":\"2015-09-09T15:22:35+00:00\",\"dateModified\":\"2026-03-29T19:56:43+00:00\",\"mainEntityOfPage\":{\"@id\":\"https:\/\/www.galiciamaxica.eu\/mini\/hoy-pazo-quinones-de-leon\/\"},\"wordCount\":448,\"commentCount\":1,\"publisher\":{\"@id\":\"https:\/\/www.galiciamaxica.eu\/mini\/#\/schema\/person\/2b284fe2fd911000a48d2e8936300179\"},\"image\":{\"@id\":\"https:\/\/www.galiciamaxica.eu\/mini\/hoy-pazo-quinones-de-leon\/#primaryimage\"},\"thumbnailUrl\":\"https:\/\/www.galiciamaxica.eu\/mini\/wp-content\/uploads\/2015\/09\/p.jpg\",\"keywords\":[\"findesemana\",\"Galicia\",\"galiciamaxica\",\"lugares\",\"museo\",\"natural\",\"naturaleza\",\"ni\u00f1os\",\"parque\",\"peque\u00f1os\",\"pontevedra\",\"quehacer\",\"tiempo\",\"vacaciones\",\"viajes\",\"Vigo\"],\"articleSection\":[\"MUSEOS\",\"PONTEVEDRA\"],\"inLanguage\":\"es\",\"potentialAction\":[{\"@type\":\"CommentAction\",\"name\":\"Comment\",\"target\":[\"https:\/\/www.galiciamaxica.eu\/mini\/hoy-pazo-quinones-de-leon\/#respond\"]}]},{\"@type\":\"WebPage\",\"@id\":\"https:\/\/www.galiciamaxica.eu\/mini\/hoy-pazo-quinones-de-leon\/\",\"url\":\"https:\/\/www.galiciamaxica.eu\/mini\/hoy-pazo-quinones-de-leon\/\",\"name\":\"Hoy PAZO QUI\u00d1ONES DE LE\u00d3N - Galicia con ni\u00f1os | GALICIA M\u00c1XICA\",\"isPartOf\":{\"@id\":\"https:\/\/www.galiciamaxica.eu\/mini\/#website\"},\"primaryImageOfPage\":{\"@id\":\"https:\/\/www.galiciamaxica.eu\/mini\/hoy-pazo-quinones-de-leon\/#primaryimage\"},\"image\":{\"@id\":\"https:\/\/www.galiciamaxica.eu\/mini\/hoy-pazo-quinones-de-leon\/#primaryimage\"},\"thumbnailUrl\":\"https:\/\/www.galiciamaxica.eu\/mini\/wp-content\/uploads\/2015\/09\/p.jpg\",\"datePublished\":\"2015-09-09T15:22:35+00:00\",\"dateModified\":\"2026-03-29T19:56:43+00:00\",\"breadcrumb\":{\"@id\":\"https:\/\/www.galiciamaxica.eu\/mini\/hoy-pazo-quinones-de-leon\/#breadcrumb\"},\"inLanguage\":\"es\",\"potentialAction\":[{\"@type\":\"ReadAction\",\"target\":[\"https:\/\/www.galiciamaxica.eu\/mini\/hoy-pazo-quinones-de-leon\/\"]}]},{\"@type\":\"ImageObject\",\"inLanguage\":\"es\",\"@id\":\"https:\/\/www.galiciamaxica.eu\/mini\/hoy-pazo-quinones-de-leon\/#primaryimage\",\"url\":\"https:\/\/www.galiciamaxica.eu\/mini\/wp-content\/uploads\/2015\/09\/p.jpg\",\"contentUrl\":\"https:\/\/www.galiciamaxica.eu\/mini\/wp-content\/uploads\/2015\/09\/p.jpg\",\"width\":640,\"height\":480,\"caption\":\"p\"},{\"@type\":\"BreadcrumbList\",\"@id\":\"https:\/\/www.galiciamaxica.eu\/mini\/hoy-pazo-quinones-de-leon\/#breadcrumb\",\"itemListElement\":[{\"@type\":\"ListItem\",\"position\":1,\"name\":\"Portada\",\"item\":\"https:\/\/www.galiciamaxica.eu\/mini\/\"},{\"@type\":\"ListItem\",\"position\":2,\"name\":\"Hoy PAZO QUI\u00d1ONES DE LE\u00d3N\"}]},{\"@type\":\"WebSite\",\"@id\":\"https:\/\/www.galiciamaxica.eu\/mini\/#website\",\"url\":\"https:\/\/www.galiciamaxica.eu\/mini\/\",\"name\":\"Galicia con ni\u00f1os | GALICIA M\u00c1XICA\",\"description\":\"Qu\u00e9 hacer con ni\u00f1os en Galicia\",\"publisher\":{\"@id\":\"https:\/\/www.galiciamaxica.eu\/mini\/#\/schema\/person\/2b284fe2fd911000a48d2e8936300179\"},\"potentialAction\":[{\"@type\":\"SearchAction\",\"target\":{\"@type\":\"EntryPoint\",\"urlTemplate\":\"https:\/\/www.galiciamaxica.eu\/mini\/?s={search_term_string}\"},\"query-input\":{\"@type\":\"PropertyValueSpecification\",\"valueRequired\":true,\"valueName\":\"search_term_string\"}}],\"inLanguage\":\"es\"},{\"@type\":[\"Person\",\"Organization\"],\"@id\":\"https:\/\/www.galiciamaxica.eu\/mini\/#\/schema\/person\/2b284fe2fd911000a48d2e8936300179\",\"name\":\"seseixa\",\"image\":{\"@type\":\"ImageObject\",\"inLanguage\":\"es\",\"@id\":\"https:\/\/www.galiciamaxica.eu\/mini\/#\/schema\/person\/image\/\",\"url\":\"https:\/\/www.galiciamaxica.eu\/mini\/wp-content\/uploads\/2019\/02\/seseixa.png\",\"contentUrl\":\"https:\/\/www.galiciamaxica.eu\/mini\/wp-content\/uploads\/2019\/02\/seseixa.png\",\"width\":100,\"height\":100,\"caption\":\"seseixa\"},\"logo\":{\"@id\":\"https:\/\/www.galiciamaxica.eu\/mini\/#\/schema\/person\/image\/\"},\"description\":\"En la actualidad combinando dos proyectos que me apasionan, Galicia y los ni\u00f1os. Tengo mucho que aportar y otro tanto que aprender, as\u00ed como, el tiempo y el coraz\u00f3n, dividido en todo momento. Soy mam\u00e1, un titulo otorgado a tiempo completo, compa\u00f1era y amiga, a todas horas, familiar y cercana, siempre. De esp\u00edritu inquieto, soy una eterna ni\u00f1a que juega en el pa\u00eds de las maravillas. Una enamorada de mi tierra, por la que trabajo sin descanso. Creo en la infancia como motor que cambiar\u00e1 el mundo a mejor y busco en mi vida la felicidad como estado permanente porque s\u00f3lo se vive una vez.\",\"sameAs\":[\"http:\/\/mini.galiciamaxica.eu\/\",\"https:\/\/www.facebook.com\/maria.rodriguezserantes\",\"https:\/\/x.com\/seseixa\"],\"url\":\"https:\/\/www.galiciamaxica.eu\/mini\/author\/seseixa\/\"}]}<\/script>\n<!-- \/ Yoast SEO plugin. -->","yoast_head_json":{"title":"Hoy PAZO QUI\u00d1ONES DE LE\u00d3N - Galicia con ni\u00f1os | GALICIA M\u00c1XICA","robots":{"index":"index","follow":"follow","max-snippet":"max-snippet:-1","max-image-preview":"max-image-preview:large","max-video-preview":"max-video-preview:-1"},"canonical":"https:\/\/www.galiciamaxica.eu\/mini\/hoy-pazo-quinones-de-leon\/","og_locale":"es_ES","og_type":"article","og_title":"Hoy PAZO QUI\u00d1ONES DE LE\u00d3N - Galicia con ni\u00f1os | GALICIA M\u00c1XICA","og_description":"Hoy vamos a VISITAR un Pazo referente y es que la ciudad de Vigo tiene un lugar abierto al entretenimiento y al saber, una gran apuesta para que hacer con ni\u00f1os. Comentaros que se ubica en una zona que conocemos como el pulm\u00f3n de Vigo, el Pazo de qui\u00f1ones de Le\u00f3n os sorprender\u00e1 no s\u00f3lo [&hellip;]","og_url":"https:\/\/www.galiciamaxica.eu\/mini\/hoy-pazo-quinones-de-leon\/","og_site_name":"Galicia con ni\u00f1os | GALICIA M\u00c1XICA","article_publisher":"https:\/\/www.facebook.com\/maria.rodriguezserantes","article_author":"https:\/\/www.facebook.com\/maria.rodriguezserantes","article_published_time":"2015-09-09T15:22:35+00:00","article_modified_time":"2026-03-29T19:56:43+00:00","og_image":[{"width":640,"height":480,"url":"https:\/\/www.galiciamaxica.eu\/mini\/wp-content\/uploads\/2015\/09\/p.jpg","type":"image\/jpeg"}],"author":"seseixa","twitter_card":"summary_large_image","twitter_creator":"@seseixa","twitter_site":"@seseixa","twitter_misc":{"Escrito por":"seseixa","Tiempo de lectura":"2 minutos"},"schema":{"@context":"https:\/\/schema.org","@graph":[{"@type":"Article","@id":"https:\/\/www.galiciamaxica.eu\/mini\/hoy-pazo-quinones-de-leon\/#article","isPartOf":{"@id":"https:\/\/www.galiciamaxica.eu\/mini\/hoy-pazo-quinones-de-leon\/"},"author":{"name":"seseixa","@id":"https:\/\/www.galiciamaxica.eu\/mini\/#\/schema\/person\/2b284fe2fd911000a48d2e8936300179"},"headline":"Hoy PAZO QUI\u00d1ONES DE LE\u00d3N","datePublished":"2015-09-09T15:22:35+00:00","dateModified":"2026-03-29T19:56:43+00:00","mainEntityOfPage":{"@id":"https:\/\/www.galiciamaxica.eu\/mini\/hoy-pazo-quinones-de-leon\/"},"wordCount":448,"commentCount":1,"publisher":{"@id":"https:\/\/www.galiciamaxica.eu\/mini\/#\/schema\/person\/2b284fe2fd911000a48d2e8936300179"},"image":{"@id":"https:\/\/www.galiciamaxica.eu\/mini\/hoy-pazo-quinones-de-leon\/#primaryimage"},"thumbnailUrl":"https:\/\/www.galiciamaxica.eu\/mini\/wp-content\/uploads\/2015\/09\/p.jpg","keywords":["findesemana","Galicia","galiciamaxica","lugares","museo","natural","naturaleza","ni\u00f1os","parque","peque\u00f1os","pontevedra","quehacer","tiempo","vacaciones","viajes","Vigo"],"articleSection":["MUSEOS","PONTEVEDRA"],"inLanguage":"es","potentialAction":[{"@type":"CommentAction","name":"Comment","target":["https:\/\/www.galiciamaxica.eu\/mini\/hoy-pazo-quinones-de-leon\/#respond"]}]},{"@type":"WebPage","@id":"https:\/\/www.galiciamaxica.eu\/mini\/hoy-pazo-quinones-de-leon\/","url":"https:\/\/www.galiciamaxica.eu\/mini\/hoy-pazo-quinones-de-leon\/","name":"Hoy PAZO QUI\u00d1ONES DE LE\u00d3N - Galicia con ni\u00f1os | GALICIA M\u00c1XICA","isPartOf":{"@id":"https:\/\/www.galiciamaxica.eu\/mini\/#website"},"primaryImageOfPage":{"@id":"https:\/\/www.galiciamaxica.eu\/mini\/hoy-pazo-quinones-de-leon\/#primaryimage"},"image":{"@id":"https:\/\/www.galiciamaxica.eu\/mini\/hoy-pazo-quinones-de-leon\/#primaryimage"},"thumbnailUrl":"https:\/\/www.galiciamaxica.eu\/mini\/wp-content\/uploads\/2015\/09\/p.jpg","datePublished":"2015-09-09T15:22:35+00:00","dateModified":"2026-03-29T19:56:43+00:00","breadcrumb":{"@id":"https:\/\/www.galiciamaxica.eu\/mini\/hoy-pazo-quinones-de-leon\/#breadcrumb"},"inLanguage":"es","potentialAction":[{"@type":"ReadAction","target":["https:\/\/www.galiciamaxica.eu\/mini\/hoy-pazo-quinones-de-leon\/"]}]},{"@type":"ImageObject","inLanguage":"es","@id":"https:\/\/www.galiciamaxica.eu\/mini\/hoy-pazo-quinones-de-leon\/#primaryimage","url":"https:\/\/www.galiciamaxica.eu\/mini\/wp-content\/uploads\/2015\/09\/p.jpg","contentUrl":"https:\/\/www.galiciamaxica.eu\/mini\/wp-content\/uploads\/2015\/09\/p.jpg","width":640,"height":480,"caption":"p"},{"@type":"BreadcrumbList","@id":"https:\/\/www.galiciamaxica.eu\/mini\/hoy-pazo-quinones-de-leon\/#breadcrumb","itemListElement":[{"@type":"ListItem","position":1,"name":"Portada","item":"https:\/\/www.galiciamaxica.eu\/mini\/"},{"@type":"ListItem","position":2,"name":"Hoy PAZO QUI\u00d1ONES DE LE\u00d3N"}]},{"@type":"WebSite","@id":"https:\/\/www.galiciamaxica.eu\/mini\/#website","url":"https:\/\/www.galiciamaxica.eu\/mini\/","name":"Galicia con ni\u00f1os | GALICIA M\u00c1XICA","description":"Qu\u00e9 hacer con ni\u00f1os en Galicia","publisher":{"@id":"https:\/\/www.galiciamaxica.eu\/mini\/#\/schema\/person\/2b284fe2fd911000a48d2e8936300179"},"potentialAction":[{"@type":"SearchAction","target":{"@type":"EntryPoint","urlTemplate":"https:\/\/www.galiciamaxica.eu\/mini\/?s={search_term_string}"},"query-input":{"@type":"PropertyValueSpecification","valueRequired":true,"valueName":"search_term_string"}}],"inLanguage":"es"},{"@type":["Person","Organization"],"@id":"https:\/\/www.galiciamaxica.eu\/mini\/#\/schema\/person\/2b284fe2fd911000a48d2e8936300179","name":"seseixa","image":{"@type":"ImageObject","inLanguage":"es","@id":"https:\/\/www.galiciamaxica.eu\/mini\/#\/schema\/person\/image\/","url":"https:\/\/www.galiciamaxica.eu\/mini\/wp-content\/uploads\/2019\/02\/seseixa.png","contentUrl":"https:\/\/www.galiciamaxica.eu\/mini\/wp-content\/uploads\/2019\/02\/seseixa.png","width":100,"height":100,"caption":"seseixa"},"logo":{"@id":"https:\/\/www.galiciamaxica.eu\/mini\/#\/schema\/person\/image\/"},"description":"En la actualidad combinando dos proyectos que me apasionan, Galicia y los ni\u00f1os. Tengo mucho que aportar y otro tanto que aprender, as\u00ed como, el tiempo y el coraz\u00f3n, dividido en todo momento. Soy mam\u00e1, un titulo otorgado a tiempo completo, compa\u00f1era y amiga, a todas horas, familiar y cercana, siempre. De esp\u00edritu inquieto, soy una eterna ni\u00f1a que juega en el pa\u00eds de las maravillas. Una enamorada de mi tierra, por la que trabajo sin descanso. Creo en la infancia como motor que cambiar\u00e1 el mundo a mejor y busco en mi vida la felicidad como estado permanente porque s\u00f3lo se vive una vez.","sameAs":["http:\/\/mini.galiciamaxica.eu\/","https:\/\/www.facebook.com\/maria.rodriguezserantes","https:\/\/x.com\/seseixa"],"url":"https:\/\/www.galiciamaxica.eu\/mini\/author\/seseixa\/"}]}},"amp_enabled":true,"post_mailing_queue_ids":[],"_links":{"self":[{"href":"https:\/\/www.galiciamaxica.eu\/mini\/wp-json\/wp\/v2\/posts\/1334"}],"collection":[{"href":"https:\/\/www.galiciamaxica.eu\/mini\/wp-json\/wp\/v2\/posts"}],"about":[{"href":"https:\/\/www.galiciamaxica.eu\/mini\/wp-json\/wp\/v2\/types\/post"}],"author":[{"embeddable":true,"href":"https:\/\/www.galiciamaxica.eu\/mini\/wp-json\/wp\/v2\/users\/1"}],"replies":[{"embeddable":true,"href":"https:\/\/www.galiciamaxica.eu\/mini\/wp-json\/wp\/v2\/comments?post=1334"}],"version-history":[{"count":7,"href":"https:\/\/www.galiciamaxica.eu\/mini\/wp-json\/wp\/v2\/posts\/1334\/revisions"}],"predecessor-version":[{"id":23070,"href":"https:\/\/www.galiciamaxica.eu\/mini\/wp-json\/wp\/v2\/posts\/1334\/revisions\/23070"}],"wp:featuredmedia":[{"embeddable":true,"href":"https:\/\/www.galiciamaxica.eu\/mini\/wp-json\/wp\/v2\/media\/1335"}],"wp:attachment":[{"href":"https:\/\/www.galiciamaxica.eu\/mini\/wp-json\/wp\/v2\/media?parent=1334"}],"wp:term":[{"taxonomy":"category","embeddable":true,"href":"https:\/\/www.galiciamaxica.eu\/mini\/wp-json\/wp\/v2\/categories?post=1334"},{"taxonomy":"post_tag","embeddable":true,"href":"https:\/\/www.galiciamaxica.eu\/mini\/wp-json\/wp\/v2\/tags?post=1334"}],"curies":[{"name":"wp","href":"https:\/\/api.w.org\/{rel}","templated":true}]}}