{"id":1295,"date":"2015-09-05T18:24:40","date_gmt":"2015-09-05T18:24:40","guid":{"rendered":"http:\/\/www.galiciamaxica.eu\/mini\/?p=1295"},"modified":"2026-03-29T21:56:45","modified_gmt":"2026-03-29T19:56:45","slug":"hoy-vigo","status":"publish","type":"post","link":"https:\/\/www.galiciamaxica.eu\/mini\/hoy-vigo\/","title":{"rendered":"Hoy Vigo"},"content":{"rendered":"<p style=\"text-align: center;\">Y si de una ciudad os puedo hablar mejor quiz\u00e1s sea de<strong><a href=\"http:\/\/www.galiciamaxica.eu\/galicia\/pontevedra\/comarca-de-vigo\/vigo\/\"> Vigo<\/a><\/strong>, ya que mis ni\u00f1os se han cr\u00edado en ella, ten\u00e9is a vuestra disposici\u00f3n un sinf\u00edn de parques adornando\u00a0toda la ciudad, museos y lugares en los que perderse es todo un placer. Pero como no me llegar\u00eda el d\u00eda para hablaros de mi\u00a0ciudad, lo que voy a hacer es recomendaros unos cuantos sitios,<\/p>\n<p style=\"text-align: center;\"><em><strong>los que a nosotros m\u00e1s nos gustan.<\/strong><\/em><\/p>\n<p style=\"text-align: center;\"><strong>Consejos:<\/strong><\/p>\n<p style=\"text-align: center;\">Ojear el mapa en familia y antes de salir, pactar rutas.<\/p>\n<p style=\"text-align: center;\">Entrar en los enlaces de cada sitio (de otro color y en las fotos) y \u00a0\u00bfpor qu\u00e9 no?\u00a0buscar\u00a0m\u00e1s informaci\u00f3n,<\/p>\n<p style=\"text-align: center;\">ser\u00e9is los mejores gu\u00edas\u00a0<strong>\u00bfcomenzamos la excursi\u00f3n?<\/strong><\/p>\n<p align=\"center\"><iframe src=\"https:\/\/mapsengine.google.com\/map\/embed?mid=zDCWI_VMYafs.k0MHNDFWimts\" width=\"640\" height=\"480\"><\/iframe><\/p>\n<p align=\"center\">Empezar\u00e9 recomendando TRES<strong><a href=\"http:\/\/www.galiciamaxica.eu\/mini\/category\/rutas\/\">\u00a0RUTAS<\/a><\/strong>\u00a0que son las que m\u00e1s solemos\u00a0repetir nosotros,<\/p>\n<p align=\"center\">en todas ellas disfrutar\u00e9is de paisajes maravillosos\u00a0y de la <strong><a href=\"http:\/\/www.galiciamaxica.eu\/mini\/hoy-naturaleza\/\">naturaleza<\/a><\/strong> gallega<\/p>\n<p align=\"center\">y es aqu\u00ed donde compartir\u00e9is grandes momentos en <strong>FAMILIA.<\/strong><\/p>\n<p align=\"center\"><img fetchpriority=\"high\" decoding=\"async\" class=\"alignnone\" src=\"https:\/\/galiciamaxica.eu\/mini\/wp-content\/uploads\/2019\/10\/BEAR.gif\" alt=\"\" width=\"395\" height=\"295\" \/><\/p>\n<p align=\"center\"><strong>ROTEIRO ETNOGR\u00c1FICO DE ZAM\u00c1NS<\/strong><\/p>\n<p align=\"center\"><img decoding=\"async\" class=\"aligncenter\" src=\"http:\/\/www.galiciamaxica.eu\/mini\/wp-content\/uploads\/2015\/07\/vilaza40.jpg\" alt=\"\" width=\"800\" height=\"534\" \/><\/p>\n<p align=\"center\"><img decoding=\"async\" class=\"aligncenter\" src=\"https:\/\/galiciamaxica.eu\/mini\/wp-content\/uploads\/2019\/10\/vilaza189.jpg\" alt=\"\" width=\"800\" height=\"534\" \/><\/p>\n<p align=\"center\"><strong>SENDERO DEL R\u00cdO EIFONSO<\/strong><\/p>\n<p align=\"center\">EN BEMBRIVE<\/p>\n<p align=\"center\"><strong><a href=\"http:\/\/www.galiciamaxica.eu\/mini\/parque-de-chans-galleiro\/\">UNA PARROQU\u00cdA CON MUCHOS LUGARES M\u00c1GICOS QUE DESCUBRIR<\/a><\/strong><\/p>\n<p align=\"center\"><img loading=\"lazy\" decoding=\"async\" class=\"aligncenter\" src=\"http:\/\/www.galiciamaxica.eu\/mini\/wp-content\/uploads\/2015\/05\/IMG_9840.jpg\" alt=\"\" width=\"812\" height=\"541\" \/><\/p>\n<p align=\"center\"><a href=\"http:\/\/www.galiciamaxica.eu\/pontevedra\/bouzafria\/\"><img loading=\"lazy\" decoding=\"async\" class=\"aligncenter\" src=\"https:\/\/galiciamaxica.eu\/mini\/wp-content\/uploads\/2019\/10\/IMG_9855.jpg\" alt=\"\" width=\"720\" height=\"480\" \/><\/a><\/p>\n<p align=\"center\"><strong><a href=\"http:\/\/www.galiciamaxica.eu\/pontevedra\/comarca-de-vigo\/vigo\/parquetea\/\">PASEO POR LA ETEA<\/a><\/strong><\/p>\n<p align=\"center\"><a href=\"http:\/\/www.galiciamaxica.eu\/pontevedra\/faroguia\/\"><img loading=\"lazy\" decoding=\"async\" class=\"aligncenter\" src=\"https:\/\/galiciamaxica.eu\/mini\/wp-content\/uploads\/2019\/10\/paseopunta5.jpg\" alt=\"\" width=\"720\" height=\"480\" \/><\/a><\/p>\n<p align=\"center\"><a href=\"http:\/\/www.galiciamaxica.eu\/pontevedra\/paseoguia\/\"><img loading=\"lazy\" decoding=\"async\" class=\"aligncenter\" src=\"https:\/\/galiciamaxica.eu\/mini\/wp-content\/uploads\/2019\/10\/paseopunta22.jpg\" alt=\"\" width=\"471\" height=\"314\" \/><\/a><\/p>\n<p align=\"center\"><a href=\"http:\/\/www.galiciamaxica.eu\/pontevedra\/paseoguia\/\"><img loading=\"lazy\" decoding=\"async\" class=\"aligncenter\" src=\"https:\/\/galiciamaxica.eu\/mini\/wp-content\/uploads\/2019\/10\/paseopunta19.jpg\" alt=\"\" width=\"801\" height=\"534\" \/><\/a><\/p>\n<p align=\"center\">Habr\u00e1n los que os recomienden tambi\u00e9n el <strong>Paseo de Bouzas<\/strong> con el <strong>Museo del Mar<\/strong> al lado.<\/p>\n<p align=\"center\"><strong><a href=\"http:\/\/www.galiciamaxica.eu\/pontevedra\/comarca-de-vigo\/vigo\/playavao\/\">O Vao<\/a><\/strong>\u00a0con la<strong><a href=\"http:\/\/www.galiciamaxica.eu\/pontevedra\/mirambel\/\"> finca Mirambel<\/a><\/strong>\u00a0o tambi\u00e9n conocida como la villa romana de Toralla que deb\u00e9is Visitar.<\/p>\n<p align=\"center\">Quiz\u00e1s os digan que lo mejor es perderse por el<strong> barrio\u00a0hist\u00f3rico<\/strong> e ir al <strong>Museo de las Illas atl\u00e1nticas.<\/strong><\/p>\n<p align=\"center\">\u00a0Terminar o empezar en el Museo\u00a0<a href=\"http:\/\/www.marcovigo.com\/\"><strong>Marco<\/strong> <\/a>\u00a0callejeando por el Centro y su conocida calle del Principe,<\/p>\n<p align=\"center\">si ser\u00e1 por opciones,\u00a0<span style=\"line-height: 1.5;\">si algo tiene <\/span><strong style=\"line-height: 1.5;\"><a href=\"http:\/\/www.galiciamaxica.eu\/galicia\/pontevedra\/comarca-de-vigo\/vigo\/\">Vigo<\/a>,<\/strong><span style=\"line-height: 1.5;\"> son lugares que visitar, <\/span><\/p>\n<p align=\"center\"><span style=\"line-height: 1.5;\">ojo, si de algo tambi\u00e9n se conoce la ciudad es por sus cuestas, para eso a ti no te asusta porque<\/span><\/p>\n<p align=\"center\">\u00a0hay tambi\u00e9n zonas muy llanitas<\/p>\n<p align=\"center\">como el<strong> paseo de Lagares<\/strong> con castrelos de premio y el <strong><a href=\"http:\/\/www.galiciamaxica.eu\/pontevedra\/pazo-quinones\/\">Pazo Museo Qui\u00f1ones de Le\u00f3n<\/a><\/strong>\u00a0para alegrar la vista.<\/p>\n<p align=\"center\"><strong>\u00bfQui\u00e9n ganar\u00e1?\u00a0<\/strong><\/p>\n<p align=\"center\"><img loading=\"lazy\" decoding=\"async\" class=\"alignnone\" src=\"https:\/\/galiciamaxica.eu\/mini\/wp-content\/uploads\/2019\/10\/0000000000000000000__aablague_entre_scientifiques000002525202525281252529.gif\" alt=\"\" width=\"450\" height=\"184\" \/><\/p>\n<p align=\"center\">Los <strong>PARQUES<\/strong> preferidos de mis ni\u00f1@s son,\u00a0<span style=\"line-height: 1.5;\">sin lugar a dudas el <\/span><strong style=\"line-height: 1.5;\"><a href=\"http:\/\/www.galiciamaxica.eu\/mini\/parque-de-o-castro\/\">CASTRO<\/a><\/strong><span style=\"line-height: 1.5;\"> Y <\/span><strong style=\"line-height: 1.5;\">CASTRELOS<\/strong><\/p>\n<p align=\"center\">En el Castro ten\u00e9is un yacimiento que nos cuenta los or\u00edgenes de esta gran ciudad, una fortaleza desde la que disfrutar de unas maravillosas vistas, naturaleza,\u00a0parques para toda las edades, paseo, zona de bicis, skate, biosaludable, cafeter\u00eda, servicios&#8230;<\/p>\n<p align=\"center\"><strong><a href=\"http:\/\/www.galiciamaxica.eu\/mini\/parque-de-o-castro\/\">Lo mejor, acercarse al\u00a0CASTRO<\/a><\/strong><\/p>\n<p align=\"center\"><a href=\"http:\/\/www.galiciamaxica.eu\/pontevedra\/comarca-de-vigo\/vigo\/castrodevigo\/\"><img loading=\"lazy\" decoding=\"async\" class=\"aligncenter\" src=\"https:\/\/galiciamaxica.eu\/mini\/wp-content\/uploads\/2019\/10\/castrovigo2528272529-copia.jpg\" alt=\"\" width=\"495\" height=\"371\" \/><\/a><\/p>\n<p align=\"center\"><a href=\"http:\/\/www.galiciamaxica.eu\/pontevedra\/fortaleza-del-castro\/\"><img loading=\"lazy\" decoding=\"async\" class=\"aligncenter\" src=\"https:\/\/galiciamaxica.eu\/mini\/wp-content\/uploads\/2019\/10\/castro238.jpg\" alt=\"\" width=\"779\" height=\"519\" \/><\/a><\/p>\n<p align=\"center\"><a href=\"http:\/\/www.galiciamaxica.eu\/pontevedra\/parquecastro\/\"><img loading=\"lazy\" decoding=\"async\" class=\"aligncenter\" src=\"https:\/\/galiciamaxica.eu\/mini\/wp-content\/uploads\/2019\/10\/castro138.jpg\" alt=\"\" width=\"527\" height=\"352\" \/><\/a><\/p>\n<p align=\"center\"><a href=\"http:\/\/www.galiciamaxica.eu\/mini\/parque-de-o-castro\/\"><img loading=\"lazy\" decoding=\"async\" class=\"aligncenter\" src=\"https:\/\/galiciamaxica.eu\/mini\/wp-content\/uploads\/2019\/10\/castro8.jpg\" alt=\"\" width=\"798\" height=\"532\" \/><\/a><\/p>\n<p align=\"center\">\u00a0Dejamos el <a href=\"http:\/\/www.galiciamaxica.eu\/pontevedra\/parquecastro\/\"><strong>Monte de\u00a0O\u00a0Castro<\/strong> <\/a>y sus maravillosas Vistas a las <strong>Islas C\u00edes <\/strong><\/p>\n<p align=\"center\">\u00a0para acercarnos a otro parque.<\/p>\n<p align=\"center\">\n<p align=\"center\">Le llaman el pulm\u00f3n de Vigo\u00a0ya que la naturaleza convive en una\u00a0zona de esparcimiento de\u00a0<strong>22\u00a0hect\u00e1reas<\/strong>, un paseo lo discurre, el de Lagares,<strong><a href=\"http:\/\/www.galiciamaxica.eu\/pontevedra\/pazo-quinones\/\"> un pazo museo el Qui\u00f1ones de Le\u00f3n<\/a><\/strong> lo adornan, estanques, parques, pistas de atletismo, auditorio al aire libre, servicios&#8230;<\/p>\n<p align=\"center\"><strong>CASTRELOS\u00a0lo recorremos<\/strong><\/p>\n<p align=\"center\"><a href=\"http:\/\/www.galiciamaxica.eu\/pontevedra\/pazo-quinones\/\"><img loading=\"lazy\" decoding=\"async\" class=\"aligncenter\" src=\"https:\/\/galiciamaxica.eu\/mini\/wp-content\/uploads\/2019\/10\/100_3027.jpg\" alt=\"\" width=\"1024\" height=\"760\" \/><\/a><\/p>\n<p align=\"center\"><a href=\"http:\/\/www.galiciamaxica.eu\/pontevedra\/pazo-quinones\/\"><img loading=\"lazy\" decoding=\"async\" class=\"aligncenter\" src=\"https:\/\/galiciamaxica.eu\/mini\/wp-content\/uploads\/2019\/10\/100_3021.jpg\" alt=\"\" width=\"496\" height=\"368\" \/><\/a><\/p>\n<p align=\"center\"><img loading=\"lazy\" decoding=\"async\" class=\"aligncenter\" src=\"https:\/\/galiciamaxica.eu\/mini\/wp-content\/uploads\/2019\/10\/castrelos33.jpg\" alt=\"\" width=\"912\" height=\"608\" \/><\/p>\n<p align=\"center\"><img loading=\"lazy\" decoding=\"async\" class=\"alignnone\" src=\"https:\/\/galiciamaxica.eu\/mini\/wp-content\/uploads\/2019\/10\/castrelos14.jpg\" alt=\"\" width=\"491\" height=\"327\" \/><\/p>\n<p align=\"center\">Ahora os Mostrar\u00e9 <strong><a href=\"http:\/\/www.galiciamaxica.eu\/pontevedra\/combarro\/\">CUATRO\u00a0DE NUESTROS\u00a0<\/a><\/strong>Lugares preferidos desde los que contemplar\u00a0<strong><a href=\"http:\/\/www.galiciamaxica.eu\/galicia\/pontevedra\/comarca-de-vigo\/vigo\/\">VIGO<\/a><\/strong><\/p>\n<p align=\"center\"><strong>MONTE CEPUDO<\/strong><\/p>\n<p align=\"center\"><a href=\"http:\/\/www.galiciamaxica.eu\/pontevedra\/comarca-de-vigo\/vigo\/monte-cepudo\/\"><img loading=\"lazy\" decoding=\"async\" class=\"aligncenter\" src=\"https:\/\/galiciamaxica.eu\/mini\/wp-content\/uploads\/2019\/10\/IMG_9422.jpg\" alt=\"\" width=\"1024\" height=\"683\" \/><\/a><\/p>\n<p align=\"center\"><strong><a href=\"http:\/\/www.galiciamaxica.eu\/pontevedra\/montes-de-coruxo\/\">MONTE DE CORUXO<\/a><\/strong><\/p>\n<p align=\"center\"><a href=\"http:\/\/www.galiciamaxica.eu\/pontevedra\/montes-de-coruxo\/\"><img loading=\"lazy\" decoding=\"async\" class=\"aligncenter\" src=\"https:\/\/galiciamaxica.eu\/mini\/wp-content\/uploads\/2019\/10\/100_5384.jpg\" alt=\"\" width=\"640\" height=\"480\" \/><\/a><\/p>\n<p align=\"center\"><strong><a href=\"http:\/\/www.galiciamaxica.eu\/pontevedra\/monte-alba\/\">MONTE ALBA<\/a><\/strong><\/p>\n<figure style=\"width: 1024px\" class=\"wp-caption aligncenter\"><a href=\"http:\/\/www.galiciamaxica.eu\/pontevedra\/monte-alba\/\"><img loading=\"lazy\" decoding=\"async\" src=\"https:\/\/galiciamaxica.eu\/mini\/wp-content\/uploads\/2019\/10\/IMG_9419.jpg\" alt=\"\" width=\"1024\" height=\"683\" \/><\/a><figcaption class=\"wp-caption-text\"><strong>Vistas al Monte Alba desde el Monte Cepudo<\/strong><\/figcaption><\/figure>\n<p align=\"center\"><a href=\"http:\/\/www.galiciamaxica.eu\/pontevedra\/comarca-de-vigo\/vigo\/laguia\/\"><strong>A GU\u00cdA<\/strong><\/a><\/p>\n<p align=\"center\"><a href=\"http:\/\/www.galiciamaxica.eu\/pontevedra\/comarca-de-vigo\/vigo\/laguia\/\"><img loading=\"lazy\" decoding=\"async\" class=\"aligncenter\" src=\"https:\/\/galiciamaxica.eu\/mini\/wp-content\/uploads\/2019\/10\/P3315160.jpg\" alt=\"\" width=\"1024\" height=\"768\" \/><\/a><\/p>\n<p align=\"center\"><img loading=\"lazy\" decoding=\"async\" class=\"alignnone\" src=\"https:\/\/galiciamaxica.eu\/mini\/wp-content\/uploads\/2019\/10\/tumblr_n734ql0Joz1qdlh1io1_400.gif\" alt=\"\" width=\"391\" height=\"244\" \/><\/p>\n<p align=\"center\">No nos\u00a0olvidamos de <strong>PRESENTAROS<\/strong>\u00a0la m\u00e1s conocida de sus playas,la de <strong>SAMIL<\/strong><\/p>\n<p align=\"center\"><img loading=\"lazy\" decoding=\"async\" class=\"aligncenter\" src=\"https:\/\/galiciamaxica.eu\/mini\/wp-content\/uploads\/2019\/10\/samil10.jpg\" alt=\"\" width=\"800\" height=\"533\" \/><\/p>\n<p align=\"center\"><img loading=\"lazy\" decoding=\"async\" class=\"aligncenter\" src=\"https:\/\/galiciamaxica.eu\/mini\/wp-content\/uploads\/2019\/10\/1_samil40.jpg\" alt=\"\" width=\"800\" height=\"533\" \/><\/p>\n<p align=\"center\"><img loading=\"lazy\" decoding=\"async\" class=\"aligncenter\" src=\"https:\/\/galiciamaxica.eu\/mini\/wp-content\/uploads\/2019\/10\/1_samilc2.jpg\" alt=\"\" width=\"800\" height=\"533\" \/><\/p>\n<p align=\"center\">Desde la que tendr\u00e9is grandes vistas\u00a0al para\u00edso.<\/p>\n<p align=\"center\"><img loading=\"lazy\" decoding=\"async\" class=\"aligncenter\" src=\"http:\/\/www.galiciamaxica.eu\/mini\/wp-content\/uploads\/2015\/08\/a.jpg\" alt=\"\" width=\"912\" height=\"608\" \/><\/p>\n<p align=\"center\">Os recomiendo visitar las\u00a0<strong>ISLAS C\u00cdES\u00a0<\/strong><\/p>\n<p align=\"center\"><strong>\u00bfCansados?<\/strong><\/p>\n<p align=\"center\"><img loading=\"lazy\" decoding=\"async\" class=\"alignnone\" src=\"https:\/\/galiciamaxica.eu\/mini\/wp-content\/uploads\/2019\/10\/tumblr_mhwr2bLgr21rv5hpwo1_400.gif\" alt=\"\" width=\"400\" height=\"225\" \/><\/p>\n<p align=\"center\"><strong>Aunque no est\u00e9n en\u00a0<a href=\"http:\/\/www.galiciamaxica.eu\/galicia\/pontevedra\/comarca-de-vigo\/vigo\/\">VIGO<\/a>, POR CERCAN\u00cdA os recomiendo ACERCAROS A<\/strong><\/p>\n<p align=\"center\"><strong>REDONDELA<\/strong><\/p>\n<p align=\"center\"><img loading=\"lazy\" decoding=\"async\" class=\"aligncenter\" src=\"http:\/\/www.galiciamaxica.eu\/mini\/wp-content\/uploads\/2015\/08\/feixa168.jpg\" alt=\"\" width=\"357\" height=\"238\" \/><\/p>\n<p align=\"center\"><strong>PARQUE NATURAL MONTE ALOIA<\/strong><\/p>\n<p align=\"center\">\u00a0EN<strong> <a href=\"http:\/\/www.galiciamaxica.eu\/tui\">TUI<\/a><\/strong><\/p>\n<p align=\"center\"><img loading=\"lazy\" decoding=\"async\" class=\"aligncenter\" src=\"https:\/\/galiciamaxica.eu\/mini\/wp-content\/uploads\/2019\/10\/aloia25252025252814252529.jpg\" alt=\"\" width=\"352\" height=\"236\" \/><\/p>\n<p align=\"center\"><strong>BAIONA<\/strong><\/p>\n<p align=\"center\"><img loading=\"lazy\" decoding=\"async\" class=\"aligncenter\" src=\"http:\/\/www.galiciamaxica.eu\/mini\/wp-content\/uploads\/2015\/08\/IMG_2605.jpg\" alt=\"\" width=\"386\" height=\"257\" \/><\/p>\n","protected":false},"excerpt":{"rendered":"<p>Y si de una ciudad os puedo hablar mejor quiz\u00e1s sea de Vigo, ya que mis ni\u00f1os se han cr\u00edado en ella, ten\u00e9is a vuestra disposici\u00f3n un sinf\u00edn de parques adornando\u00a0toda la ciudad, museos y lugares en los que perderse es todo un placer. Pero como no me llegar\u00eda el d\u00eda para hablaros de mi\u00a0ciudad, [&hellip;]<\/p>\n","protected":false},"author":1,"featured_media":1299,"comment_status":"open","ping_status":"open","sticky":false,"template":"","format":"standard","meta":{"_eb_attr":"","site-sidebar-layout":"default","site-content-layout":"","ast-site-content-layout":"","site-content-style":"default","site-sidebar-style":"default","ast-global-header-display":"","ast-banner-title-visibility":"","ast-main-header-display":"","ast-hfb-above-header-display":"","ast-hfb-below-header-display":"","ast-hfb-mobile-header-display":"","site-post-title":"","ast-breadcrumbs-content":"","ast-featured-img":"","footer-sml-layout":"","theme-transparent-header-meta":"","adv-header-id-meta":"","stick-header-meta":"","header-above-stick-meta":"","header-main-stick-meta":"","header-below-stick-meta":"","astra-migrate-meta-layouts":"default","ast-page-background-enabled":"default","ast-page-background-meta":{"desktop":{"background-color":"","background-image":"","background-repeat":"repeat","background-position":"center center","background-size":"auto","background-attachment":"scroll","background-type":"","background-media":"","overlay-type":"","overlay-color":"","overlay-opacity":"","overlay-gradient":""},"tablet":{"background-color":"","background-image":"","background-repeat":"repeat","background-position":"center center","background-size":"auto","background-attachment":"scroll","background-type":"","background-media":"","overlay-type":"","overlay-color":"","overlay-opacity":"","overlay-gradient":""},"mobile":{"background-color":"","background-image":"","background-repeat":"repeat","background-position":"center center","background-size":"auto","background-attachment":"scroll","background-type":"","background-media":"","overlay-type":"","overlay-color":"","overlay-opacity":"","overlay-gradient":""}},"ast-content-background-meta":{"desktop":{"background-color":"var(--ast-global-color-5)","background-image":"","background-repeat":"repeat","background-position":"center center","background-size":"auto","background-attachment":"scroll","background-type":"","background-media":"","overlay-type":"","overlay-color":"","overlay-opacity":"","overlay-gradient":""},"tablet":{"background-color":"var(--ast-global-color-5)","background-image":"","background-repeat":"repeat","background-position":"center center","background-size":"auto","background-attachment":"scroll","background-type":"","background-media":"","overlay-type":"","overlay-color":"","overlay-opacity":"","overlay-gradient":""},"mobile":{"background-color":"var(--ast-global-color-5)","background-image":"","background-repeat":"repeat","background-position":"center center","background-size":"auto","background-attachment":"scroll","background-type":"","background-media":"","overlay-type":"","overlay-color":"","overlay-opacity":"","overlay-gradient":""}},"footnotes":""},"categories":[15,48],"tags":[27,112,160,45,8,64,25,37,21,5,36,40,117,47,118,39,55,20,2,16,145,52,23,146,53,42,88,43,4,7,3,38],"class_list":["post-1295","post","type-post","status-publish","format-standard","has-post-thumbnail","hentry","category-lugares","category-pontevedra","tag-bosque","tag-castro","tag-dolmen","tag-fervenza","tag-findesemana","tag-fortaleza","tag-galicia","tag-galiciamaxica","tag-juegos","tag-libre","tag-lugares","tag-mar","tag-mirador","tag-molinos","tag-monte","tag-museo","tag-natural","tag-naturaleza","tag-ninos","tag-parque","tag-pequenos","tag-playa","tag-pontevedra","tag-quehacer","tag-rio","tag-ruta","tag-samil","tag-sendero","tag-tiempo","tag-vacaciones","tag-viajes","tag-vigo"],"yoast_head":"<!-- This site is optimized with the Yoast SEO plugin v24.9 - https:\/\/yoast.com\/wordpress\/plugins\/seo\/ -->\n<title>Hoy Vigo - Galicia con ni\u00f1os | GALICIA M\u00c1XICA<\/title>\n<meta name=\"robots\" content=\"index, follow, max-snippet:-1, max-image-preview:large, max-video-preview:-1\" \/>\n<link rel=\"canonical\" href=\"https:\/\/www.galiciamaxica.eu\/mini\/hoy-vigo\/\" \/>\n<meta property=\"og:locale\" content=\"es_ES\" \/>\n<meta property=\"og:type\" content=\"article\" \/>\n<meta property=\"og:title\" content=\"Hoy Vigo - Galicia con ni\u00f1os | GALICIA M\u00c1XICA\" \/>\n<meta property=\"og:description\" content=\"Y si de una ciudad os puedo hablar mejor quiz\u00e1s sea de Vigo, ya que mis ni\u00f1os se han cr\u00edado en ella, ten\u00e9is a vuestra disposici\u00f3n un sinf\u00edn de parques adornando\u00a0toda la ciudad, museos y lugares en los que perderse es todo un placer. Pero como no me llegar\u00eda el d\u00eda para hablaros de mi\u00a0ciudad, [&hellip;]\" \/>\n<meta property=\"og:url\" content=\"https:\/\/www.galiciamaxica.eu\/mini\/hoy-vigo\/\" \/>\n<meta property=\"og:site_name\" content=\"Galicia con ni\u00f1os | GALICIA M\u00c1XICA\" \/>\n<meta property=\"article:publisher\" content=\"https:\/\/www.facebook.com\/maria.rodriguezserantes\" \/>\n<meta property=\"article:author\" content=\"https:\/\/www.facebook.com\/maria.rodriguezserantes\" \/>\n<meta property=\"article:published_time\" content=\"2015-09-05T18:24:40+00:00\" \/>\n<meta property=\"article:modified_time\" content=\"2026-03-29T19:56:45+00:00\" \/>\n<meta property=\"og:image\" content=\"https:\/\/www.galiciamaxica.eu\/mini\/wp-content\/uploads\/2015\/09\/o.jpg\" \/>\n\t<meta property=\"og:image:width\" content=\"1152\" \/>\n\t<meta property=\"og:image:height\" content=\"768\" \/>\n\t<meta property=\"og:image:type\" content=\"image\/jpeg\" \/>\n<meta name=\"author\" content=\"seseixa\" \/>\n<meta name=\"twitter:card\" content=\"summary_large_image\" \/>\n<meta name=\"twitter:creator\" content=\"@seseixa\" \/>\n<meta name=\"twitter:site\" content=\"@seseixa\" \/>\n<meta name=\"twitter:label1\" content=\"Escrito por\" \/>\n\t<meta name=\"twitter:data1\" content=\"seseixa\" \/>\n\t<meta name=\"twitter:label2\" content=\"Tiempo de lectura\" \/>\n\t<meta name=\"twitter:data2\" content=\"3 minutos\" \/>\n<script type=\"application\/ld+json\" class=\"yoast-schema-graph\">{\"@context\":\"https:\/\/schema.org\",\"@graph\":[{\"@type\":\"Article\",\"@id\":\"https:\/\/www.galiciamaxica.eu\/mini\/hoy-vigo\/#article\",\"isPartOf\":{\"@id\":\"https:\/\/www.galiciamaxica.eu\/mini\/hoy-vigo\/\"},\"author\":{\"name\":\"seseixa\",\"@id\":\"https:\/\/www.galiciamaxica.eu\/mini\/#\/schema\/person\/2b284fe2fd911000a48d2e8936300179\"},\"headline\":\"Hoy Vigo\",\"datePublished\":\"2015-09-05T18:24:40+00:00\",\"dateModified\":\"2026-03-29T19:56:45+00:00\",\"mainEntityOfPage\":{\"@id\":\"https:\/\/www.galiciamaxica.eu\/mini\/hoy-vigo\/\"},\"wordCount\":562,\"commentCount\":4,\"publisher\":{\"@id\":\"https:\/\/www.galiciamaxica.eu\/mini\/#\/schema\/person\/2b284fe2fd911000a48d2e8936300179\"},\"image\":{\"@id\":\"https:\/\/www.galiciamaxica.eu\/mini\/hoy-vigo\/#primaryimage\"},\"thumbnailUrl\":\"https:\/\/www.galiciamaxica.eu\/mini\/wp-content\/uploads\/2015\/09\/o.jpg\",\"keywords\":[\"bosque\",\"castro\",\"dolmen\",\"fervenza\",\"findesemana\",\"fortaleza\",\"Galicia\",\"galiciamaxica\",\"juegos\",\"libre\",\"lugares\",\"mar\",\"MIRADOR\",\"molinos\",\"MONTE\",\"museo\",\"natural\",\"naturaleza\",\"ni\u00f1os\",\"parque\",\"peque\u00f1os\",\"playa\",\"pontevedra\",\"quehacer\",\"rio\",\"ruta\",\"samil\",\"sendero\",\"tiempo\",\"vacaciones\",\"viajes\",\"Vigo\"],\"articleSection\":[\"LUGARES\",\"PONTEVEDRA\"],\"inLanguage\":\"es\",\"potentialAction\":[{\"@type\":\"CommentAction\",\"name\":\"Comment\",\"target\":[\"https:\/\/www.galiciamaxica.eu\/mini\/hoy-vigo\/#respond\"]}]},{\"@type\":\"WebPage\",\"@id\":\"https:\/\/www.galiciamaxica.eu\/mini\/hoy-vigo\/\",\"url\":\"https:\/\/www.galiciamaxica.eu\/mini\/hoy-vigo\/\",\"name\":\"Hoy Vigo - Galicia con ni\u00f1os | GALICIA M\u00c1XICA\",\"isPartOf\":{\"@id\":\"https:\/\/www.galiciamaxica.eu\/mini\/#website\"},\"primaryImageOfPage\":{\"@id\":\"https:\/\/www.galiciamaxica.eu\/mini\/hoy-vigo\/#primaryimage\"},\"image\":{\"@id\":\"https:\/\/www.galiciamaxica.eu\/mini\/hoy-vigo\/#primaryimage\"},\"thumbnailUrl\":\"https:\/\/www.galiciamaxica.eu\/mini\/wp-content\/uploads\/2015\/09\/o.jpg\",\"datePublished\":\"2015-09-05T18:24:40+00:00\",\"dateModified\":\"2026-03-29T19:56:45+00:00\",\"breadcrumb\":{\"@id\":\"https:\/\/www.galiciamaxica.eu\/mini\/hoy-vigo\/#breadcrumb\"},\"inLanguage\":\"es\",\"potentialAction\":[{\"@type\":\"ReadAction\",\"target\":[\"https:\/\/www.galiciamaxica.eu\/mini\/hoy-vigo\/\"]}]},{\"@type\":\"ImageObject\",\"inLanguage\":\"es\",\"@id\":\"https:\/\/www.galiciamaxica.eu\/mini\/hoy-vigo\/#primaryimage\",\"url\":\"https:\/\/www.galiciamaxica.eu\/mini\/wp-content\/uploads\/2015\/09\/o.jpg\",\"contentUrl\":\"https:\/\/www.galiciamaxica.eu\/mini\/wp-content\/uploads\/2015\/09\/o.jpg\",\"width\":1152,\"height\":768,\"caption\":\"o\"},{\"@type\":\"BreadcrumbList\",\"@id\":\"https:\/\/www.galiciamaxica.eu\/mini\/hoy-vigo\/#breadcrumb\",\"itemListElement\":[{\"@type\":\"ListItem\",\"position\":1,\"name\":\"Portada\",\"item\":\"https:\/\/www.galiciamaxica.eu\/mini\/\"},{\"@type\":\"ListItem\",\"position\":2,\"name\":\"Hoy Vigo\"}]},{\"@type\":\"WebSite\",\"@id\":\"https:\/\/www.galiciamaxica.eu\/mini\/#website\",\"url\":\"https:\/\/www.galiciamaxica.eu\/mini\/\",\"name\":\"Galicia con ni\u00f1os | GALICIA M\u00c1XICA\",\"description\":\"Qu\u00e9 hacer con ni\u00f1os en Galicia\",\"publisher\":{\"@id\":\"https:\/\/www.galiciamaxica.eu\/mini\/#\/schema\/person\/2b284fe2fd911000a48d2e8936300179\"},\"potentialAction\":[{\"@type\":\"SearchAction\",\"target\":{\"@type\":\"EntryPoint\",\"urlTemplate\":\"https:\/\/www.galiciamaxica.eu\/mini\/?s={search_term_string}\"},\"query-input\":{\"@type\":\"PropertyValueSpecification\",\"valueRequired\":true,\"valueName\":\"search_term_string\"}}],\"inLanguage\":\"es\"},{\"@type\":[\"Person\",\"Organization\"],\"@id\":\"https:\/\/www.galiciamaxica.eu\/mini\/#\/schema\/person\/2b284fe2fd911000a48d2e8936300179\",\"name\":\"seseixa\",\"image\":{\"@type\":\"ImageObject\",\"inLanguage\":\"es\",\"@id\":\"https:\/\/www.galiciamaxica.eu\/mini\/#\/schema\/person\/image\/\",\"url\":\"https:\/\/www.galiciamaxica.eu\/mini\/wp-content\/uploads\/2019\/02\/seseixa.png\",\"contentUrl\":\"https:\/\/www.galiciamaxica.eu\/mini\/wp-content\/uploads\/2019\/02\/seseixa.png\",\"width\":100,\"height\":100,\"caption\":\"seseixa\"},\"logo\":{\"@id\":\"https:\/\/www.galiciamaxica.eu\/mini\/#\/schema\/person\/image\/\"},\"description\":\"En la actualidad combinando dos proyectos que me apasionan, Galicia y los ni\u00f1os. Tengo mucho que aportar y otro tanto que aprender, as\u00ed como, el tiempo y el coraz\u00f3n, dividido en todo momento. Soy mam\u00e1, un titulo otorgado a tiempo completo, compa\u00f1era y amiga, a todas horas, familiar y cercana, siempre. De esp\u00edritu inquieto, soy una eterna ni\u00f1a que juega en el pa\u00eds de las maravillas. Una enamorada de mi tierra, por la que trabajo sin descanso. Creo en la infancia como motor que cambiar\u00e1 el mundo a mejor y busco en mi vida la felicidad como estado permanente porque s\u00f3lo se vive una vez.\",\"sameAs\":[\"http:\/\/mini.galiciamaxica.eu\/\",\"https:\/\/www.facebook.com\/maria.rodriguezserantes\",\"https:\/\/x.com\/seseixa\"],\"url\":\"https:\/\/www.galiciamaxica.eu\/mini\/author\/seseixa\/\"}]}<\/script>\n<!-- \/ Yoast SEO plugin. -->","yoast_head_json":{"title":"Hoy Vigo - Galicia con ni\u00f1os | GALICIA M\u00c1XICA","robots":{"index":"index","follow":"follow","max-snippet":"max-snippet:-1","max-image-preview":"max-image-preview:large","max-video-preview":"max-video-preview:-1"},"canonical":"https:\/\/www.galiciamaxica.eu\/mini\/hoy-vigo\/","og_locale":"es_ES","og_type":"article","og_title":"Hoy Vigo - Galicia con ni\u00f1os | GALICIA M\u00c1XICA","og_description":"Y si de una ciudad os puedo hablar mejor quiz\u00e1s sea de Vigo, ya que mis ni\u00f1os se han cr\u00edado en ella, ten\u00e9is a vuestra disposici\u00f3n un sinf\u00edn de parques adornando\u00a0toda la ciudad, museos y lugares en los que perderse es todo un placer. Pero como no me llegar\u00eda el d\u00eda para hablaros de mi\u00a0ciudad, [&hellip;]","og_url":"https:\/\/www.galiciamaxica.eu\/mini\/hoy-vigo\/","og_site_name":"Galicia con ni\u00f1os | GALICIA M\u00c1XICA","article_publisher":"https:\/\/www.facebook.com\/maria.rodriguezserantes","article_author":"https:\/\/www.facebook.com\/maria.rodriguezserantes","article_published_time":"2015-09-05T18:24:40+00:00","article_modified_time":"2026-03-29T19:56:45+00:00","og_image":[{"width":1152,"height":768,"url":"https:\/\/www.galiciamaxica.eu\/mini\/wp-content\/uploads\/2015\/09\/o.jpg","type":"image\/jpeg"}],"author":"seseixa","twitter_card":"summary_large_image","twitter_creator":"@seseixa","twitter_site":"@seseixa","twitter_misc":{"Escrito por":"seseixa","Tiempo de lectura":"3 minutos"},"schema":{"@context":"https:\/\/schema.org","@graph":[{"@type":"Article","@id":"https:\/\/www.galiciamaxica.eu\/mini\/hoy-vigo\/#article","isPartOf":{"@id":"https:\/\/www.galiciamaxica.eu\/mini\/hoy-vigo\/"},"author":{"name":"seseixa","@id":"https:\/\/www.galiciamaxica.eu\/mini\/#\/schema\/person\/2b284fe2fd911000a48d2e8936300179"},"headline":"Hoy Vigo","datePublished":"2015-09-05T18:24:40+00:00","dateModified":"2026-03-29T19:56:45+00:00","mainEntityOfPage":{"@id":"https:\/\/www.galiciamaxica.eu\/mini\/hoy-vigo\/"},"wordCount":562,"commentCount":4,"publisher":{"@id":"https:\/\/www.galiciamaxica.eu\/mini\/#\/schema\/person\/2b284fe2fd911000a48d2e8936300179"},"image":{"@id":"https:\/\/www.galiciamaxica.eu\/mini\/hoy-vigo\/#primaryimage"},"thumbnailUrl":"https:\/\/www.galiciamaxica.eu\/mini\/wp-content\/uploads\/2015\/09\/o.jpg","keywords":["bosque","castro","dolmen","fervenza","findesemana","fortaleza","Galicia","galiciamaxica","juegos","libre","lugares","mar","MIRADOR","molinos","MONTE","museo","natural","naturaleza","ni\u00f1os","parque","peque\u00f1os","playa","pontevedra","quehacer","rio","ruta","samil","sendero","tiempo","vacaciones","viajes","Vigo"],"articleSection":["LUGARES","PONTEVEDRA"],"inLanguage":"es","potentialAction":[{"@type":"CommentAction","name":"Comment","target":["https:\/\/www.galiciamaxica.eu\/mini\/hoy-vigo\/#respond"]}]},{"@type":"WebPage","@id":"https:\/\/www.galiciamaxica.eu\/mini\/hoy-vigo\/","url":"https:\/\/www.galiciamaxica.eu\/mini\/hoy-vigo\/","name":"Hoy Vigo - Galicia con ni\u00f1os | GALICIA M\u00c1XICA","isPartOf":{"@id":"https:\/\/www.galiciamaxica.eu\/mini\/#website"},"primaryImageOfPage":{"@id":"https:\/\/www.galiciamaxica.eu\/mini\/hoy-vigo\/#primaryimage"},"image":{"@id":"https:\/\/www.galiciamaxica.eu\/mini\/hoy-vigo\/#primaryimage"},"thumbnailUrl":"https:\/\/www.galiciamaxica.eu\/mini\/wp-content\/uploads\/2015\/09\/o.jpg","datePublished":"2015-09-05T18:24:40+00:00","dateModified":"2026-03-29T19:56:45+00:00","breadcrumb":{"@id":"https:\/\/www.galiciamaxica.eu\/mini\/hoy-vigo\/#breadcrumb"},"inLanguage":"es","potentialAction":[{"@type":"ReadAction","target":["https:\/\/www.galiciamaxica.eu\/mini\/hoy-vigo\/"]}]},{"@type":"ImageObject","inLanguage":"es","@id":"https:\/\/www.galiciamaxica.eu\/mini\/hoy-vigo\/#primaryimage","url":"https:\/\/www.galiciamaxica.eu\/mini\/wp-content\/uploads\/2015\/09\/o.jpg","contentUrl":"https:\/\/www.galiciamaxica.eu\/mini\/wp-content\/uploads\/2015\/09\/o.jpg","width":1152,"height":768,"caption":"o"},{"@type":"BreadcrumbList","@id":"https:\/\/www.galiciamaxica.eu\/mini\/hoy-vigo\/#breadcrumb","itemListElement":[{"@type":"ListItem","position":1,"name":"Portada","item":"https:\/\/www.galiciamaxica.eu\/mini\/"},{"@type":"ListItem","position":2,"name":"Hoy Vigo"}]},{"@type":"WebSite","@id":"https:\/\/www.galiciamaxica.eu\/mini\/#website","url":"https:\/\/www.galiciamaxica.eu\/mini\/","name":"Galicia con ni\u00f1os | GALICIA M\u00c1XICA","description":"Qu\u00e9 hacer con ni\u00f1os en Galicia","publisher":{"@id":"https:\/\/www.galiciamaxica.eu\/mini\/#\/schema\/person\/2b284fe2fd911000a48d2e8936300179"},"potentialAction":[{"@type":"SearchAction","target":{"@type":"EntryPoint","urlTemplate":"https:\/\/www.galiciamaxica.eu\/mini\/?s={search_term_string}"},"query-input":{"@type":"PropertyValueSpecification","valueRequired":true,"valueName":"search_term_string"}}],"inLanguage":"es"},{"@type":["Person","Organization"],"@id":"https:\/\/www.galiciamaxica.eu\/mini\/#\/schema\/person\/2b284fe2fd911000a48d2e8936300179","name":"seseixa","image":{"@type":"ImageObject","inLanguage":"es","@id":"https:\/\/www.galiciamaxica.eu\/mini\/#\/schema\/person\/image\/","url":"https:\/\/www.galiciamaxica.eu\/mini\/wp-content\/uploads\/2019\/02\/seseixa.png","contentUrl":"https:\/\/www.galiciamaxica.eu\/mini\/wp-content\/uploads\/2019\/02\/seseixa.png","width":100,"height":100,"caption":"seseixa"},"logo":{"@id":"https:\/\/www.galiciamaxica.eu\/mini\/#\/schema\/person\/image\/"},"description":"En la actualidad combinando dos proyectos que me apasionan, Galicia y los ni\u00f1os. Tengo mucho que aportar y otro tanto que aprender, as\u00ed como, el tiempo y el coraz\u00f3n, dividido en todo momento. Soy mam\u00e1, un titulo otorgado a tiempo completo, compa\u00f1era y amiga, a todas horas, familiar y cercana, siempre. De esp\u00edritu inquieto, soy una eterna ni\u00f1a que juega en el pa\u00eds de las maravillas. Una enamorada de mi tierra, por la que trabajo sin descanso. Creo en la infancia como motor que cambiar\u00e1 el mundo a mejor y busco en mi vida la felicidad como estado permanente porque s\u00f3lo se vive una vez.","sameAs":["http:\/\/mini.galiciamaxica.eu\/","https:\/\/www.facebook.com\/maria.rodriguezserantes","https:\/\/x.com\/seseixa"],"url":"https:\/\/www.galiciamaxica.eu\/mini\/author\/seseixa\/"}]}},"amp_enabled":true,"post_mailing_queue_ids":[],"_links":{"self":[{"href":"https:\/\/www.galiciamaxica.eu\/mini\/wp-json\/wp\/v2\/posts\/1295"}],"collection":[{"href":"https:\/\/www.galiciamaxica.eu\/mini\/wp-json\/wp\/v2\/posts"}],"about":[{"href":"https:\/\/www.galiciamaxica.eu\/mini\/wp-json\/wp\/v2\/types\/post"}],"author":[{"embeddable":true,"href":"https:\/\/www.galiciamaxica.eu\/mini\/wp-json\/wp\/v2\/users\/1"}],"replies":[{"embeddable":true,"href":"https:\/\/www.galiciamaxica.eu\/mini\/wp-json\/wp\/v2\/comments?post=1295"}],"version-history":[{"count":12,"href":"https:\/\/www.galiciamaxica.eu\/mini\/wp-json\/wp\/v2\/posts\/1295\/revisions"}],"predecessor-version":[{"id":23118,"href":"https:\/\/www.galiciamaxica.eu\/mini\/wp-json\/wp\/v2\/posts\/1295\/revisions\/23118"}],"wp:featuredmedia":[{"embeddable":true,"href":"https:\/\/www.galiciamaxica.eu\/mini\/wp-json\/wp\/v2\/media\/1299"}],"wp:attachment":[{"href":"https:\/\/www.galiciamaxica.eu\/mini\/wp-json\/wp\/v2\/media?parent=1295"}],"wp:term":[{"taxonomy":"category","embeddable":true,"href":"https:\/\/www.galiciamaxica.eu\/mini\/wp-json\/wp\/v2\/categories?post=1295"},{"taxonomy":"post_tag","embeddable":true,"href":"https:\/\/www.galiciamaxica.eu\/mini\/wp-json\/wp\/v2\/tags?post=1295"}],"curies":[{"name":"wp","href":"https:\/\/api.w.org\/{rel}","templated":true}]}}