{"id":1259,"date":"2015-09-02T16:14:16","date_gmt":"2015-09-02T16:14:16","guid":{"rendered":"http:\/\/www.galiciamaxica.eu\/mini\/?p=1259"},"modified":"2026-03-29T21:56:14","modified_gmt":"2026-03-29T19:56:14","slug":"hoy-a-guarda","status":"publish","type":"post","link":"https:\/\/www.galiciamaxica.eu\/mini\/hoy-a-guarda\/","title":{"rendered":"Hoy A GUARDA"},"content":{"rendered":"<p style=\"text-align: center;\"><iframe src=\"https:\/\/mapsengine.google.com\/map\/embed?mid=zDCWI_VMYafs.kP3oqQ2J1IGU\" width=\"640\" height=\"480\"><\/iframe><br \/>\nS\u00ed!!! \u00a0nos toca\u00a0<a href=\"http:\/\/www.galiciamaxica.eu\/galicia\/pontevedra\/comarca-do-baixo-mino\/a-guarda\/\"><strong>A\u00a0Guarda<\/strong><\/a> ,<\/p>\n<p style=\"text-align: center;\">s\u00e9 que me dir\u00e9is que para visitar este concello tendr\u00edamos que estar varios d\u00edas,<\/p>\n<p style=\"text-align: center;\">algunos afirmar\u00e1n que semanas<\/p>\n<p style=\"text-align: center;\">pero como tenemos el tiempo necesario para disfrutar de lo que queramos,<\/p>\n<p style=\"text-align: center;\">no tenemos porque verlo todo a correr,<\/p>\n<p style=\"text-align: center;\">hay muchos m\u00e1s d\u00edas, disfrutemos del viaje, sin prisas.<\/p>\n<p style=\"text-align: center;\"><img fetchpriority=\"high\" decoding=\"async\" class=\"aligncenter\" src=\"https:\/\/galiciamaxica.eu\/mini\/wp-content\/uploads\/2019\/10\/yodadanceedit2small0xh6ys.gif\" alt=\"\" width=\"436\" height=\"552\" \/><\/p>\n<p style=\"text-align: center;\">He creado un mapa de sitios interesantes\u00a0para que los ni\u00f1os,<\/p>\n<p style=\"text-align: center;\">sean los que decidan que ver primero, <strong>hay que darles unas pautas<\/strong>,<\/p>\n<p style=\"text-align: center;\">una ruta ha de tener sentido, ya que hay que\u00a0trazarla lo mejor posible,<\/p>\n<p style=\"text-align: center;\">no s\u00f3lo para no malgastar las <strong>fuerzas<\/strong> y convertirla en\u00a0tediosa,<\/p>\n<p style=\"text-align: center;\">ni para ahorrar en combustible o\u00a0aprovechar el\u00a0tiempo que es un bien tan escaso y preciado,<\/p>\n<p style=\"text-align: center;\">sino porque en la vida debemos tener claro que a veces,<\/p>\n<p style=\"text-align: center;\">nos podemos desviar del camino pero cuanto m\u00e1s recta sea nuestra linea,<\/p>\n<p style=\"text-align: center;\">antes llegaremos a nuestro objetivo y no malgastaremos nuestro esfuerzo por el camino.<\/p>\n<p style=\"text-align: center;\">Para\u00a0que un viaje resulte m\u00e1s satisfactorio, no os digo atajar, pero si dar prioridad a lo importante<\/p>\n<p style=\"text-align: center;\">y en este caso es sacarle el m\u00e1ximo rendimiento a nuestro tiempo,<\/p>\n<p style=\"text-align: center;\">haciendo que este viaje a parte de instructivo sea divertido,<\/p>\n<p style=\"text-align: center;\">a fin de cuentas, enriquecedor.<\/p>\n<p style=\"text-align: center;\">Pod\u00e9is repetir\u00a0el viaje\u00a0cuantas veces quer\u00e1is, siempre ser\u00e1 distinto, esto es lo maravilloso de viajar.<\/p>\n<p style=\"text-align: center;\"><img decoding=\"async\" class=\"aligncenter\" src=\"https:\/\/galiciamaxica.eu\/mini\/wp-content\/uploads\/2019\/10\/tumblr_nghx04Okod1qdaaw6o1_500.gif\" alt=\"\" width=\"393\" height=\"221\" \/><strong>Ya tenemos claro a d\u00f3nde vamos, s\u00f3lo nos queda\u00a0programar<\/strong><\/p>\n<p style=\"text-align: center;\">Os comentar\u00e9 que he dejado tres\u00a0maravillosos sitios se\u00f1alados porque me parece que son muy interesantes para visitar en familia y los ten\u00e9is bastante cerca. Y para que los teng\u00e1is en cuenta, si os queda algo pendiente o dese\u00e1is regresar\u00a0<span style=\"text-align: center; line-height: 1.5;\">a este m\u00e1gico lugar.<\/span><\/p>\n<p><a href=\"http:\/\/minigaliciamaxica.blogspot.com.es\/\"><img decoding=\"async\" class=\"aligncenter\" src=\"https:\/\/galiciamaxica.eu\/mini\/wp-content\/uploads\/2019\/10\/IMG_01605B1024x7685D.jpg\" alt=\"\" width=\"844\" height=\"563\" \/><\/a><\/p>\n<p style=\"text-align: center;\">El <strong>Parque Natural Monte Aloia<\/strong> y la ciudad hist\u00f3rica monumental de <a href=\"http:\/\/www.galiciamaxica.eu\/tui\"><strong>Tui<\/strong> <\/a>o los<strong><a href=\"http:\/\/www.galiciamaxica.eu\/pontevedra\/folon\/\"> Mu\u00ed\u00f1os de Fol\u00f3n<\/a><\/strong>\u00a0y <a href=\"http:\/\/www.galiciamaxica.eu\/pontevedra\/comarca-do-baixo-mino\/o-rosal\/picon\/\"><strong>do Pic\u00f3n<\/strong> <\/a>en <strong><a href=\"http:\/\/www.galiciamaxica.eu\/o-rosal\">O Rosal<\/a><\/strong>, tres lugares con mucho encanto y que tendr\u00e1n contentos a los m\u00e1s peque\u00f1os y a los mayores, m\u00e1s que entusiasmados.<\/p>\n<p style=\"text-align: center;\">Aunque probablemente ya os llegar\u00e1, con todo lo que ten\u00e9is por ver en<strong><a href=\"http:\/\/www.galiciamaxica.eu\/galicia\/pontevedra\/comarca-do-baixo-mino\/a-guarda\/\"> A Guarda<\/a><\/strong>.<\/p>\n<p style=\"text-align: center;\"><a href=\"http:\/\/www.galiciamaxica.eu\/pontevedra\/museomar-2\/\"><img loading=\"lazy\" decoding=\"async\" class=\"aligncenter\" src=\"https:\/\/galiciamaxica.eu\/mini\/wp-content\/uploads\/2019\/10\/atalaia15.jpg\" alt=\"\" width=\"720\" height=\"480\" \/><\/a><\/p>\n<p style=\"text-align: center;\">Comenzamos el viaje.<\/p>\n<p style=\"text-align: center;\">Este pueblo nos entusiasmar\u00e1, es una de las t\u00edpicas aldeas marineras que nos\u00a0sorprender\u00e1 con sus colores, su arquitectura y como a\u00f1adido este\u00a0paseo al lado del mar, en el que os ir\u00e9is encontrando parques infantiles, en total tres<\/p>\n<p style=\"text-align: center;\"><a href=\"http:\/\/www.galiciamaxica.eu\/galicia\/pontevedra\/comarca-do-baixo-mino\/a-guarda\/\"><img loading=\"lazy\" decoding=\"async\" class=\"aligncenter\" src=\"https:\/\/galiciamaxica.eu\/mini\/wp-content\/uploads\/2019\/10\/atalaia14.jpg\" alt=\"\" width=\"720\" height=\"480\" \/><\/a><\/p>\n<p style=\"text-align: center;\">Cancha deportiva, pista de skate y adornandolo todo este maravilloso pueblo pintoresco.<\/p>\n<p style=\"text-align: center;\"><a href=\"http:\/\/www.galiciamaxica.eu\/pontevedra\/museomar-2\/\"><img loading=\"lazy\" decoding=\"async\" class=\"aligncenter\" src=\"https:\/\/galiciamaxica.eu\/mini\/wp-content\/uploads\/2019\/10\/atalaia13.jpg\" alt=\"\" width=\"720\" height=\"480\" \/><\/a><\/p>\n<p style=\"text-align: center;\">y para terminar o empezar, seg\u00fan se mire,\u00a0<a href=\"http:\/\/www.galiciamaxica.eu\/pontevedra\/museomar-2\/\"><strong>un museo original<\/strong><\/a><\/p>\n<p style=\"text-align: center;\">llegando justo a la Atalaya.<\/p>\n<p style=\"text-align: center;\"><a href=\"http:\/\/www.galiciamaxica.eu\/pontevedra\/museomar-2\/\"><img loading=\"lazy\" decoding=\"async\" class=\"aligncenter\" src=\"https:\/\/galiciamaxica.eu\/mini\/wp-content\/uploads\/2019\/10\/1_atalaia7.jpg\" alt=\"\" width=\"288\" height=\"192\" \/><\/a><\/p>\n<p style=\"text-align: center;\"><strong>El Museo del Mar\u00a0<\/strong><br \/>\n<strong>Su Horario:<\/strong><br \/>\n<strong>Invierno ( 15\/09 &#8211; 15\/06 )<\/strong> s\u00e1bados, domingos y d\u00edas festivos o de puente de 11.00 a 14.00 y de 16.00 a 19.00 horas.<br \/>\n<strong>Verano ( 15\/06 &#8211; 15\/09 )<\/strong> s\u00e1bados, domingos y d\u00edas festivos o de puente de 11.00 a 14.00 y de 18.00 a 21.00 horas.<\/p>\n<p style=\"text-align: center;\"><strong>Su tarifa<\/strong><br \/>\nEs guiada y tiene un precio de 1\u20ac.<\/p>\n<p style=\"text-align: center;\">Continuamos nuestro viaje, esta vez para adentrarnos en un <strong><a href=\"http:\/\/www.galiciamaxica.eu\/categorias\/castillos\">Castillo<\/a><\/strong><\/p>\n<p style=\"text-align: center;\"><a href=\"http:\/\/www.galiciamaxica.eu\/pontevedra\/castelostacruz\/\"><img loading=\"lazy\" decoding=\"async\" class=\"aligncenter\" src=\"https:\/\/galiciamaxica.eu\/mini\/wp-content\/uploads\/2019\/10\/santacruz47.jpg\" alt=\"\" width=\"288\" height=\"192\" \/><\/a><\/p>\n<p style=\"text-align: center;\"><a href=\"http:\/\/www.galiciamaxica.eu\/pontevedra\/castelostacruz\/\"><img loading=\"lazy\" decoding=\"async\" class=\"aligncenter\" src=\"https:\/\/galiciamaxica.eu\/mini\/wp-content\/uploads\/2019\/10\/santacruz11.jpg\" alt=\"\" width=\"794\" height=\"529\" \/><\/a><br \/>\nAhora nos iremos a otra fortaleza, pero esta vez a tama\u00f1o real,<\/p>\n<p style=\"text-align: center;\">El <strong><a href=\"http:\/\/www.galiciamaxica.eu\/pontevedra\/castelostacruz\/\">castillo de Santa Cruz<\/a><\/strong><\/p>\n<p style=\"text-align: center;\">abierto al p\u00fablico <strong><a href=\"http:\/\/patrimoniohistorico.fomento.es\/detalleProyecto.aspx?e=02168\">depu\u00e9s de m\u00e1s de 150 a\u00f1os<\/a><\/strong>, se ubica\u00a0en un punto estrat\u00e9gico de la villa<\/p>\n<p style=\"text-align: center;\"><strong>Horarios\u00a0<\/strong><\/p>\n<p style=\"text-align: center;\"><strong>Abierto en Verano\u00a0durante mes de xullo e agosto<\/strong><\/p>\n<p style=\"text-align: center;\"><strong>Tel\u00e9fono: 986 610 000<br \/>\nEmail: aguarda@aguarda.es<\/strong><\/p>\n<p style=\"text-align: center;\"><strong>\u00bfd\u00f3nde te imaginas que lo construyeron?<\/strong><\/p>\n<p style=\"text-align: center;\"><a href=\"http:\/\/www.galiciamaxica.eu\/pontevedra\/castelostacruz\/\"><img loading=\"lazy\" decoding=\"async\" class=\"aligncenter\" src=\"https:\/\/galiciamaxica.eu\/mini\/wp-content\/uploads\/2019\/10\/santacruz104.jpg\" alt=\"\" width=\"288\" height=\"192\" \/><\/a><\/p>\n<p style=\"text-align: center;\">Pues, claro est\u00e1, en el punto m\u00e1s alto, a una altura de 81 metros para tener buena visibilidad y defenderse de posibles ataques.<\/p>\n<p style=\"text-align: center;\"><a href=\"http:\/\/www.galiciamaxica.eu\/pontevedra\/castelostacruz\/\"><img loading=\"lazy\" decoding=\"async\" class=\"aligncenter\" src=\"https:\/\/galiciamaxica.eu\/mini\/wp-content\/uploads\/2019\/10\/santacruz38.jpg\" alt=\"\" width=\"624\" height=\"416\" \/><\/a><br \/>\nAhora continuamos este gran viaje y nos dirigimos a un <strong><a href=\"http:\/\/www.galiciamaxica.eu\/pontevedra\/santa-tecla\/\">Monte M\u00e1xico<\/a><\/strong>.<\/p>\n<p style=\"text-align: center;\">S\u00ed, es el puerto de <strong><a href=\"http:\/\/www.galiciamaxica.eu\/galicia\/pontevedra\/comarca-do-baixo-mino\/a-guarda\/\">A Guarda<\/a><\/strong>, el <strong>museo<\/strong> justo donde hemos estado,<\/p>\n<p style=\"text-align: center;\"><strong><img loading=\"lazy\" decoding=\"async\" class=\"aligncenter\" src=\"https:\/\/galiciamaxica.eu\/mini\/wp-content\/uploads\/2019\/10\/IMG_2739.jpg\" alt=\"\" width=\"288\" height=\"192\" \/><\/strong><\/p>\n<p style=\"text-align: center;\"><strong><em>Qu\u00e9 bonito\u00a0verlo\u00a0todo, a vista de pajaro.<\/em><\/strong><\/p>\n<p style=\"text-align: center;\"><a href=\"http:\/\/www.galiciamaxica.eu\/pontevedra\/santa-tecla\/\"><img loading=\"lazy\" decoding=\"async\" class=\"aligncenter\" src=\"https:\/\/galiciamaxica.eu\/mini\/wp-content\/uploads\/2019\/10\/tegra2525202525287252529.jpg\" alt=\"\" width=\"1024\" height=\"265\" \/><\/a><\/p>\n<p style=\"text-align: center;\">Cuenta con vistas espectaculares y mucha historia encerrada en uno de<strong><a href=\"http:\/\/www.galiciamaxica.eu\/mini\/hoy-santa-tecla\/\"> los castros mejor conservados<\/a><\/strong>,<\/p>\n<p style=\"text-align: center;\"><a href=\"http:\/\/www.galiciamaxica.eu\/pontevedra\/monte-sta-tecla\/\"><img loading=\"lazy\" decoding=\"async\" class=\"aligncenter\" src=\"https:\/\/galiciamaxica.eu\/mini\/wp-content\/uploads\/2019\/10\/tegra25252025252811252529.jpg\" alt=\"\" width=\"421\" height=\"316\" \/><\/a><\/p>\n<p style=\"text-align: center;\"><strong><a href=\"http:\/\/www.galiciamaxica.eu\/mini\/hoy-santa-tecla\/\">El Castro de Santa Tecla<\/a><\/strong><\/p>\n<p style=\"text-align: center;\"><a href=\"http:\/\/www.galiciamaxica.eu\/pontevedra\/monte-sta-tecla\/\"><img loading=\"lazy\" decoding=\"async\" class=\"aligncenter\" src=\"https:\/\/galiciamaxica.eu\/mini\/wp-content\/uploads\/2019\/10\/1_100_6026.jpg\" alt=\"\" width=\"750\" height=\"166\" \/><\/a><\/p>\n<p style=\"text-align: center;\">adem\u00e1s de un <strong>museo en la cima<\/strong> y una<a href=\"http:\/\/www.galiciamaxica.eu\/pontevedra\/ermitastatecla\/\"><strong> peque\u00f1a ermita<\/strong> <\/a>que hacen de este lugar todo un referente.<\/p>\n<p style=\"text-align: center;\"><strong><a href=\"http:\/\/museos.xunta.gal\/es\/masat\">Los Horarios del museo<\/a><\/strong><\/p>\n<p style=\"text-align: center;\"><a href=\"http:\/\/museos.xunta.gal\/es\/masat\"><img loading=\"lazy\" decoding=\"async\" class=\"alignnone wp-image-1741 size-full\" src=\"http:\/\/www.galiciamaxica.eu\/mini\/wp-content\/uploads\/2015\/09\/sssssssssssssssssssssssssssssssssssssssssssssssssssssssssssss.jpg\" alt=\"sssssssssssssssssssssssssssssssssssssssssssssssssssssssssssss\" width=\"368\" height=\"655\" srcset=\"https:\/\/www.galiciamaxica.eu\/mini\/wp-content\/uploads\/2015\/09\/sssssssssssssssssssssssssssssssssssssssssssssssssssssssssssss.jpg 368w, https:\/\/www.galiciamaxica.eu\/mini\/wp-content\/uploads\/2015\/09\/sssssssssssssssssssssssssssssssssssssssssssssssssssssssssssss-169x300.jpg 169w\" sizes=\"(max-width: 368px) 100vw, 368px\" \/><\/a><\/p>\n<p style=\"text-align: center;\"><a href=\"http:\/\/www.galiciamaxica.eu\/pontevedra\/ermitastatecla\/\"><img loading=\"lazy\" decoding=\"async\" class=\"aligncenter\" src=\"https:\/\/galiciamaxica.eu\/mini\/wp-content\/uploads\/2019\/10\/IMG_2775.jpg\" alt=\"\" width=\"425\" height=\"284\" \/><\/a><\/p>\n<p style=\"text-align: center;\">Probablemente proseguir nos va a ser un poco dif\u00edcil porque con lugares como este,<\/p>\n<p style=\"text-align: center;\">el tiempo en familia se nos pasar\u00e1 volando<\/p>\n<p style=\"text-align: center;\"><a href=\"http:\/\/www.galiciamaxica.eu\/pontevedra\/muinosvento\/\"><img loading=\"lazy\" decoding=\"async\" class=\"aligncenter\" src=\"https:\/\/galiciamaxica.eu\/mini\/wp-content\/uploads\/2019\/10\/aIMG_6059.jpg\" alt=\"\" width=\"288\" height=\"192\" \/><\/a><\/p>\n<p style=\"text-align: center;\"><strong>PERO<\/strong>\u00a0y si os digo que vamos a ver <strong>molinos de viento<\/strong><\/p>\n<p style=\"text-align: center;\"><strong>\u00bfos apetece? <\/strong><\/p>\n<p style=\"text-align: center;\"><a href=\"http:\/\/www.galiciamaxica.eu\/pontevedra\/muinosvento\/\"><img loading=\"lazy\" decoding=\"async\" class=\"aligncenter\" src=\"https:\/\/galiciamaxica.eu\/mini\/wp-content\/uploads\/2019\/10\/IMG_6074.jpg\" alt=\"\" width=\"912\" height=\"608\" \/><\/a><\/p>\n<p style=\"text-align: center;\">Pues si ni\u00f1os, en Galicia tambi\u00e9n tenemos <a href=\"http:\/\/www.galiciamaxica.eu\/categoria\/molinos\/\"><strong>molinos<\/strong> <\/a>de viento y al lado de una<a href=\"http:\/\/www.galiciamaxica.eu\/pontevedra\/playamuino\/\"><strong> playa que se llama de O Mu\u00ed\u00f1o<\/strong> <\/a><\/p>\n<p style=\"text-align: center;\">por algo ser\u00e1 porque mientras paseamos podremos contar unos cuantos<\/p>\n<p style=\"text-align: center;\"><a href=\"http:\/\/www.galiciamaxica.eu\/pontevedra\/muinosvento\/\"><img loading=\"lazy\" decoding=\"async\" class=\"aligncenter\" src=\"https:\/\/galiciamaxica.eu\/mini\/wp-content\/uploads\/2019\/10\/IMG_6154.jpg\" alt=\"\" width=\"288\" height=\"192\" \/><\/a><\/p>\n<p style=\"text-align: center;\"><strong>\u00bfMe ayudas a encontrarlos?<\/strong><\/p>\n<p style=\"text-align: center;\"><a href=\"http:\/\/www.galiciamaxica.eu\/pontevedra\/playamuino\/\"><img loading=\"lazy\" decoding=\"async\" class=\"aligncenter\" src=\"https:\/\/galiciamaxica.eu\/mini\/wp-content\/uploads\/2019\/10\/IMG_5943.jpg\" alt=\"\" width=\"912\" height=\"608\" \/><\/a><\/p>\n<p style=\"text-align: center;\">Pues vamos a un paseo con mucha arena y sal\u2026<\/p>\n<p style=\"text-align: center;\"><a href=\"http:\/\/www.galiciamaxica.eu\/pontevedra\/playamuino\/\"><img loading=\"lazy\" decoding=\"async\" class=\"aligncenter\" src=\"https:\/\/galiciamaxica.eu\/mini\/wp-content\/uploads\/2019\/10\/IMG_5922.jpg\" alt=\"\" width=\"288\" height=\"192\" \/><\/a><\/p>\n<p style=\"text-align: center;\">y de paso contemplaremos una cruz que nos ense\u00f1a las vistas a otra fortificaci\u00f3n en un islote<\/p>\n<p style=\"text-align: center;\"><a href=\"http:\/\/www.galiciamaxica.eu\/pontevedra\/playamuino\/\"><img loading=\"lazy\" decoding=\"async\" class=\"aligncenter\" src=\"https:\/\/galiciamaxica.eu\/mini\/wp-content\/uploads\/2019\/10\/IMG_5914.jpg\" alt=\"\" width=\"696\" height=\"464\" \/><\/a><\/p>\n<p style=\"text-align: center;\"><strong>\u00bfpara qu\u00e9 sirve ese palo rojo y blanco que vemos en la roca?<\/strong><\/p>\n<p style=\"text-align: center;\">Bien, seguimos,<strong> otro reto os espera\u00a0<\/strong>ahora me ten\u00e9is que\u00a0<strong>buscar una Cruz<\/strong>,\u00a0pista en<\/p>\n<p style=\"text-align: center;\">\u00a0<strong style=\"line-height: 1.5;\"><a href=\"http:\/\/www.galiciamaxica.eu\/pontevedra\/puntal\/\">O Puntal<\/a><\/strong><\/p>\n<p style=\"text-align: center;\"><a href=\"http:\/\/www.galiciamaxica.eu\/pontevedra\/puntal\/\"><img loading=\"lazy\" decoding=\"async\" class=\"aligncenter\" src=\"https:\/\/galiciamaxica.eu\/mini\/wp-content\/uploads\/2019\/10\/IMG_6030.jpg\" alt=\"\" width=\"801\" height=\"534\" \/><\/a><\/p>\n<p style=\"text-align: center;\">Descansaremos o haremos una peque\u00f1a parada para contemplar lo maravillosa que es <strong><a href=\"http:\/\/www.galiciamaxica.eu\/\">Galicia<\/a><\/strong><\/p>\n<p style=\"text-align: center;\"><strong>\u00bfA qu\u00e9 si?<\/strong><\/p>\n<p style=\"text-align: center;\"><strong><img loading=\"lazy\" decoding=\"async\" class=\"alignnone\" src=\"https:\/\/galiciamaxica.eu\/mini\/wp-content\/uploads\/2019\/10\/insta2525202525285252529.gif\" alt=\"\" width=\"662\" height=\"373\" \/><\/strong><\/p>\n","protected":false},"excerpt":{"rendered":"<p>S\u00ed!!! \u00a0nos toca\u00a0A\u00a0Guarda , s\u00e9 que me dir\u00e9is que para visitar este concello tendr\u00edamos que estar varios d\u00edas, algunos afirmar\u00e1n que semanas pero como tenemos el tiempo necesario para disfrutar de lo que queramos, no tenemos porque verlo todo a correr, hay muchos m\u00e1s d\u00edas, disfrutemos del viaje, sin prisas. He creado un mapa de [&hellip;]<\/p>\n","protected":false},"author":1,"featured_media":1263,"comment_status":"open","ping_status":"open","sticky":false,"template":"","format":"standard","meta":{"_eb_attr":"","site-sidebar-layout":"default","site-content-layout":"","ast-site-content-layout":"","site-content-style":"default","site-sidebar-style":"default","ast-global-header-display":"","ast-banner-title-visibility":"","ast-main-header-display":"","ast-hfb-above-header-display":"","ast-hfb-below-header-display":"","ast-hfb-mobile-header-display":"","site-post-title":"","ast-breadcrumbs-content":"","ast-featured-img":"","footer-sml-layout":"","theme-transparent-header-meta":"","adv-header-id-meta":"","stick-header-meta":"","header-above-stick-meta":"","header-main-stick-meta":"","header-below-stick-meta":"","astra-migrate-meta-layouts":"default","ast-page-background-enabled":"default","ast-page-background-meta":{"desktop":{"background-color":"","background-image":"","background-repeat":"repeat","background-position":"center center","background-size":"auto","background-attachment":"scroll","background-type":"","background-media":"","overlay-type":"","overlay-color":"","overlay-opacity":"","overlay-gradient":""},"tablet":{"background-color":"","background-image":"","background-repeat":"repeat","background-position":"center center","background-size":"auto","background-attachment":"scroll","background-type":"","background-media":"","overlay-type":"","overlay-color":"","overlay-opacity":"","overlay-gradient":""},"mobile":{"background-color":"","background-image":"","background-repeat":"repeat","background-position":"center center","background-size":"auto","background-attachment":"scroll","background-type":"","background-media":"","overlay-type":"","overlay-color":"","overlay-opacity":"","overlay-gradient":""}},"ast-content-background-meta":{"desktop":{"background-color":"var(--ast-global-color-5)","background-image":"","background-repeat":"repeat","background-position":"center center","background-size":"auto","background-attachment":"scroll","background-type":"","background-media":"","overlay-type":"","overlay-color":"","overlay-opacity":"","overlay-gradient":""},"tablet":{"background-color":"var(--ast-global-color-5)","background-image":"","background-repeat":"repeat","background-position":"center center","background-size":"auto","background-attachment":"scroll","background-type":"","background-media":"","overlay-type":"","overlay-color":"","overlay-opacity":"","overlay-gradient":""},"mobile":{"background-color":"var(--ast-global-color-5)","background-image":"","background-repeat":"repeat","background-position":"center center","background-size":"auto","background-attachment":"scroll","background-type":"","background-media":"","overlay-type":"","overlay-color":"","overlay-opacity":"","overlay-gradient":""}},"footnotes":""},"categories":[15,48],"tags":[173,232,287,112,8,64,25,37,5,36,288,117,118,55,20,2,16,145,52,23,146,174,4,7,3],"class_list":["post-1259","post","type-post","status-publish","format-standard","has-post-thumbnail","hentry","category-lugares","category-pontevedra","tag-a-guarda","tag-aldea","tag-atalaia","tag-castro","tag-findesemana","tag-fortaleza","tag-galicia","tag-galiciamaxica","tag-libre","tag-lugares","tag-marinero","tag-mirador","tag-monte","tag-natural","tag-naturaleza","tag-ninos","tag-parque","tag-pequenos","tag-playa","tag-pontevedra","tag-quehacer","tag-santa-tecla","tag-tiempo","tag-vacaciones","tag-viajes"],"yoast_head":"<!-- This site is optimized with the Yoast SEO plugin v24.9 - https:\/\/yoast.com\/wordpress\/plugins\/seo\/ -->\n<title>Hoy A GUARDA - Galicia con ni\u00f1os | GALICIA M\u00c1XICA<\/title>\n<meta name=\"description\" content=\"A Guarda\" \/>\n<meta name=\"robots\" content=\"index, follow, max-snippet:-1, max-image-preview:large, max-video-preview:-1\" \/>\n<link rel=\"canonical\" href=\"https:\/\/www.galiciamaxica.eu\/mini\/hoy-a-guarda\/\" \/>\n<meta property=\"og:locale\" content=\"es_ES\" \/>\n<meta property=\"og:type\" content=\"article\" \/>\n<meta property=\"og:title\" content=\"Hoy A GUARDA - Galicia con ni\u00f1os | GALICIA M\u00c1XICA\" \/>\n<meta property=\"og:description\" content=\"A Guarda\" \/>\n<meta property=\"og:url\" content=\"https:\/\/www.galiciamaxica.eu\/mini\/hoy-a-guarda\/\" \/>\n<meta property=\"og:site_name\" content=\"Galicia con ni\u00f1os | GALICIA M\u00c1XICA\" \/>\n<meta property=\"article:publisher\" content=\"https:\/\/www.facebook.com\/maria.rodriguezserantes\" \/>\n<meta property=\"article:author\" content=\"https:\/\/www.facebook.com\/maria.rodriguezserantes\" \/>\n<meta property=\"article:published_time\" content=\"2015-09-02T16:14:16+00:00\" \/>\n<meta property=\"article:modified_time\" content=\"2026-03-29T19:56:14+00:00\" \/>\n<meta property=\"og:image\" content=\"https:\/\/www.galiciamaxica.eu\/mini\/wp-content\/uploads\/2015\/09\/IMG_2810.jpg\" \/>\n\t<meta property=\"og:image:width\" content=\"1152\" \/>\n\t<meta property=\"og:image:height\" content=\"768\" \/>\n\t<meta property=\"og:image:type\" content=\"image\/jpeg\" \/>\n<meta name=\"author\" content=\"seseixa\" \/>\n<meta name=\"twitter:card\" content=\"summary_large_image\" \/>\n<meta name=\"twitter:creator\" content=\"@seseixa\" \/>\n<meta name=\"twitter:site\" content=\"@seseixa\" \/>\n<meta name=\"twitter:label1\" content=\"Escrito por\" \/>\n\t<meta name=\"twitter:data1\" content=\"seseixa\" \/>\n\t<meta name=\"twitter:label2\" content=\"Tiempo de lectura\" \/>\n\t<meta name=\"twitter:data2\" content=\"9 minutos\" \/>\n<script type=\"application\/ld+json\" class=\"yoast-schema-graph\">{\"@context\":\"https:\/\/schema.org\",\"@graph\":[{\"@type\":\"Article\",\"@id\":\"https:\/\/www.galiciamaxica.eu\/mini\/hoy-a-guarda\/#article\",\"isPartOf\":{\"@id\":\"https:\/\/www.galiciamaxica.eu\/mini\/hoy-a-guarda\/\"},\"author\":{\"name\":\"seseixa\",\"@id\":\"https:\/\/www.galiciamaxica.eu\/mini\/#\/schema\/person\/2b284fe2fd911000a48d2e8936300179\"},\"headline\":\"Hoy A GUARDA\",\"datePublished\":\"2015-09-02T16:14:16+00:00\",\"dateModified\":\"2026-03-29T19:56:14+00:00\",\"mainEntityOfPage\":{\"@id\":\"https:\/\/www.galiciamaxica.eu\/mini\/hoy-a-guarda\/\"},\"wordCount\":810,\"commentCount\":3,\"publisher\":{\"@id\":\"https:\/\/www.galiciamaxica.eu\/mini\/#\/schema\/person\/2b284fe2fd911000a48d2e8936300179\"},\"image\":{\"@id\":\"https:\/\/www.galiciamaxica.eu\/mini\/hoy-a-guarda\/#primaryimage\"},\"thumbnailUrl\":\"https:\/\/www.galiciamaxica.eu\/mini\/wp-content\/uploads\/2015\/09\/IMG_2810.jpg\",\"keywords\":[\"a guarda\",\"aldea\",\"atalaia\",\"castro\",\"findesemana\",\"fortaleza\",\"Galicia\",\"galiciamaxica\",\"libre\",\"lugares\",\"marinero\",\"MIRADOR\",\"MONTE\",\"natural\",\"naturaleza\",\"ni\u00f1os\",\"parque\",\"peque\u00f1os\",\"playa\",\"pontevedra\",\"quehacer\",\"santa tecla\",\"tiempo\",\"vacaciones\",\"viajes\"],\"articleSection\":[\"LUGARES\",\"PONTEVEDRA\"],\"inLanguage\":\"es\",\"potentialAction\":[{\"@type\":\"CommentAction\",\"name\":\"Comment\",\"target\":[\"https:\/\/www.galiciamaxica.eu\/mini\/hoy-a-guarda\/#respond\"]}]},{\"@type\":\"WebPage\",\"@id\":\"https:\/\/www.galiciamaxica.eu\/mini\/hoy-a-guarda\/\",\"url\":\"https:\/\/www.galiciamaxica.eu\/mini\/hoy-a-guarda\/\",\"name\":\"Hoy A GUARDA - Galicia con ni\u00f1os | GALICIA M\u00c1XICA\",\"isPartOf\":{\"@id\":\"https:\/\/www.galiciamaxica.eu\/mini\/#website\"},\"primaryImageOfPage\":{\"@id\":\"https:\/\/www.galiciamaxica.eu\/mini\/hoy-a-guarda\/#primaryimage\"},\"image\":{\"@id\":\"https:\/\/www.galiciamaxica.eu\/mini\/hoy-a-guarda\/#primaryimage\"},\"thumbnailUrl\":\"https:\/\/www.galiciamaxica.eu\/mini\/wp-content\/uploads\/2015\/09\/IMG_2810.jpg\",\"datePublished\":\"2015-09-02T16:14:16+00:00\",\"dateModified\":\"2026-03-29T19:56:14+00:00\",\"description\":\"A Guarda\",\"breadcrumb\":{\"@id\":\"https:\/\/www.galiciamaxica.eu\/mini\/hoy-a-guarda\/#breadcrumb\"},\"inLanguage\":\"es\",\"potentialAction\":[{\"@type\":\"ReadAction\",\"target\":[\"https:\/\/www.galiciamaxica.eu\/mini\/hoy-a-guarda\/\"]}]},{\"@type\":\"ImageObject\",\"inLanguage\":\"es\",\"@id\":\"https:\/\/www.galiciamaxica.eu\/mini\/hoy-a-guarda\/#primaryimage\",\"url\":\"https:\/\/www.galiciamaxica.eu\/mini\/wp-content\/uploads\/2015\/09\/IMG_2810.jpg\",\"contentUrl\":\"https:\/\/www.galiciamaxica.eu\/mini\/wp-content\/uploads\/2015\/09\/IMG_2810.jpg\",\"width\":1152,\"height\":768,\"caption\":\"IMG_2810\"},{\"@type\":\"BreadcrumbList\",\"@id\":\"https:\/\/www.galiciamaxica.eu\/mini\/hoy-a-guarda\/#breadcrumb\",\"itemListElement\":[{\"@type\":\"ListItem\",\"position\":1,\"name\":\"Portada\",\"item\":\"https:\/\/www.galiciamaxica.eu\/mini\/\"},{\"@type\":\"ListItem\",\"position\":2,\"name\":\"Hoy A GUARDA\"}]},{\"@type\":\"WebSite\",\"@id\":\"https:\/\/www.galiciamaxica.eu\/mini\/#website\",\"url\":\"https:\/\/www.galiciamaxica.eu\/mini\/\",\"name\":\"Galicia con ni\u00f1os | GALICIA M\u00c1XICA\",\"description\":\"Qu\u00e9 hacer con ni\u00f1os en Galicia\",\"publisher\":{\"@id\":\"https:\/\/www.galiciamaxica.eu\/mini\/#\/schema\/person\/2b284fe2fd911000a48d2e8936300179\"},\"potentialAction\":[{\"@type\":\"SearchAction\",\"target\":{\"@type\":\"EntryPoint\",\"urlTemplate\":\"https:\/\/www.galiciamaxica.eu\/mini\/?s={search_term_string}\"},\"query-input\":{\"@type\":\"PropertyValueSpecification\",\"valueRequired\":true,\"valueName\":\"search_term_string\"}}],\"inLanguage\":\"es\"},{\"@type\":[\"Person\",\"Organization\"],\"@id\":\"https:\/\/www.galiciamaxica.eu\/mini\/#\/schema\/person\/2b284fe2fd911000a48d2e8936300179\",\"name\":\"seseixa\",\"image\":{\"@type\":\"ImageObject\",\"inLanguage\":\"es\",\"@id\":\"https:\/\/www.galiciamaxica.eu\/mini\/#\/schema\/person\/image\/\",\"url\":\"https:\/\/www.galiciamaxica.eu\/mini\/wp-content\/uploads\/2019\/02\/seseixa.png\",\"contentUrl\":\"https:\/\/www.galiciamaxica.eu\/mini\/wp-content\/uploads\/2019\/02\/seseixa.png\",\"width\":100,\"height\":100,\"caption\":\"seseixa\"},\"logo\":{\"@id\":\"https:\/\/www.galiciamaxica.eu\/mini\/#\/schema\/person\/image\/\"},\"description\":\"En la actualidad combinando dos proyectos que me apasionan, Galicia y los ni\u00f1os. Tengo mucho que aportar y otro tanto que aprender, as\u00ed como, el tiempo y el coraz\u00f3n, dividido en todo momento. Soy mam\u00e1, un titulo otorgado a tiempo completo, compa\u00f1era y amiga, a todas horas, familiar y cercana, siempre. De esp\u00edritu inquieto, soy una eterna ni\u00f1a que juega en el pa\u00eds de las maravillas. Una enamorada de mi tierra, por la que trabajo sin descanso. Creo en la infancia como motor que cambiar\u00e1 el mundo a mejor y busco en mi vida la felicidad como estado permanente porque s\u00f3lo se vive una vez.\",\"sameAs\":[\"http:\/\/mini.galiciamaxica.eu\/\",\"https:\/\/www.facebook.com\/maria.rodriguezserantes\",\"https:\/\/x.com\/seseixa\"],\"url\":\"https:\/\/www.galiciamaxica.eu\/mini\/author\/seseixa\/\"}]}<\/script>\n<!-- \/ Yoast SEO plugin. -->","yoast_head_json":{"title":"Hoy A GUARDA - Galicia con ni\u00f1os | GALICIA M\u00c1XICA","description":"A Guarda","robots":{"index":"index","follow":"follow","max-snippet":"max-snippet:-1","max-image-preview":"max-image-preview:large","max-video-preview":"max-video-preview:-1"},"canonical":"https:\/\/www.galiciamaxica.eu\/mini\/hoy-a-guarda\/","og_locale":"es_ES","og_type":"article","og_title":"Hoy A GUARDA - Galicia con ni\u00f1os | GALICIA M\u00c1XICA","og_description":"A Guarda","og_url":"https:\/\/www.galiciamaxica.eu\/mini\/hoy-a-guarda\/","og_site_name":"Galicia con ni\u00f1os | GALICIA M\u00c1XICA","article_publisher":"https:\/\/www.facebook.com\/maria.rodriguezserantes","article_author":"https:\/\/www.facebook.com\/maria.rodriguezserantes","article_published_time":"2015-09-02T16:14:16+00:00","article_modified_time":"2026-03-29T19:56:14+00:00","og_image":[{"width":1152,"height":768,"url":"https:\/\/www.galiciamaxica.eu\/mini\/wp-content\/uploads\/2015\/09\/IMG_2810.jpg","type":"image\/jpeg"}],"author":"seseixa","twitter_card":"summary_large_image","twitter_creator":"@seseixa","twitter_site":"@seseixa","twitter_misc":{"Escrito por":"seseixa","Tiempo de lectura":"9 minutos"},"schema":{"@context":"https:\/\/schema.org","@graph":[{"@type":"Article","@id":"https:\/\/www.galiciamaxica.eu\/mini\/hoy-a-guarda\/#article","isPartOf":{"@id":"https:\/\/www.galiciamaxica.eu\/mini\/hoy-a-guarda\/"},"author":{"name":"seseixa","@id":"https:\/\/www.galiciamaxica.eu\/mini\/#\/schema\/person\/2b284fe2fd911000a48d2e8936300179"},"headline":"Hoy A GUARDA","datePublished":"2015-09-02T16:14:16+00:00","dateModified":"2026-03-29T19:56:14+00:00","mainEntityOfPage":{"@id":"https:\/\/www.galiciamaxica.eu\/mini\/hoy-a-guarda\/"},"wordCount":810,"commentCount":3,"publisher":{"@id":"https:\/\/www.galiciamaxica.eu\/mini\/#\/schema\/person\/2b284fe2fd911000a48d2e8936300179"},"image":{"@id":"https:\/\/www.galiciamaxica.eu\/mini\/hoy-a-guarda\/#primaryimage"},"thumbnailUrl":"https:\/\/www.galiciamaxica.eu\/mini\/wp-content\/uploads\/2015\/09\/IMG_2810.jpg","keywords":["a guarda","aldea","atalaia","castro","findesemana","fortaleza","Galicia","galiciamaxica","libre","lugares","marinero","MIRADOR","MONTE","natural","naturaleza","ni\u00f1os","parque","peque\u00f1os","playa","pontevedra","quehacer","santa tecla","tiempo","vacaciones","viajes"],"articleSection":["LUGARES","PONTEVEDRA"],"inLanguage":"es","potentialAction":[{"@type":"CommentAction","name":"Comment","target":["https:\/\/www.galiciamaxica.eu\/mini\/hoy-a-guarda\/#respond"]}]},{"@type":"WebPage","@id":"https:\/\/www.galiciamaxica.eu\/mini\/hoy-a-guarda\/","url":"https:\/\/www.galiciamaxica.eu\/mini\/hoy-a-guarda\/","name":"Hoy A GUARDA - Galicia con ni\u00f1os | GALICIA M\u00c1XICA","isPartOf":{"@id":"https:\/\/www.galiciamaxica.eu\/mini\/#website"},"primaryImageOfPage":{"@id":"https:\/\/www.galiciamaxica.eu\/mini\/hoy-a-guarda\/#primaryimage"},"image":{"@id":"https:\/\/www.galiciamaxica.eu\/mini\/hoy-a-guarda\/#primaryimage"},"thumbnailUrl":"https:\/\/www.galiciamaxica.eu\/mini\/wp-content\/uploads\/2015\/09\/IMG_2810.jpg","datePublished":"2015-09-02T16:14:16+00:00","dateModified":"2026-03-29T19:56:14+00:00","description":"A Guarda","breadcrumb":{"@id":"https:\/\/www.galiciamaxica.eu\/mini\/hoy-a-guarda\/#breadcrumb"},"inLanguage":"es","potentialAction":[{"@type":"ReadAction","target":["https:\/\/www.galiciamaxica.eu\/mini\/hoy-a-guarda\/"]}]},{"@type":"ImageObject","inLanguage":"es","@id":"https:\/\/www.galiciamaxica.eu\/mini\/hoy-a-guarda\/#primaryimage","url":"https:\/\/www.galiciamaxica.eu\/mini\/wp-content\/uploads\/2015\/09\/IMG_2810.jpg","contentUrl":"https:\/\/www.galiciamaxica.eu\/mini\/wp-content\/uploads\/2015\/09\/IMG_2810.jpg","width":1152,"height":768,"caption":"IMG_2810"},{"@type":"BreadcrumbList","@id":"https:\/\/www.galiciamaxica.eu\/mini\/hoy-a-guarda\/#breadcrumb","itemListElement":[{"@type":"ListItem","position":1,"name":"Portada","item":"https:\/\/www.galiciamaxica.eu\/mini\/"},{"@type":"ListItem","position":2,"name":"Hoy A GUARDA"}]},{"@type":"WebSite","@id":"https:\/\/www.galiciamaxica.eu\/mini\/#website","url":"https:\/\/www.galiciamaxica.eu\/mini\/","name":"Galicia con ni\u00f1os | GALICIA M\u00c1XICA","description":"Qu\u00e9 hacer con ni\u00f1os en Galicia","publisher":{"@id":"https:\/\/www.galiciamaxica.eu\/mini\/#\/schema\/person\/2b284fe2fd911000a48d2e8936300179"},"potentialAction":[{"@type":"SearchAction","target":{"@type":"EntryPoint","urlTemplate":"https:\/\/www.galiciamaxica.eu\/mini\/?s={search_term_string}"},"query-input":{"@type":"PropertyValueSpecification","valueRequired":true,"valueName":"search_term_string"}}],"inLanguage":"es"},{"@type":["Person","Organization"],"@id":"https:\/\/www.galiciamaxica.eu\/mini\/#\/schema\/person\/2b284fe2fd911000a48d2e8936300179","name":"seseixa","image":{"@type":"ImageObject","inLanguage":"es","@id":"https:\/\/www.galiciamaxica.eu\/mini\/#\/schema\/person\/image\/","url":"https:\/\/www.galiciamaxica.eu\/mini\/wp-content\/uploads\/2019\/02\/seseixa.png","contentUrl":"https:\/\/www.galiciamaxica.eu\/mini\/wp-content\/uploads\/2019\/02\/seseixa.png","width":100,"height":100,"caption":"seseixa"},"logo":{"@id":"https:\/\/www.galiciamaxica.eu\/mini\/#\/schema\/person\/image\/"},"description":"En la actualidad combinando dos proyectos que me apasionan, Galicia y los ni\u00f1os. Tengo mucho que aportar y otro tanto que aprender, as\u00ed como, el tiempo y el coraz\u00f3n, dividido en todo momento. Soy mam\u00e1, un titulo otorgado a tiempo completo, compa\u00f1era y amiga, a todas horas, familiar y cercana, siempre. De esp\u00edritu inquieto, soy una eterna ni\u00f1a que juega en el pa\u00eds de las maravillas. Una enamorada de mi tierra, por la que trabajo sin descanso. Creo en la infancia como motor que cambiar\u00e1 el mundo a mejor y busco en mi vida la felicidad como estado permanente porque s\u00f3lo se vive una vez.","sameAs":["http:\/\/mini.galiciamaxica.eu\/","https:\/\/www.facebook.com\/maria.rodriguezserantes","https:\/\/x.com\/seseixa"],"url":"https:\/\/www.galiciamaxica.eu\/mini\/author\/seseixa\/"}]}},"amp_enabled":true,"post_mailing_queue_ids":[],"_links":{"self":[{"href":"https:\/\/www.galiciamaxica.eu\/mini\/wp-json\/wp\/v2\/posts\/1259"}],"collection":[{"href":"https:\/\/www.galiciamaxica.eu\/mini\/wp-json\/wp\/v2\/posts"}],"about":[{"href":"https:\/\/www.galiciamaxica.eu\/mini\/wp-json\/wp\/v2\/types\/post"}],"author":[{"embeddable":true,"href":"https:\/\/www.galiciamaxica.eu\/mini\/wp-json\/wp\/v2\/users\/1"}],"replies":[{"embeddable":true,"href":"https:\/\/www.galiciamaxica.eu\/mini\/wp-json\/wp\/v2\/comments?post=1259"}],"version-history":[{"count":3,"href":"https:\/\/www.galiciamaxica.eu\/mini\/wp-json\/wp\/v2\/posts\/1259\/revisions"}],"predecessor-version":[{"id":22908,"href":"https:\/\/www.galiciamaxica.eu\/mini\/wp-json\/wp\/v2\/posts\/1259\/revisions\/22908"}],"wp:featuredmedia":[{"embeddable":true,"href":"https:\/\/www.galiciamaxica.eu\/mini\/wp-json\/wp\/v2\/media\/1263"}],"wp:attachment":[{"href":"https:\/\/www.galiciamaxica.eu\/mini\/wp-json\/wp\/v2\/media?parent=1259"}],"wp:term":[{"taxonomy":"category","embeddable":true,"href":"https:\/\/www.galiciamaxica.eu\/mini\/wp-json\/wp\/v2\/categories?post=1259"},{"taxonomy":"post_tag","embeddable":true,"href":"https:\/\/www.galiciamaxica.eu\/mini\/wp-json\/wp\/v2\/tags?post=1259"}],"curies":[{"name":"wp","href":"https:\/\/api.w.org\/{rel}","templated":true}]}}