{"id":1207,"date":"2015-08-26T16:54:34","date_gmt":"2015-08-26T16:54:34","guid":{"rendered":"http:\/\/www.galiciamaxica.eu\/mini\/?p=1207"},"modified":"2026-03-29T21:57:07","modified_gmt":"2026-03-29T19:57:07","slug":"hoy-a-coruna","status":"publish","type":"post","link":"https:\/\/www.galiciamaxica.eu\/mini\/hoy-a-coruna\/","title":{"rendered":"Hoy A CORU\u00d1A"},"content":{"rendered":"<p style=\"text-align: center;\"><iframe src=\"https:\/\/mapsengine.google.com\/map\/embed?mid=zDCWI_VMYafs.kVGPTJA2Jujo\" width=\"640\" height=\"480\"><\/iframe><\/p>\n<p style=\"text-align: center;\">Hoy nos vamos <strong>A Coru\u00f1a<\/strong>, \u00a0los ni\u00f1os disfrutar\u00e1n de una gran ciudad adaptada a ellos.<\/p>\n<p style=\"text-align: center;\"><strong><a href=\"http:\/\/www.galiciamaxica.eu\/a-coruna\/torredehercules\/\">LA TORRE DE H\u00c9RCULES<\/a><\/strong><\/p>\n<p><a href=\"http:\/\/www.galiciamaxica.eu\/a-coruna\/torredehercules\/\"><img fetchpriority=\"high\" decoding=\"async\" class=\"aligncenter\" src=\"https:\/\/galiciamaxica.eu\/mini\/wp-content\/uploads\/2019\/10\/100_2831.jpg\" alt=\"\" width=\"600\" height=\"451\" \/><\/a><\/p>\n<p>Comenzaremos en un<strong><a href=\"http:\/\/www.galiciamaxica.eu\/a-coruna\/torredehercules\/\"> faro<\/a><\/strong> que es Patrimonio de la Humanidad y aunque no lo cre\u00e1is ante vuestros ojos est\u00e1, <strong>el m\u00e1s antiguo del mundo en funcionamiento<\/strong>, sobre una colina de 60 metros y con una altura de 59 este es el s\u00edmbolo de la ciudad.<\/p>\n<p style=\"text-align: center;\">Para llegar al mirador de la<strong> Torre<\/strong> tendr\u00e9is que\u00a0subir, <strong>ni m\u00e1s ni menos<\/strong> que 234 escalones.<\/p>\n<p style=\"text-align: center;\"><strong><a href=\"https:\/\/www.facebook.com\/torredehercules\">\u00bfLos contamos?<\/a><\/strong><\/p>\n<p style=\"text-align: center;\"><a href=\"http:\/\/www.galiciamaxica.eu\/a-coruna\/torredehercules\/\"><img decoding=\"async\" class=\"aligncenter\" src=\"https:\/\/galiciamaxica.eu\/mini\/wp-content\/uploads\/2019\/10\/100_2839.jpg\" alt=\"\" width=\"288\" height=\"216\" \/><\/a><\/p>\n<p style=\"text-align: center;\"><strong><a href=\"https:\/\/www.facebook.com\/torredehercules\">TORRE DE H\u00c9RCULES<\/a><\/strong><\/p>\n<p style=\"text-align: center;\"><strong>Horarios:<\/strong><br \/>\nDe octubre a mayo, de 10h a 18h (cierre de entrada a las 17:30h)<br \/>\nDe junio a septiembre, de 10 a 21h (cierre de entrada a las 20:30h)<\/p>\n<p style=\"text-align: center;\"><strong>Tarifa<\/strong> 3 \u20ac y la\u00a0*<strong>reducida<\/strong>: 1,50\u20ac<br \/>\n<em><strong>Lunes: gratis.<\/strong><\/em><\/p>\n<p style=\"text-align: center;\">*Menores de 14 a\u00f1os, titulares Carn\u00e9 Joven y mayores de 65 a\u00f1os.<\/p>\n<p style=\"text-align: left;\">Continuamos el viaje porque ahora le toca el turno a <strong>AQUARIUM FINISTERRAE<\/strong><\/p>\n<p style=\"text-align: left;\">\n<p style=\"text-align: center;\"><strong>Se encuentra a la orilla del oce\u00e1no Atl\u00e1ntico, junto al hist\u00f3rico faro de la Torre de H\u00e9rcules<\/strong><\/p>\n<p style=\"text-align: center;\"><strong>Tarifas<\/strong>\u00a0del Acuario:\u00a0<strong>Adultos<\/strong> 10 euros y <strong>ni\u00f1os<\/strong> 4 euros<\/p>\n<p style=\"text-align: center;\">Con muchas actividades y la oportunidad de\u00a0acompa\u00f1ar a las focas de la piscina, en sus<b> dos comidas diarias, a las 12 y a las\u00a05\u00a0de la\u00a0tarde<\/b>.<\/p>\n<p style=\"text-align: left;\"><img decoding=\"async\" class=\"aligncenter\" src=\"https:\/\/galiciamaxica.eu\/mini\/wp-content\/uploads\/2019\/10\/Vega.png\" alt=\"\" width=\"603\" height=\"373\" \/><\/p>\n<p style=\"text-align: center;\">Y c\u00f3mo la<strong> DOMUS<\/strong> nos queda de camino y es super interesante<\/p>\n<p style=\"text-align: center;\"><em><strong>Familia! visitaremos\u00a0tambi\u00e9n este museo<\/strong><\/em><\/p>\n<p><iframe src=\"https:\/\/www.youtube.com\/embed\/fzHV6m7apz8\" width=\"853\" height=\"480\" frameborder=\"0\" allowfullscreen=\"allowfullscreen\"><\/iframe><\/p>\n<p style=\"text-align: center;\"><strong>TARIFAS DOMUS<\/strong><br \/>\n<strong>Entrada reducida<\/strong>\u00a01 euro (menores de 14, mayores de 65, miembros de familias numerosas,\u00a0Carn\u00e9 Joven\u00a0Y\u00a0desempleados)<\/p>\n<p style=\"text-align: center;\"><strong>Entrada normal\u00a0<\/strong>2 euros para adultos<br \/>\n<strong>Domus cine 3D \u00a0<\/strong>Adultos 4 euros Y \u00a0ni\u00f1os 2 euros<\/p>\n<p style=\"text-align: center;\">Ahora os lo voy a poner m\u00e1s dificil todav\u00eda, ten\u00e9is dos opciones a seguir<\/p>\n<p style=\"text-align: center;\"><img loading=\"lazy\" decoding=\"async\" class=\"aligncenter\" src=\"https:\/\/galiciamaxica.eu\/mini\/wp-content\/uploads\/2019\/10\/tumblr_njl62gHv261ql8t12o1_500.gif\" alt=\"\" width=\"260\" height=\"383\" \/><\/p>\n<p style=\"text-align: center;\"><em><strong>\u00bfcu\u00e1l elegir\u00e9is?<\/strong><\/em><br \/>\nUno os lleva al Parque Margarita y a otro museo la \u00a0<strong>Casa de las Ciencias\u00a0<\/strong>y con el otro seguimos de ruta y\u00a0nos lleva a otro gran museo, el de <strong>Muncyt, <\/strong>un Museo Nacional de Ciencia y tecnolog\u00eda.<\/p>\n<p style=\"text-align: center;\"><em><strong>\u00bfOs ayudo a decidir?<\/strong><\/em><\/p>\n<p style=\"text-align: center;\"><img loading=\"lazy\" decoding=\"async\" class=\"aligncenter\" src=\"https:\/\/galiciamaxica.eu\/mini\/wp-content\/uploads\/2019\/10\/casa_exterior.jpg\" alt=\"\" width=\"278\" height=\"348\" \/><\/p>\n<p style=\"text-align: center;\">La ventaja de ir al\u00a0<strong>Casa de las Ciencias\u00a0a parte de otras muchas,<\/strong><\/p>\n<p style=\"text-align: center;\">ya que\u00a0<strong>cuenta<\/strong> con un planetario y 3 plantas de exposiciones y observaremos el\u00a0<strong><a href=\"https:\/\/www.flickr.com\/photos\/casaciencias\/174398304\/\">p\u00e9ndulo de Foucault<\/a>\u00a0en funcionamiento<\/strong>,<\/p>\n<p style=\"text-align: center;\">es que podemos acogernos a una estupenda oferta<\/p>\n<p style=\"text-align: center;\">en la que ver los <strong>tres museos (<\/strong> Domus, aquarium y este)<\/p>\n<p style=\"text-align: center;\"><strong>por 12 euros,<\/strong> gracias al\u00a0<strong>Bono de las tres casas.<\/strong><\/p>\n<p style=\"text-align: center;\"><strong>\u00bfY si elegimos\u00a0<a href=\"https:\/\/www.facebook.com\/muncyt\">MUNCYT<\/a>?<\/strong><\/p>\n<p style=\"text-align: center;\"><a href=\"http:\/\/www.vigopeques.com\/2015\/02\/coruna-ninos.html\"><img loading=\"lazy\" decoding=\"async\" class=\"aligncenter\" src=\"https:\/\/galiciamaxica.eu\/mini\/wp-content\/uploads\/2019\/10\/miscelanea7_350X350.jpg\" alt=\"\" width=\"350\" height=\"233\" \/><\/a><\/p>\n<p style=\"text-align: center;\">Nos esperar\u00e1 un <strong><a href=\"https:\/\/www.facebook.com\/muncyt\">museo gratuito<\/a>,\u00a0<\/strong>en el que nos<strong style=\"line-height: 1.5;\">\u00a0<\/strong><span style=\"line-height: 1.5;\">subiremos a un avi\u00f3n y nos dar\u00e1n un pasaporte en el que sellaremos nuestros viajes a otros Museos Nacionales y hasta podremos ver\u00a0robots parlanchines.<\/span><\/p>\n<p style=\"text-align: center;\"><iframe src=\"https:\/\/www.youtube.com\/embed\/etBGoKksDEQ\" width=\"406\" height=\"228\" frameborder=\"0\" allowfullscreen=\"allowfullscreen\"><\/iframe><br \/>\nContinuaremos nuestro gran viaje casi sin aliento porque hemos visto tantas cosas,<\/p>\n<p style=\"text-align: center;\">que igual tendremos que dejar la visita para otro d\u00eda,<\/p>\n<p style=\"text-align: center;\"><strong>que no ni\u00f1@s<\/strong><\/p>\n<p style=\"text-align: center;\">que a\u00fan continuaremos la aventura&#8230;<\/p>\n<p style=\"text-align: center;\">Cre\u00edas que no os\u00a0pod\u00eda sorprender, \u00a0peque\u00f1@s, familia, <strong>a\u00fan queda lo mejor <\/strong><\/p>\n<p style=\"text-align: center;\"><em><strong>un mirador en un monte con un parque de lujo.<\/strong><\/em><\/p>\n<p style=\"text-align: center;\"><strong>Suena bien\u00a0\u00bfverdad?<\/strong><\/p>\n<p style=\"text-align: center;\">Nos vamos al <strong>MONTE DE SAN PEDRO\u00a0<\/strong><strong>\u00a0<\/strong><\/p>\n<p style=\"text-align: center;\"><strong>\u00bf Y c\u00f3mo subiremos al Monte de San Pedro?<\/strong><\/p>\n<p style=\"text-align: center;\">Pues f\u00e1cil, gracias a un ascensor panor\u00e1mico<\/p>\n<figure style=\"width: 970px\" class=\"wp-caption aligncenter\"><img loading=\"lazy\" decoding=\"async\" src=\"https:\/\/galiciamaxica.eu\/mini\/wp-content\/uploads\/2019\/10\/ascensor.jpg\" alt=\"\" width=\"970\" height=\"310\" \/><figcaption class=\"wp-caption-text\"><strong>M\u00c1S INFORMACI\u00d3N<\/strong><\/figcaption><\/figure>\n<p style=\"text-align: center;\"><strong>\u00bf y desde d\u00f3nde disfrutaremos de las vistas?<\/strong><\/p>\n<p style=\"text-align: center;\">Pues desde el \u00fanico mirador cubierto de Espa\u00f1a de 360\u00ba.<\/p>\n<p style=\"text-align: center;\"><strong>\u00bfY el PARQUE?<\/strong><\/p>\n<p style=\"text-align: center;\">Aqu\u00ed lo ten\u00e9is y\u00a0cuenta con una superficie de 78\u00a0ha.<br \/>\nEn \u00e9l hay un <strong>laberinto ingl\u00e9s<\/strong>.<\/p>\n<p style=\"text-align: center;\"><a href=\"http:\/\/es.paperblog.com\/a-coruna-monte-de-san-pedro-2628116\/\"><img loading=\"lazy\" decoding=\"async\" class=\"aligncenter\" src=\"https:\/\/galiciamaxica.eu\/mini\/wp-content\/uploads\/2019\/10\/coruna-monte-san-pedro-L-QC6ZKD.jpg\" alt=\"\" width=\"400\" height=\"272\" \/><\/a><br \/>\nY\u00a0tambi\u00e9n un <strong>estanque con patos<\/strong>.<br \/>\n<img loading=\"lazy\" decoding=\"async\" class=\"aligncenter\" src=\"https:\/\/galiciamaxica.eu\/mini\/wp-content\/uploads\/2019\/10\/parquesanpedro.jpg\" alt=\"\" width=\"409\" height=\"248\" \/><\/p>\n<p style=\"text-align: center;\"><strong>Su Horario\u00a0<\/strong><\/p>\n<p style=\"text-align: center;\"><em><strong>Invierno<\/strong> <\/em>del 1 de octubre\u00a0 hasta el 30 de abril:<br \/>\nDe 11:00 a 20:00 horas, excepto viernes y s\u00e1bados que ser\u00e1 de 11:00 a 22:00 horas.<\/p>\n<p style=\"text-align: center;\"><strong><em>Verano<\/em><\/strong>\u00a0del 1 de mayo\u00a0hasta el 30 de septiembre:<br \/>\nDe 10:00 a 22:00 horas<\/p>\n<p style=\"text-align: center;\"><em><strong>Buen viaje FAMILIA<\/strong><\/em><\/p>\n<p style=\"text-align: center;\">Espero os hayan gustado mis propuestas.<\/p>\n<p style=\"text-align: center;\">Recordar que los enlaces est\u00e1n en otro color, \u00abrojo\u00bb y os pueden ser de gran ayuda.<\/p>\n<p style=\"text-align: center;\">No\u00a0os\u00a0olvid\u00e9is que pinchando en las fotos, ten\u00e9is enlaces con mucha m\u00e1s informaci\u00f3n<\/p>\n<p style=\"text-align: center;\"><em><strong><a href=\"http:\/\/www.galiciamaxica.eu\/mini\/lugares\/\">Ah! \u00bfqu\u00e9 a\u00fan quieres m\u00e1s?<\/a><\/strong><\/em><\/p>\n<p style=\"text-align: center;\">Pues muy cerquita tambi\u00e9n pod\u00e9is visitar<\/p>\n<p style=\"text-align: center;\"><strong>CASTILLO MUSEO DESAN ANT\u00d3N<\/strong><\/p>\n<p style=\"text-align: center;\"><img loading=\"lazy\" decoding=\"async\" class=\"aligncenter\" src=\"https:\/\/galiciamaxica.eu\/mini\/wp-content\/uploads\/2019\/10\/P4025251.jpg\" alt=\"\" width=\"288\" height=\"216\" \/><\/p>\n<p style=\"text-align: center;\"><em><strong>NO OS OLVID\u00c9IS FAMILIA el RETO<\/strong><\/em><\/p>\n<p style=\"text-align: center;\"><strong><a href=\"https:\/\/www.facebook.com\/minigalicia?ref=hl\">De compartir\u00a0el viaje<\/a><\/strong><\/p>\n<p style=\"text-align: center;\"><strong><a href=\"https:\/\/www.facebook.com\/turismocoruna?fref=photo\">TURISMO CORU\u00d1A<\/a><\/strong><\/p>\n<p>\u00a0<img loading=\"lazy\" decoding=\"async\" class=\"alignnone wp-image-1386\" src=\"http:\/\/www.galiciamaxica.eu\/mini\/wp-content\/uploads\/2015\/08\/a3.jpg\" alt=\"a\" width=\"812\" height=\"387\" srcset=\"https:\/\/www.galiciamaxica.eu\/mini\/wp-content\/uploads\/2015\/08\/a3.jpg 1280w, https:\/\/www.galiciamaxica.eu\/mini\/wp-content\/uploads\/2015\/08\/a3-300x143.jpg 300w, https:\/\/www.galiciamaxica.eu\/mini\/wp-content\/uploads\/2015\/08\/a3-768x365.jpg 768w, https:\/\/www.galiciamaxica.eu\/mini\/wp-content\/uploads\/2015\/08\/a3-1024x487.jpg 1024w\" sizes=\"(max-width: 812px) 100vw, 812px\" \/><\/p>\n","protected":false},"excerpt":{"rendered":"<p>Hoy nos vamos A Coru\u00f1a, \u00a0los ni\u00f1os disfrutar\u00e1n de una gran ciudad adaptada a ellos. LA TORRE DE H\u00c9RCULES Comenzaremos en un faro que es Patrimonio de la Humanidad y aunque no lo cre\u00e1is ante vuestros ojos est\u00e1, el m\u00e1s antiguo del mundo en funcionamiento, sobre una colina de 60 metros y con una altura [&hellip;]<\/p>\n","protected":false},"author":1,"featured_media":1213,"comment_status":"open","ping_status":"open","sticky":false,"template":"","format":"standard","meta":{"_eb_attr":"","site-sidebar-layout":"default","site-content-layout":"","ast-site-content-layout":"","site-content-style":"default","site-sidebar-style":"default","ast-global-header-display":"","ast-banner-title-visibility":"","ast-main-header-display":"","ast-hfb-above-header-display":"","ast-hfb-below-header-display":"","ast-hfb-mobile-header-display":"","site-post-title":"","ast-breadcrumbs-content":"","ast-featured-img":"","footer-sml-layout":"","theme-transparent-header-meta":"","adv-header-id-meta":"","stick-header-meta":"","header-above-stick-meta":"","header-main-stick-meta":"","header-below-stick-meta":"","astra-migrate-meta-layouts":"default","ast-page-background-enabled":"default","ast-page-background-meta":{"desktop":{"background-color":"","background-image":"","background-repeat":"repeat","background-position":"center center","background-size":"auto","background-attachment":"scroll","background-type":"","background-media":"","overlay-type":"","overlay-color":"","overlay-opacity":"","overlay-gradient":""},"tablet":{"background-color":"","background-image":"","background-repeat":"repeat","background-position":"center center","background-size":"auto","background-attachment":"scroll","background-type":"","background-media":"","overlay-type":"","overlay-color":"","overlay-opacity":"","overlay-gradient":""},"mobile":{"background-color":"","background-image":"","background-repeat":"repeat","background-position":"center center","background-size":"auto","background-attachment":"scroll","background-type":"","background-media":"","overlay-type":"","overlay-color":"","overlay-opacity":"","overlay-gradient":""}},"ast-content-background-meta":{"desktop":{"background-color":"var(--ast-global-color-5)","background-image":"","background-repeat":"repeat","background-position":"center center","background-size":"auto","background-attachment":"scroll","background-type":"","background-media":"","overlay-type":"","overlay-color":"","overlay-opacity":"","overlay-gradient":""},"tablet":{"background-color":"var(--ast-global-color-5)","background-image":"","background-repeat":"repeat","background-position":"center center","background-size":"auto","background-attachment":"scroll","background-type":"","background-media":"","overlay-type":"","overlay-color":"","overlay-opacity":"","overlay-gradient":""},"mobile":{"background-color":"var(--ast-global-color-5)","background-image":"","background-repeat":"repeat","background-position":"center center","background-size":"auto","background-attachment":"scroll","background-type":"","background-media":"","overlay-type":"","overlay-color":"","overlay-opacity":"","overlay-gradient":""}},"footnotes":""},"categories":[49,15],"tags":[56,8,25,37,36,40,117,39,20,2,16,145,23,146,4,7,3],"class_list":["post-1207","post","type-post","status-publish","format-standard","has-post-thumbnail","hentry","category-a-coruna","category-lugares","tag-a-coruna","tag-findesemana","tag-galicia","tag-galiciamaxica","tag-lugares","tag-mar","tag-mirador","tag-museo","tag-naturaleza","tag-ninos","tag-parque","tag-pequenos","tag-pontevedra","tag-quehacer","tag-tiempo","tag-vacaciones","tag-viajes"],"yoast_head":"<!-- This site is optimized with the Yoast SEO plugin v24.9 - https:\/\/yoast.com\/wordpress\/plugins\/seo\/ -->\n<title>Hoy A CORU\u00d1A - Galicia con ni\u00f1os | GALICIA M\u00c1XICA<\/title>\n<meta name=\"robots\" content=\"index, follow, max-snippet:-1, max-image-preview:large, max-video-preview:-1\" \/>\n<link rel=\"canonical\" href=\"https:\/\/www.galiciamaxica.eu\/mini\/hoy-a-coruna\/\" \/>\n<meta property=\"og:locale\" content=\"es_ES\" \/>\n<meta property=\"og:type\" content=\"article\" \/>\n<meta property=\"og:title\" content=\"Hoy A CORU\u00d1A - Galicia con ni\u00f1os | GALICIA M\u00c1XICA\" \/>\n<meta property=\"og:description\" content=\"Hoy nos vamos A Coru\u00f1a, \u00a0los ni\u00f1os disfrutar\u00e1n de una gran ciudad adaptada a ellos. LA TORRE DE H\u00c9RCULES Comenzaremos en un faro que es Patrimonio de la Humanidad y aunque no lo cre\u00e1is ante vuestros ojos est\u00e1, el m\u00e1s antiguo del mundo en funcionamiento, sobre una colina de 60 metros y con una altura [&hellip;]\" \/>\n<meta property=\"og:url\" content=\"https:\/\/www.galiciamaxica.eu\/mini\/hoy-a-coruna\/\" \/>\n<meta property=\"og:site_name\" content=\"Galicia con ni\u00f1os | GALICIA M\u00c1XICA\" \/>\n<meta property=\"article:publisher\" content=\"https:\/\/www.facebook.com\/maria.rodriguezserantes\" \/>\n<meta property=\"article:author\" content=\"https:\/\/www.facebook.com\/maria.rodriguezserantes\" \/>\n<meta property=\"article:published_time\" content=\"2015-08-26T16:54:34+00:00\" \/>\n<meta property=\"article:modified_time\" content=\"2026-03-29T19:57:07+00:00\" \/>\n<meta property=\"og:image\" content=\"https:\/\/www.galiciamaxica.eu\/mini\/wp-content\/uploads\/2015\/08\/100_2831.jpg\" \/>\n\t<meta property=\"og:image:width\" content=\"600\" \/>\n\t<meta property=\"og:image:height\" content=\"451\" \/>\n\t<meta property=\"og:image:type\" content=\"image\/jpeg\" \/>\n<meta name=\"author\" content=\"seseixa\" \/>\n<meta name=\"twitter:card\" content=\"summary_large_image\" \/>\n<meta name=\"twitter:creator\" content=\"@seseixa\" \/>\n<meta name=\"twitter:site\" content=\"@seseixa\" \/>\n<meta name=\"twitter:label1\" content=\"Escrito por\" \/>\n\t<meta name=\"twitter:data1\" content=\"seseixa\" \/>\n\t<meta name=\"twitter:label2\" content=\"Tiempo de lectura\" \/>\n\t<meta name=\"twitter:data2\" content=\"6 minutos\" \/>\n<script type=\"application\/ld+json\" class=\"yoast-schema-graph\">{\"@context\":\"https:\/\/schema.org\",\"@graph\":[{\"@type\":\"Article\",\"@id\":\"https:\/\/www.galiciamaxica.eu\/mini\/hoy-a-coruna\/#article\",\"isPartOf\":{\"@id\":\"https:\/\/www.galiciamaxica.eu\/mini\/hoy-a-coruna\/\"},\"author\":{\"name\":\"seseixa\",\"@id\":\"https:\/\/www.galiciamaxica.eu\/mini\/#\/schema\/person\/2b284fe2fd911000a48d2e8936300179\"},\"headline\":\"Hoy A CORU\u00d1A\",\"datePublished\":\"2015-08-26T16:54:34+00:00\",\"dateModified\":\"2026-03-29T19:57:07+00:00\",\"mainEntityOfPage\":{\"@id\":\"https:\/\/www.galiciamaxica.eu\/mini\/hoy-a-coruna\/\"},\"wordCount\":684,\"commentCount\":0,\"publisher\":{\"@id\":\"https:\/\/www.galiciamaxica.eu\/mini\/#\/schema\/person\/2b284fe2fd911000a48d2e8936300179\"},\"image\":{\"@id\":\"https:\/\/www.galiciamaxica.eu\/mini\/hoy-a-coruna\/#primaryimage\"},\"thumbnailUrl\":\"https:\/\/www.galiciamaxica.eu\/mini\/wp-content\/uploads\/2015\/08\/100_2831.jpg\",\"keywords\":[\"a coru\u00f1a\",\"findesemana\",\"Galicia\",\"galiciamaxica\",\"lugares\",\"mar\",\"MIRADOR\",\"museo\",\"naturaleza\",\"ni\u00f1os\",\"parque\",\"peque\u00f1os\",\"pontevedra\",\"quehacer\",\"tiempo\",\"vacaciones\",\"viajes\"],\"articleSection\":[\"A CORU\u00d1A\",\"LUGARES\"],\"inLanguage\":\"es\",\"potentialAction\":[{\"@type\":\"CommentAction\",\"name\":\"Comment\",\"target\":[\"https:\/\/www.galiciamaxica.eu\/mini\/hoy-a-coruna\/#respond\"]}]},{\"@type\":\"WebPage\",\"@id\":\"https:\/\/www.galiciamaxica.eu\/mini\/hoy-a-coruna\/\",\"url\":\"https:\/\/www.galiciamaxica.eu\/mini\/hoy-a-coruna\/\",\"name\":\"Hoy A CORU\u00d1A - Galicia con ni\u00f1os | GALICIA M\u00c1XICA\",\"isPartOf\":{\"@id\":\"https:\/\/www.galiciamaxica.eu\/mini\/#website\"},\"primaryImageOfPage\":{\"@id\":\"https:\/\/www.galiciamaxica.eu\/mini\/hoy-a-coruna\/#primaryimage\"},\"image\":{\"@id\":\"https:\/\/www.galiciamaxica.eu\/mini\/hoy-a-coruna\/#primaryimage\"},\"thumbnailUrl\":\"https:\/\/www.galiciamaxica.eu\/mini\/wp-content\/uploads\/2015\/08\/100_2831.jpg\",\"datePublished\":\"2015-08-26T16:54:34+00:00\",\"dateModified\":\"2026-03-29T19:57:07+00:00\",\"breadcrumb\":{\"@id\":\"https:\/\/www.galiciamaxica.eu\/mini\/hoy-a-coruna\/#breadcrumb\"},\"inLanguage\":\"es\",\"potentialAction\":[{\"@type\":\"ReadAction\",\"target\":[\"https:\/\/www.galiciamaxica.eu\/mini\/hoy-a-coruna\/\"]}]},{\"@type\":\"ImageObject\",\"inLanguage\":\"es\",\"@id\":\"https:\/\/www.galiciamaxica.eu\/mini\/hoy-a-coruna\/#primaryimage\",\"url\":\"https:\/\/www.galiciamaxica.eu\/mini\/wp-content\/uploads\/2015\/08\/100_2831.jpg\",\"contentUrl\":\"https:\/\/www.galiciamaxica.eu\/mini\/wp-content\/uploads\/2015\/08\/100_2831.jpg\",\"width\":600,\"height\":451,\"caption\":\"100_2831\"},{\"@type\":\"BreadcrumbList\",\"@id\":\"https:\/\/www.galiciamaxica.eu\/mini\/hoy-a-coruna\/#breadcrumb\",\"itemListElement\":[{\"@type\":\"ListItem\",\"position\":1,\"name\":\"Portada\",\"item\":\"https:\/\/www.galiciamaxica.eu\/mini\/\"},{\"@type\":\"ListItem\",\"position\":2,\"name\":\"Hoy A CORU\u00d1A\"}]},{\"@type\":\"WebSite\",\"@id\":\"https:\/\/www.galiciamaxica.eu\/mini\/#website\",\"url\":\"https:\/\/www.galiciamaxica.eu\/mini\/\",\"name\":\"Galicia con ni\u00f1os | GALICIA M\u00c1XICA\",\"description\":\"Qu\u00e9 hacer con ni\u00f1os en Galicia\",\"publisher\":{\"@id\":\"https:\/\/www.galiciamaxica.eu\/mini\/#\/schema\/person\/2b284fe2fd911000a48d2e8936300179\"},\"potentialAction\":[{\"@type\":\"SearchAction\",\"target\":{\"@type\":\"EntryPoint\",\"urlTemplate\":\"https:\/\/www.galiciamaxica.eu\/mini\/?s={search_term_string}\"},\"query-input\":{\"@type\":\"PropertyValueSpecification\",\"valueRequired\":true,\"valueName\":\"search_term_string\"}}],\"inLanguage\":\"es\"},{\"@type\":[\"Person\",\"Organization\"],\"@id\":\"https:\/\/www.galiciamaxica.eu\/mini\/#\/schema\/person\/2b284fe2fd911000a48d2e8936300179\",\"name\":\"seseixa\",\"image\":{\"@type\":\"ImageObject\",\"inLanguage\":\"es\",\"@id\":\"https:\/\/www.galiciamaxica.eu\/mini\/#\/schema\/person\/image\/\",\"url\":\"https:\/\/www.galiciamaxica.eu\/mini\/wp-content\/uploads\/2019\/02\/seseixa.png\",\"contentUrl\":\"https:\/\/www.galiciamaxica.eu\/mini\/wp-content\/uploads\/2019\/02\/seseixa.png\",\"width\":100,\"height\":100,\"caption\":\"seseixa\"},\"logo\":{\"@id\":\"https:\/\/www.galiciamaxica.eu\/mini\/#\/schema\/person\/image\/\"},\"description\":\"En la actualidad combinando dos proyectos que me apasionan, Galicia y los ni\u00f1os. Tengo mucho que aportar y otro tanto que aprender, as\u00ed como, el tiempo y el coraz\u00f3n, dividido en todo momento. Soy mam\u00e1, un titulo otorgado a tiempo completo, compa\u00f1era y amiga, a todas horas, familiar y cercana, siempre. De esp\u00edritu inquieto, soy una eterna ni\u00f1a que juega en el pa\u00eds de las maravillas. Una enamorada de mi tierra, por la que trabajo sin descanso. Creo en la infancia como motor que cambiar\u00e1 el mundo a mejor y busco en mi vida la felicidad como estado permanente porque s\u00f3lo se vive una vez.\",\"sameAs\":[\"http:\/\/mini.galiciamaxica.eu\/\",\"https:\/\/www.facebook.com\/maria.rodriguezserantes\",\"https:\/\/x.com\/seseixa\"],\"url\":\"https:\/\/www.galiciamaxica.eu\/mini\/author\/seseixa\/\"}]}<\/script>\n<!-- \/ Yoast SEO plugin. -->","yoast_head_json":{"title":"Hoy A CORU\u00d1A - Galicia con ni\u00f1os | GALICIA M\u00c1XICA","robots":{"index":"index","follow":"follow","max-snippet":"max-snippet:-1","max-image-preview":"max-image-preview:large","max-video-preview":"max-video-preview:-1"},"canonical":"https:\/\/www.galiciamaxica.eu\/mini\/hoy-a-coruna\/","og_locale":"es_ES","og_type":"article","og_title":"Hoy A CORU\u00d1A - Galicia con ni\u00f1os | GALICIA M\u00c1XICA","og_description":"Hoy nos vamos A Coru\u00f1a, \u00a0los ni\u00f1os disfrutar\u00e1n de una gran ciudad adaptada a ellos. LA TORRE DE H\u00c9RCULES Comenzaremos en un faro que es Patrimonio de la Humanidad y aunque no lo cre\u00e1is ante vuestros ojos est\u00e1, el m\u00e1s antiguo del mundo en funcionamiento, sobre una colina de 60 metros y con una altura [&hellip;]","og_url":"https:\/\/www.galiciamaxica.eu\/mini\/hoy-a-coruna\/","og_site_name":"Galicia con ni\u00f1os | GALICIA M\u00c1XICA","article_publisher":"https:\/\/www.facebook.com\/maria.rodriguezserantes","article_author":"https:\/\/www.facebook.com\/maria.rodriguezserantes","article_published_time":"2015-08-26T16:54:34+00:00","article_modified_time":"2026-03-29T19:57:07+00:00","og_image":[{"width":600,"height":451,"url":"https:\/\/www.galiciamaxica.eu\/mini\/wp-content\/uploads\/2015\/08\/100_2831.jpg","type":"image\/jpeg"}],"author":"seseixa","twitter_card":"summary_large_image","twitter_creator":"@seseixa","twitter_site":"@seseixa","twitter_misc":{"Escrito por":"seseixa","Tiempo de lectura":"6 minutos"},"schema":{"@context":"https:\/\/schema.org","@graph":[{"@type":"Article","@id":"https:\/\/www.galiciamaxica.eu\/mini\/hoy-a-coruna\/#article","isPartOf":{"@id":"https:\/\/www.galiciamaxica.eu\/mini\/hoy-a-coruna\/"},"author":{"name":"seseixa","@id":"https:\/\/www.galiciamaxica.eu\/mini\/#\/schema\/person\/2b284fe2fd911000a48d2e8936300179"},"headline":"Hoy A CORU\u00d1A","datePublished":"2015-08-26T16:54:34+00:00","dateModified":"2026-03-29T19:57:07+00:00","mainEntityOfPage":{"@id":"https:\/\/www.galiciamaxica.eu\/mini\/hoy-a-coruna\/"},"wordCount":684,"commentCount":0,"publisher":{"@id":"https:\/\/www.galiciamaxica.eu\/mini\/#\/schema\/person\/2b284fe2fd911000a48d2e8936300179"},"image":{"@id":"https:\/\/www.galiciamaxica.eu\/mini\/hoy-a-coruna\/#primaryimage"},"thumbnailUrl":"https:\/\/www.galiciamaxica.eu\/mini\/wp-content\/uploads\/2015\/08\/100_2831.jpg","keywords":["a coru\u00f1a","findesemana","Galicia","galiciamaxica","lugares","mar","MIRADOR","museo","naturaleza","ni\u00f1os","parque","peque\u00f1os","pontevedra","quehacer","tiempo","vacaciones","viajes"],"articleSection":["A CORU\u00d1A","LUGARES"],"inLanguage":"es","potentialAction":[{"@type":"CommentAction","name":"Comment","target":["https:\/\/www.galiciamaxica.eu\/mini\/hoy-a-coruna\/#respond"]}]},{"@type":"WebPage","@id":"https:\/\/www.galiciamaxica.eu\/mini\/hoy-a-coruna\/","url":"https:\/\/www.galiciamaxica.eu\/mini\/hoy-a-coruna\/","name":"Hoy A CORU\u00d1A - Galicia con ni\u00f1os | GALICIA M\u00c1XICA","isPartOf":{"@id":"https:\/\/www.galiciamaxica.eu\/mini\/#website"},"primaryImageOfPage":{"@id":"https:\/\/www.galiciamaxica.eu\/mini\/hoy-a-coruna\/#primaryimage"},"image":{"@id":"https:\/\/www.galiciamaxica.eu\/mini\/hoy-a-coruna\/#primaryimage"},"thumbnailUrl":"https:\/\/www.galiciamaxica.eu\/mini\/wp-content\/uploads\/2015\/08\/100_2831.jpg","datePublished":"2015-08-26T16:54:34+00:00","dateModified":"2026-03-29T19:57:07+00:00","breadcrumb":{"@id":"https:\/\/www.galiciamaxica.eu\/mini\/hoy-a-coruna\/#breadcrumb"},"inLanguage":"es","potentialAction":[{"@type":"ReadAction","target":["https:\/\/www.galiciamaxica.eu\/mini\/hoy-a-coruna\/"]}]},{"@type":"ImageObject","inLanguage":"es","@id":"https:\/\/www.galiciamaxica.eu\/mini\/hoy-a-coruna\/#primaryimage","url":"https:\/\/www.galiciamaxica.eu\/mini\/wp-content\/uploads\/2015\/08\/100_2831.jpg","contentUrl":"https:\/\/www.galiciamaxica.eu\/mini\/wp-content\/uploads\/2015\/08\/100_2831.jpg","width":600,"height":451,"caption":"100_2831"},{"@type":"BreadcrumbList","@id":"https:\/\/www.galiciamaxica.eu\/mini\/hoy-a-coruna\/#breadcrumb","itemListElement":[{"@type":"ListItem","position":1,"name":"Portada","item":"https:\/\/www.galiciamaxica.eu\/mini\/"},{"@type":"ListItem","position":2,"name":"Hoy A CORU\u00d1A"}]},{"@type":"WebSite","@id":"https:\/\/www.galiciamaxica.eu\/mini\/#website","url":"https:\/\/www.galiciamaxica.eu\/mini\/","name":"Galicia con ni\u00f1os | GALICIA M\u00c1XICA","description":"Qu\u00e9 hacer con ni\u00f1os en Galicia","publisher":{"@id":"https:\/\/www.galiciamaxica.eu\/mini\/#\/schema\/person\/2b284fe2fd911000a48d2e8936300179"},"potentialAction":[{"@type":"SearchAction","target":{"@type":"EntryPoint","urlTemplate":"https:\/\/www.galiciamaxica.eu\/mini\/?s={search_term_string}"},"query-input":{"@type":"PropertyValueSpecification","valueRequired":true,"valueName":"search_term_string"}}],"inLanguage":"es"},{"@type":["Person","Organization"],"@id":"https:\/\/www.galiciamaxica.eu\/mini\/#\/schema\/person\/2b284fe2fd911000a48d2e8936300179","name":"seseixa","image":{"@type":"ImageObject","inLanguage":"es","@id":"https:\/\/www.galiciamaxica.eu\/mini\/#\/schema\/person\/image\/","url":"https:\/\/www.galiciamaxica.eu\/mini\/wp-content\/uploads\/2019\/02\/seseixa.png","contentUrl":"https:\/\/www.galiciamaxica.eu\/mini\/wp-content\/uploads\/2019\/02\/seseixa.png","width":100,"height":100,"caption":"seseixa"},"logo":{"@id":"https:\/\/www.galiciamaxica.eu\/mini\/#\/schema\/person\/image\/"},"description":"En la actualidad combinando dos proyectos que me apasionan, Galicia y los ni\u00f1os. Tengo mucho que aportar y otro tanto que aprender, as\u00ed como, el tiempo y el coraz\u00f3n, dividido en todo momento. Soy mam\u00e1, un titulo otorgado a tiempo completo, compa\u00f1era y amiga, a todas horas, familiar y cercana, siempre. De esp\u00edritu inquieto, soy una eterna ni\u00f1a que juega en el pa\u00eds de las maravillas. Una enamorada de mi tierra, por la que trabajo sin descanso. Creo en la infancia como motor que cambiar\u00e1 el mundo a mejor y busco en mi vida la felicidad como estado permanente porque s\u00f3lo se vive una vez.","sameAs":["http:\/\/mini.galiciamaxica.eu\/","https:\/\/www.facebook.com\/maria.rodriguezserantes","https:\/\/x.com\/seseixa"],"url":"https:\/\/www.galiciamaxica.eu\/mini\/author\/seseixa\/"}]}},"amp_enabled":true,"post_mailing_queue_ids":[],"_links":{"self":[{"href":"https:\/\/www.galiciamaxica.eu\/mini\/wp-json\/wp\/v2\/posts\/1207"}],"collection":[{"href":"https:\/\/www.galiciamaxica.eu\/mini\/wp-json\/wp\/v2\/posts"}],"about":[{"href":"https:\/\/www.galiciamaxica.eu\/mini\/wp-json\/wp\/v2\/types\/post"}],"author":[{"embeddable":true,"href":"https:\/\/www.galiciamaxica.eu\/mini\/wp-json\/wp\/v2\/users\/1"}],"replies":[{"embeddable":true,"href":"https:\/\/www.galiciamaxica.eu\/mini\/wp-json\/wp\/v2\/comments?post=1207"}],"version-history":[{"count":11,"href":"https:\/\/www.galiciamaxica.eu\/mini\/wp-json\/wp\/v2\/posts\/1207\/revisions"}],"predecessor-version":[{"id":23143,"href":"https:\/\/www.galiciamaxica.eu\/mini\/wp-json\/wp\/v2\/posts\/1207\/revisions\/23143"}],"wp:featuredmedia":[{"embeddable":true,"href":"https:\/\/www.galiciamaxica.eu\/mini\/wp-json\/wp\/v2\/media\/1213"}],"wp:attachment":[{"href":"https:\/\/www.galiciamaxica.eu\/mini\/wp-json\/wp\/v2\/media?parent=1207"}],"wp:term":[{"taxonomy":"category","embeddable":true,"href":"https:\/\/www.galiciamaxica.eu\/mini\/wp-json\/wp\/v2\/categories?post=1207"},{"taxonomy":"post_tag","embeddable":true,"href":"https:\/\/www.galiciamaxica.eu\/mini\/wp-json\/wp\/v2\/tags?post=1207"}],"curies":[{"name":"wp","href":"https:\/\/api.w.org\/{rel}","templated":true}]}}