{"id":1170,"date":"2015-08-22T17:57:45","date_gmt":"2015-08-22T17:57:45","guid":{"rendered":"http:\/\/www.galiciamaxica.eu\/mini\/?p=1170"},"modified":"2024-03-15T14:46:59","modified_gmt":"2024-03-15T13:46:59","slug":"hoy-fragas-de-eume","status":"publish","type":"post","link":"https:\/\/www.galiciamaxica.eu\/mini\/hoy-fragas-de-eume\/","title":{"rendered":"Hoy FRAGAS DE EUME"},"content":{"rendered":"<p style=\"text-align: center;\"><iframe style=\"border: 0;\" src=\"https:\/\/www.google.com\/maps\/embed?pb=!1m10!1m8!1m3!1d46799.446643527306!2d-8.060800000000002!3d43.40741!3m2!1i1024!2i768!4f13.1!5e1!3m2!1ses!2sus!4v1440261713709\" width=\"600\" height=\"450\" frameborder=\"0\" allowfullscreen=\"allowfullscreen\"><\/iframe><br \/>\nAhora os voy a presentar uno de los Parques naturales m\u00e1s famosos y hermosos de Galicia,<\/p>\n<p style=\"text-align: center;\"><strong><a href=\"http:\/\/www.galiciamaxica.eu\/a-coruna\/fragas-do-eume\/\">AS FRAGAS DE EUME<\/a><\/strong>,<\/p>\n<p style=\"text-align: center;\">una vez que lo descubras, te preguntar\u00e1s:<\/p>\n<p style=\"text-align: center;\"><a href=\"http:\/\/www.galiciamaxica.eu\/a-coruna\/fragas-do-eume\/\"><img fetchpriority=\"high\" decoding=\"async\" class=\"aligncenter\" src=\"https:\/\/galiciamaxica.eu\/mini\/wp-content\/uploads\/2019\/10\/1_eume14.jpg\" alt=\"\" width=\"912\" height=\"608\" \/><\/a><\/p>\n<p style=\"text-align: center;\"><strong>\u00bfpor qu\u00e9 no son parque Nacional?<\/strong><\/p>\n<p>Y es que este espectacular paisaje que cuenta con \u00a0<strong>9.125 Hect\u00e1reas<\/strong> y \u00a0ocupa parte de cuatro\u00a0concellos<\/p>\n<p style=\"text-align: center;\"><strong>Cabanas<\/strong>, <strong>A Capela<\/strong>, <a href=\"http:\/\/www.galiciamaxica.eu\/monfero\"><strong>Monfero<\/strong> <\/a>y <strong><a href=\"http:\/\/www.galiciamaxica.eu\/pontedeume\">Pontedeume<\/a>.<\/strong><\/p>\n<p style=\"text-align: center;\">\u00a0Debe su hermosura a un r\u00edo al que acompa\u00f1a una leyenda:<\/p>\n<p style=\"text-align: center;\"><a href=\"http:\/\/www.galiciamaxica.eu\/a-coruna\/fragas-do-eume\/\"><img decoding=\"async\" class=\"aligncenter\" src=\"https:\/\/galiciamaxica.eu\/mini\/wp-content\/uploads\/2019\/10\/eume26.jpg\" alt=\"\" width=\"863\" height=\"575\" \/><\/a><\/p>\n<p>\u201c<em>Con el Eume nacieron dos r\u00edos m\u00e1s en la misma sierra, el Sor y el Landro. Dios prometi\u00f3 que al primero que llegase al mar le dar\u00eda a un hombre todos los a\u00f1os como ofrenda. Los tres pactaron que recorrer\u00edan juntos el camino y llegar\u00edan al mismo tiempo. En un lugar, cansados de su viaje, decidieron descansar. Uno de ellos despert\u00f3 primero y traicion\u00e1ndolos emprendi\u00f3 el viaje hacia el Oc\u00e9ano. El otro, al abrir sus ojos y comprobar que faltaba uno, abandon\u00f3 el lugar tambi\u00e9n dejando s\u00f3lo al Eume. As\u00ed el Eume, al despertar, enfurecido y embravecido, emprendi\u00f3 el viaje saltando todo lo que se le interpuso en el camino, formando valles y saltos hasta llegar antes que los dos traidores. As\u00ed, estos, quedaron relegados a simples afluentes. Hasta la construcci\u00f3n de los embalses, el Eume, todos los a\u00f1os se llevaba la vida de alg\u00fan hombre debido a la bravura de sus aguas.\u201d \u00a0<\/em><\/p>\n<p style=\"text-align: center;\"><em><strong>Fuente<a href=\"http:\/\/www.galiciamaxica.eu\/\"> galiciam\u00e1xica.eu<\/a><\/strong><\/em><\/p>\n<p><a href=\"http:\/\/www.galiciamaxica.eu\/a-coruna\/fragas-do-eume\/\"><img decoding=\"async\" class=\"aligncenter\" src=\"https:\/\/galiciamaxica.eu\/mini\/wp-content\/uploads\/2019\/10\/eume57.jpg\" alt=\"\" width=\"791\" height=\"527\" \/><\/a><\/p>\n<p style=\"text-align: center;\">Yo os recomendar\u00eda perderos por las Fragas y sentir la naturaleza en estado puro.<\/p>\n<p style=\"text-align: center;\">Tocar el coraz\u00f3n del Eume es un verdadero privilegio.<\/p>\n<p style=\"text-align: center;\">Siendo el hogar de muchas especies y con una rica fauna, divertirse aqu\u00ed, es obligado.<\/p>\n<p style=\"text-align: center;\"><iframe src=\"https:\/\/www.google.com\/maps\/d\/embed?mid=zo4HtRZxnKws.kCEWWUbl4mGY\" width=\"640\" height=\"480\"><\/iframe><\/p>\n<p style=\"text-align: center;\">Os damos la bienvenida al\u00a0<strong>mayor bosque Atl\u00e1ntico costero de Europa,\u00a0<\/strong><\/p>\n<p style=\"text-align: center;\">un lugar repleto de rutas enriquecedoras<\/p>\n<p style=\"text-align: center;\"><a href=\"http:\/\/www.galiciamaxica.eu\/a-coruna\/fragas-do-eume\/\"><img loading=\"lazy\" decoding=\"async\" class=\"aligncenter\" src=\"https:\/\/galiciamaxica.eu\/mini\/wp-content\/uploads\/2019\/10\/eume23.jpg\" alt=\"\" width=\"836\" height=\"557\" \/><\/a><\/p>\n<p style=\"text-align: center;\">Durante nuestra ruta cruzaremos el r\u00edo por puentes colgantes<\/p>\n<p style=\"text-align: center;\">\u00a0<strong>\u00bfOS ATREV\u00c9IS?<\/strong><\/p>\n<p style=\"text-align: center;\"><a href=\"http:\/\/www.galiciamaxica.eu\/a-coruna\/fragas-do-eume\/\"><img loading=\"lazy\" decoding=\"async\" class=\"aligncenter\" src=\"https:\/\/galiciamaxica.eu\/mini\/wp-content\/uploads\/2019\/10\/eume15.jpg\" alt=\"\" width=\"849\" height=\"566\" \/><\/a><\/p>\n<p style=\"text-align: center;\">No os cansar\u00e9is descubriendo cada uno de sus rincones,\u00a0<span style=\"line-height: 1.5;\">en\u00a0lugares donde la naturaleza est\u00e1, m\u00e1s que presente,<\/span><\/p>\n<p style=\"text-align: center;\"><em><strong>que os\u00a0cans\u00e1is no hay problema<\/strong><\/em><\/p>\n<p style=\"text-align: center;\">el lugar dispone de muchas zonas de descanso,\u00a0en las que darnos un respiro y recobrar las fuerzas.<\/p>\n<p style=\"text-align: center;\"><a href=\"http:\/\/www.galiciamaxica.eu\/a-coruna\/fragas-do-eume\/\"><img loading=\"lazy\" decoding=\"async\" class=\"aligncenter\" src=\"https:\/\/galiciamaxica.eu\/mini\/wp-content\/uploads\/2019\/10\/eume72.jpg\" alt=\"\" width=\"840\" height=\"560\" \/><\/a><\/p>\n<p style=\"text-align: center;\"><strong>FOTOS<\/strong><\/p>\n<p style=\"text-align: center;\"><iframe src=\"https:\/\/www.youtube.com\/embed\/yAN-ZDmR_9Y\" width=\"640\" height=\"480\" frameborder=\"0\" allowfullscreen=\"allowfullscreen\"><\/iframe><\/p>\n<p style=\"text-align: center;\">No os perd\u00e1is tampoco el <strong>museo etnogr\u00e1fico da Capela <\/strong><\/p>\n<p style=\"text-align: center;\">\n<p style=\"text-align: center;\">y en pleno coraz\u00f3n de las Fragas de Eume\u00a0el\u00a0<strong><a href=\"http:\/\/www.galiciamaxica.eu\/categorias\/monasterios\">Monasterio<\/a>\u00a0<\/strong><\/p>\n<p style=\"text-align: center;\">al que deb\u00e9is acercaros ya que es de<\/p>\n<p style=\"text-align: center;\"><strong> visita obligada<\/strong><\/p>\n<p style=\"text-align: center;\"><strong><a href=\"http:\/\/www.galiciamaxica.eu\/a-coruna\/caaveiro\/\">EL MONASTERIO DE SAN XO\u00c1N DE CAAVEIRO<\/a><\/strong><\/p>\n<p style=\"text-align: center;\"><a href=\"http:\/\/www.galiciamaxica.eu\/a-coruna\/fragas-do-eume\/\"><img loading=\"lazy\" decoding=\"async\" class=\"aligncenter\" src=\"https:\/\/galiciamaxica.eu\/mini\/wp-content\/uploads\/2019\/10\/IMG_5292.jpg\" alt=\"\" width=\"720\" height=\"480\" \/><\/a><\/p>\n<p style=\"text-align: center;\">Pronto haremos una nueva <strong><a href=\"http:\/\/www.galiciamaxica.eu\/mini\/\">entrada en el blog<\/a><\/strong> sobre este m\u00e1gico cenobio y<\/p>\n<p style=\"text-align: center;\"><strong>Los lugares que visitar cerca:<\/strong><\/p>\n<div id=\"enlaces\" style=\"text-align: center;\"><a href=\"http:\/\/www.galiciamaxica.eu\/a-coruna\/molino\/\">Restos del Molino de Caaveiro<\/a><\/div>\n<div id=\"enlaces\" style=\"text-align: center;\"><a href=\"http:\/\/www.galiciamaxica.eu\/a-coruna\/puentecaaveiro\/\">Puente de Caaveiro<\/a><\/div>\n<div id=\"enlaces\" style=\"text-align: center;\"><a href=\"http:\/\/www.galiciamaxica.eu\/a-coruna\/parquesesin\/\">Parque Etnogr\u00e1fico do R\u00edo Ses\u00edn<\/a><\/div>\n<p style=\"text-align: center;\"><img loading=\"lazy\" decoding=\"async\" class=\"aligncenter\" src=\"https:\/\/galiciamaxica.eu\/mini\/wp-content\/uploads\/2019\/10\/IMG_5226.jpg\" alt=\"\" width=\"485\" height=\"323\" \/><\/p>\n<p style=\"text-align: center;\"><a href=\"http:\/\/www.galiciamaxica.eu\/a-coruna\/caaveiro\/\"><img loading=\"lazy\" decoding=\"async\" class=\"aligncenter\" src=\"https:\/\/galiciamaxica.eu\/mini\/wp-content\/uploads\/2019\/10\/1_IMG_5179.jpg\" alt=\"\" width=\"791\" height=\"527\" \/><\/a><\/p>\n<p style=\"text-align: center;\"><strong>FOTOS<\/strong><\/p>\n<p style=\"text-align: center;\">Y si eres de los que te quedas con ganas de m\u00e1s<\/p>\n<p class=\"LETRAROJA\" align=\"center\"><a href=\"http:\/\/www.galiciamaxica.eu\/a-coruna\/castelodosandrade\/\">Castillo de Andrade en Pontedeume<\/a><\/p>\n<div id=\"enlaces\" style=\"text-align: center;\"><a href=\"http:\/\/www.galiciamaxica.eu\/a-coruna\/monfero\/\">Monasterio de Monfero<\/a><\/div>\n","protected":false},"excerpt":{"rendered":"<p>Ahora os voy a presentar uno de los Parques naturales m\u00e1s famosos y hermosos de Galicia, AS FRAGAS DE EUME, una vez que lo descubras, te preguntar\u00e1s: \u00bfpor qu\u00e9 no son parque Nacional? Y es que este espectacular paisaje que cuenta con \u00a09.125 Hect\u00e1reas y \u00a0ocupa parte de cuatro\u00a0concellos Cabanas, A Capela, Monfero y Pontedeume. [&hellip;]<\/p>\n","protected":false},"author":1,"featured_media":1172,"comment_status":"open","ping_status":"open","sticky":false,"template":"","format":"standard","meta":{"_eb_attr":"","site-sidebar-layout":"default","site-content-layout":"","ast-site-content-layout":"","site-content-style":"default","site-sidebar-style":"default","ast-global-header-display":"","ast-banner-title-visibility":"","ast-main-header-display":"","ast-hfb-above-header-display":"","ast-hfb-below-header-display":"","ast-hfb-mobile-header-display":"","site-post-title":"","ast-breadcrumbs-content":"","ast-featured-img":"","footer-sml-layout":"","theme-transparent-header-meta":"","adv-header-id-meta":"","stick-header-meta":"","header-above-stick-meta":"","header-main-stick-meta":"","header-below-stick-meta":"","astra-migrate-meta-layouts":"default","ast-page-background-enabled":"default","ast-page-background-meta":{"desktop":{"background-color":"","background-image":"","background-repeat":"repeat","background-position":"center center","background-size":"auto","background-attachment":"scroll","background-type":"","background-media":"","overlay-type":"","overlay-color":"","overlay-opacity":"","overlay-gradient":""},"tablet":{"background-color":"","background-image":"","background-repeat":"repeat","background-position":"center center","background-size":"auto","background-attachment":"scroll","background-type":"","background-media":"","overlay-type":"","overlay-color":"","overlay-opacity":"","overlay-gradient":""},"mobile":{"background-color":"","background-image":"","background-repeat":"repeat","background-position":"center center","background-size":"auto","background-attachment":"scroll","background-type":"","background-media":"","overlay-type":"","overlay-color":"","overlay-opacity":"","overlay-gradient":""}},"ast-content-background-meta":{"desktop":{"background-color":"var(--ast-global-color-5)","background-image":"","background-repeat":"repeat","background-position":"center center","background-size":"auto","background-attachment":"scroll","background-type":"","background-media":"","overlay-type":"","overlay-color":"","overlay-opacity":"","overlay-gradient":""},"tablet":{"background-color":"var(--ast-global-color-5)","background-image":"","background-repeat":"repeat","background-position":"center center","background-size":"auto","background-attachment":"scroll","background-type":"","background-media":"","overlay-type":"","overlay-color":"","overlay-opacity":"","overlay-gradient":""},"mobile":{"background-color":"var(--ast-global-color-5)","background-image":"","background-repeat":"repeat","background-position":"center center","background-size":"auto","background-attachment":"scroll","background-type":"","background-media":"","overlay-type":"","overlay-color":"","overlay-opacity":"","overlay-gradient":""}},"footnotes":""},"categories":[49,15],"tags":[56,27,255,8,254,25,37,5,36,118,55,20,2,146,53,42,43,4,7,3],"class_list":["post-1170","post","type-post","status-publish","format-standard","has-post-thumbnail","hentry","category-a-coruna","category-lugares","tag-a-coruna","tag-bosque","tag-caaveiro","tag-findesemana","tag-fragas-de-eume","tag-galicia","tag-galiciamaxica","tag-libre","tag-lugares","tag-monte","tag-natural","tag-naturaleza","tag-ninos","tag-quehacer","tag-rio","tag-ruta","tag-sendero","tag-tiempo","tag-vacaciones","tag-viajes"],"yoast_head":"<!-- This site is optimized with the Yoast SEO plugin v24.9 - https:\/\/yoast.com\/wordpress\/plugins\/seo\/ -->\n<title>Hoy FRAGAS DE EUME - Galicia con ni\u00f1os | GALICIA M\u00c1XICA<\/title>\n<meta name=\"robots\" content=\"index, follow, max-snippet:-1, max-image-preview:large, max-video-preview:-1\" \/>\n<link rel=\"canonical\" href=\"https:\/\/www.galiciamaxica.eu\/mini\/hoy-fragas-de-eume\/\" \/>\n<meta property=\"og:locale\" content=\"es_ES\" \/>\n<meta property=\"og:type\" content=\"article\" \/>\n<meta property=\"og:title\" content=\"Hoy FRAGAS DE EUME - Galicia con ni\u00f1os | GALICIA M\u00c1XICA\" \/>\n<meta property=\"og:description\" content=\"Ahora os voy a presentar uno de los Parques naturales m\u00e1s famosos y hermosos de Galicia, AS FRAGAS DE EUME, una vez que lo descubras, te preguntar\u00e1s: \u00bfpor qu\u00e9 no son parque Nacional? Y es que este espectacular paisaje que cuenta con \u00a09.125 Hect\u00e1reas y \u00a0ocupa parte de cuatro\u00a0concellos Cabanas, A Capela, Monfero y Pontedeume. [&hellip;]\" \/>\n<meta property=\"og:url\" content=\"https:\/\/www.galiciamaxica.eu\/mini\/hoy-fragas-de-eume\/\" \/>\n<meta property=\"og:site_name\" content=\"Galicia con ni\u00f1os | GALICIA M\u00c1XICA\" \/>\n<meta property=\"article:publisher\" content=\"https:\/\/www.facebook.com\/maria.rodriguezserantes\" \/>\n<meta property=\"article:author\" content=\"https:\/\/www.facebook.com\/maria.rodriguezserantes\" \/>\n<meta property=\"article:published_time\" content=\"2015-08-22T17:57:45+00:00\" \/>\n<meta property=\"article:modified_time\" content=\"2024-03-15T13:46:59+00:00\" \/>\n<meta property=\"og:image\" content=\"https:\/\/www.galiciamaxica.eu\/mini\/wp-content\/uploads\/2015\/08\/eume22.jpg\" \/>\n\t<meta property=\"og:image:width\" content=\"1152\" \/>\n\t<meta property=\"og:image:height\" content=\"768\" \/>\n\t<meta property=\"og:image:type\" content=\"image\/jpeg\" \/>\n<meta name=\"author\" content=\"seseixa\" \/>\n<meta name=\"twitter:card\" content=\"summary_large_image\" \/>\n<meta name=\"twitter:creator\" content=\"@seseixa\" \/>\n<meta name=\"twitter:site\" content=\"@seseixa\" \/>\n<meta name=\"twitter:label1\" content=\"Escrito por\" \/>\n\t<meta name=\"twitter:data1\" content=\"seseixa\" \/>\n\t<meta name=\"twitter:label2\" content=\"Tiempo de lectura\" \/>\n\t<meta name=\"twitter:data2\" content=\"2 minutos\" \/>\n<script type=\"application\/ld+json\" class=\"yoast-schema-graph\">{\"@context\":\"https:\/\/schema.org\",\"@graph\":[{\"@type\":\"Article\",\"@id\":\"https:\/\/www.galiciamaxica.eu\/mini\/hoy-fragas-de-eume\/#article\",\"isPartOf\":{\"@id\":\"https:\/\/www.galiciamaxica.eu\/mini\/hoy-fragas-de-eume\/\"},\"author\":{\"name\":\"seseixa\",\"@id\":\"https:\/\/www.galiciamaxica.eu\/mini\/#\/schema\/person\/2b284fe2fd911000a48d2e8936300179\"},\"headline\":\"Hoy FRAGAS DE EUME\",\"datePublished\":\"2015-08-22T17:57:45+00:00\",\"dateModified\":\"2024-03-15T13:46:59+00:00\",\"mainEntityOfPage\":{\"@id\":\"https:\/\/www.galiciamaxica.eu\/mini\/hoy-fragas-de-eume\/\"},\"wordCount\":461,\"commentCount\":0,\"publisher\":{\"@id\":\"https:\/\/www.galiciamaxica.eu\/mini\/#\/schema\/person\/2b284fe2fd911000a48d2e8936300179\"},\"image\":{\"@id\":\"https:\/\/www.galiciamaxica.eu\/mini\/hoy-fragas-de-eume\/#primaryimage\"},\"thumbnailUrl\":\"https:\/\/www.galiciamaxica.eu\/mini\/wp-content\/uploads\/2015\/08\/eume22.jpg\",\"keywords\":[\"a coru\u00f1a\",\"bosque\",\"caaveiro\",\"findesemana\",\"fragas de Eume\",\"Galicia\",\"galiciamaxica\",\"libre\",\"lugares\",\"MONTE\",\"natural\",\"naturaleza\",\"ni\u00f1os\",\"quehacer\",\"rio\",\"ruta\",\"sendero\",\"tiempo\",\"vacaciones\",\"viajes\"],\"articleSection\":[\"A CORU\u00d1A\",\"LUGARES\"],\"inLanguage\":\"es\",\"potentialAction\":[{\"@type\":\"CommentAction\",\"name\":\"Comment\",\"target\":[\"https:\/\/www.galiciamaxica.eu\/mini\/hoy-fragas-de-eume\/#respond\"]}]},{\"@type\":\"WebPage\",\"@id\":\"https:\/\/www.galiciamaxica.eu\/mini\/hoy-fragas-de-eume\/\",\"url\":\"https:\/\/www.galiciamaxica.eu\/mini\/hoy-fragas-de-eume\/\",\"name\":\"Hoy FRAGAS DE EUME - Galicia con ni\u00f1os | GALICIA M\u00c1XICA\",\"isPartOf\":{\"@id\":\"https:\/\/www.galiciamaxica.eu\/mini\/#website\"},\"primaryImageOfPage\":{\"@id\":\"https:\/\/www.galiciamaxica.eu\/mini\/hoy-fragas-de-eume\/#primaryimage\"},\"image\":{\"@id\":\"https:\/\/www.galiciamaxica.eu\/mini\/hoy-fragas-de-eume\/#primaryimage\"},\"thumbnailUrl\":\"https:\/\/www.galiciamaxica.eu\/mini\/wp-content\/uploads\/2015\/08\/eume22.jpg\",\"datePublished\":\"2015-08-22T17:57:45+00:00\",\"dateModified\":\"2024-03-15T13:46:59+00:00\",\"breadcrumb\":{\"@id\":\"https:\/\/www.galiciamaxica.eu\/mini\/hoy-fragas-de-eume\/#breadcrumb\"},\"inLanguage\":\"es\",\"potentialAction\":[{\"@type\":\"ReadAction\",\"target\":[\"https:\/\/www.galiciamaxica.eu\/mini\/hoy-fragas-de-eume\/\"]}]},{\"@type\":\"ImageObject\",\"inLanguage\":\"es\",\"@id\":\"https:\/\/www.galiciamaxica.eu\/mini\/hoy-fragas-de-eume\/#primaryimage\",\"url\":\"https:\/\/www.galiciamaxica.eu\/mini\/wp-content\/uploads\/2015\/08\/eume22.jpg\",\"contentUrl\":\"https:\/\/www.galiciamaxica.eu\/mini\/wp-content\/uploads\/2015\/08\/eume22.jpg\",\"width\":1152,\"height\":768,\"caption\":\"eume22\"},{\"@type\":\"BreadcrumbList\",\"@id\":\"https:\/\/www.galiciamaxica.eu\/mini\/hoy-fragas-de-eume\/#breadcrumb\",\"itemListElement\":[{\"@type\":\"ListItem\",\"position\":1,\"name\":\"Portada\",\"item\":\"https:\/\/www.galiciamaxica.eu\/mini\/\"},{\"@type\":\"ListItem\",\"position\":2,\"name\":\"Hoy FRAGAS DE EUME\"}]},{\"@type\":\"WebSite\",\"@id\":\"https:\/\/www.galiciamaxica.eu\/mini\/#website\",\"url\":\"https:\/\/www.galiciamaxica.eu\/mini\/\",\"name\":\"Galicia con ni\u00f1os | GALICIA M\u00c1XICA\",\"description\":\"Qu\u00e9 hacer con ni\u00f1os en Galicia\",\"publisher\":{\"@id\":\"https:\/\/www.galiciamaxica.eu\/mini\/#\/schema\/person\/2b284fe2fd911000a48d2e8936300179\"},\"potentialAction\":[{\"@type\":\"SearchAction\",\"target\":{\"@type\":\"EntryPoint\",\"urlTemplate\":\"https:\/\/www.galiciamaxica.eu\/mini\/?s={search_term_string}\"},\"query-input\":{\"@type\":\"PropertyValueSpecification\",\"valueRequired\":true,\"valueName\":\"search_term_string\"}}],\"inLanguage\":\"es\"},{\"@type\":[\"Person\",\"Organization\"],\"@id\":\"https:\/\/www.galiciamaxica.eu\/mini\/#\/schema\/person\/2b284fe2fd911000a48d2e8936300179\",\"name\":\"seseixa\",\"image\":{\"@type\":\"ImageObject\",\"inLanguage\":\"es\",\"@id\":\"https:\/\/www.galiciamaxica.eu\/mini\/#\/schema\/person\/image\/\",\"url\":\"https:\/\/www.galiciamaxica.eu\/mini\/wp-content\/uploads\/2019\/02\/seseixa.png\",\"contentUrl\":\"https:\/\/www.galiciamaxica.eu\/mini\/wp-content\/uploads\/2019\/02\/seseixa.png\",\"width\":100,\"height\":100,\"caption\":\"seseixa\"},\"logo\":{\"@id\":\"https:\/\/www.galiciamaxica.eu\/mini\/#\/schema\/person\/image\/\"},\"description\":\"En la actualidad combinando dos proyectos que me apasionan, Galicia y los ni\u00f1os. Tengo mucho que aportar y otro tanto que aprender, as\u00ed como, el tiempo y el coraz\u00f3n, dividido en todo momento. Soy mam\u00e1, un titulo otorgado a tiempo completo, compa\u00f1era y amiga, a todas horas, familiar y cercana, siempre. De esp\u00edritu inquieto, soy una eterna ni\u00f1a que juega en el pa\u00eds de las maravillas. Una enamorada de mi tierra, por la que trabajo sin descanso. Creo en la infancia como motor que cambiar\u00e1 el mundo a mejor y busco en mi vida la felicidad como estado permanente porque s\u00f3lo se vive una vez.\",\"sameAs\":[\"http:\/\/mini.galiciamaxica.eu\/\",\"https:\/\/www.facebook.com\/maria.rodriguezserantes\",\"https:\/\/x.com\/seseixa\"],\"url\":\"https:\/\/www.galiciamaxica.eu\/mini\/author\/seseixa\/\"}]}<\/script>\n<!-- \/ Yoast SEO plugin. -->","yoast_head_json":{"title":"Hoy FRAGAS DE EUME - Galicia con ni\u00f1os | GALICIA M\u00c1XICA","robots":{"index":"index","follow":"follow","max-snippet":"max-snippet:-1","max-image-preview":"max-image-preview:large","max-video-preview":"max-video-preview:-1"},"canonical":"https:\/\/www.galiciamaxica.eu\/mini\/hoy-fragas-de-eume\/","og_locale":"es_ES","og_type":"article","og_title":"Hoy FRAGAS DE EUME - Galicia con ni\u00f1os | GALICIA M\u00c1XICA","og_description":"Ahora os voy a presentar uno de los Parques naturales m\u00e1s famosos y hermosos de Galicia, AS FRAGAS DE EUME, una vez que lo descubras, te preguntar\u00e1s: \u00bfpor qu\u00e9 no son parque Nacional? Y es que este espectacular paisaje que cuenta con \u00a09.125 Hect\u00e1reas y \u00a0ocupa parte de cuatro\u00a0concellos Cabanas, A Capela, Monfero y Pontedeume. [&hellip;]","og_url":"https:\/\/www.galiciamaxica.eu\/mini\/hoy-fragas-de-eume\/","og_site_name":"Galicia con ni\u00f1os | GALICIA M\u00c1XICA","article_publisher":"https:\/\/www.facebook.com\/maria.rodriguezserantes","article_author":"https:\/\/www.facebook.com\/maria.rodriguezserantes","article_published_time":"2015-08-22T17:57:45+00:00","article_modified_time":"2024-03-15T13:46:59+00:00","og_image":[{"width":1152,"height":768,"url":"https:\/\/www.galiciamaxica.eu\/mini\/wp-content\/uploads\/2015\/08\/eume22.jpg","type":"image\/jpeg"}],"author":"seseixa","twitter_card":"summary_large_image","twitter_creator":"@seseixa","twitter_site":"@seseixa","twitter_misc":{"Escrito por":"seseixa","Tiempo de lectura":"2 minutos"},"schema":{"@context":"https:\/\/schema.org","@graph":[{"@type":"Article","@id":"https:\/\/www.galiciamaxica.eu\/mini\/hoy-fragas-de-eume\/#article","isPartOf":{"@id":"https:\/\/www.galiciamaxica.eu\/mini\/hoy-fragas-de-eume\/"},"author":{"name":"seseixa","@id":"https:\/\/www.galiciamaxica.eu\/mini\/#\/schema\/person\/2b284fe2fd911000a48d2e8936300179"},"headline":"Hoy FRAGAS DE EUME","datePublished":"2015-08-22T17:57:45+00:00","dateModified":"2024-03-15T13:46:59+00:00","mainEntityOfPage":{"@id":"https:\/\/www.galiciamaxica.eu\/mini\/hoy-fragas-de-eume\/"},"wordCount":461,"commentCount":0,"publisher":{"@id":"https:\/\/www.galiciamaxica.eu\/mini\/#\/schema\/person\/2b284fe2fd911000a48d2e8936300179"},"image":{"@id":"https:\/\/www.galiciamaxica.eu\/mini\/hoy-fragas-de-eume\/#primaryimage"},"thumbnailUrl":"https:\/\/www.galiciamaxica.eu\/mini\/wp-content\/uploads\/2015\/08\/eume22.jpg","keywords":["a coru\u00f1a","bosque","caaveiro","findesemana","fragas de Eume","Galicia","galiciamaxica","libre","lugares","MONTE","natural","naturaleza","ni\u00f1os","quehacer","rio","ruta","sendero","tiempo","vacaciones","viajes"],"articleSection":["A CORU\u00d1A","LUGARES"],"inLanguage":"es","potentialAction":[{"@type":"CommentAction","name":"Comment","target":["https:\/\/www.galiciamaxica.eu\/mini\/hoy-fragas-de-eume\/#respond"]}]},{"@type":"WebPage","@id":"https:\/\/www.galiciamaxica.eu\/mini\/hoy-fragas-de-eume\/","url":"https:\/\/www.galiciamaxica.eu\/mini\/hoy-fragas-de-eume\/","name":"Hoy FRAGAS DE EUME - Galicia con ni\u00f1os | GALICIA M\u00c1XICA","isPartOf":{"@id":"https:\/\/www.galiciamaxica.eu\/mini\/#website"},"primaryImageOfPage":{"@id":"https:\/\/www.galiciamaxica.eu\/mini\/hoy-fragas-de-eume\/#primaryimage"},"image":{"@id":"https:\/\/www.galiciamaxica.eu\/mini\/hoy-fragas-de-eume\/#primaryimage"},"thumbnailUrl":"https:\/\/www.galiciamaxica.eu\/mini\/wp-content\/uploads\/2015\/08\/eume22.jpg","datePublished":"2015-08-22T17:57:45+00:00","dateModified":"2024-03-15T13:46:59+00:00","breadcrumb":{"@id":"https:\/\/www.galiciamaxica.eu\/mini\/hoy-fragas-de-eume\/#breadcrumb"},"inLanguage":"es","potentialAction":[{"@type":"ReadAction","target":["https:\/\/www.galiciamaxica.eu\/mini\/hoy-fragas-de-eume\/"]}]},{"@type":"ImageObject","inLanguage":"es","@id":"https:\/\/www.galiciamaxica.eu\/mini\/hoy-fragas-de-eume\/#primaryimage","url":"https:\/\/www.galiciamaxica.eu\/mini\/wp-content\/uploads\/2015\/08\/eume22.jpg","contentUrl":"https:\/\/www.galiciamaxica.eu\/mini\/wp-content\/uploads\/2015\/08\/eume22.jpg","width":1152,"height":768,"caption":"eume22"},{"@type":"BreadcrumbList","@id":"https:\/\/www.galiciamaxica.eu\/mini\/hoy-fragas-de-eume\/#breadcrumb","itemListElement":[{"@type":"ListItem","position":1,"name":"Portada","item":"https:\/\/www.galiciamaxica.eu\/mini\/"},{"@type":"ListItem","position":2,"name":"Hoy FRAGAS DE EUME"}]},{"@type":"WebSite","@id":"https:\/\/www.galiciamaxica.eu\/mini\/#website","url":"https:\/\/www.galiciamaxica.eu\/mini\/","name":"Galicia con ni\u00f1os | GALICIA M\u00c1XICA","description":"Qu\u00e9 hacer con ni\u00f1os en Galicia","publisher":{"@id":"https:\/\/www.galiciamaxica.eu\/mini\/#\/schema\/person\/2b284fe2fd911000a48d2e8936300179"},"potentialAction":[{"@type":"SearchAction","target":{"@type":"EntryPoint","urlTemplate":"https:\/\/www.galiciamaxica.eu\/mini\/?s={search_term_string}"},"query-input":{"@type":"PropertyValueSpecification","valueRequired":true,"valueName":"search_term_string"}}],"inLanguage":"es"},{"@type":["Person","Organization"],"@id":"https:\/\/www.galiciamaxica.eu\/mini\/#\/schema\/person\/2b284fe2fd911000a48d2e8936300179","name":"seseixa","image":{"@type":"ImageObject","inLanguage":"es","@id":"https:\/\/www.galiciamaxica.eu\/mini\/#\/schema\/person\/image\/","url":"https:\/\/www.galiciamaxica.eu\/mini\/wp-content\/uploads\/2019\/02\/seseixa.png","contentUrl":"https:\/\/www.galiciamaxica.eu\/mini\/wp-content\/uploads\/2019\/02\/seseixa.png","width":100,"height":100,"caption":"seseixa"},"logo":{"@id":"https:\/\/www.galiciamaxica.eu\/mini\/#\/schema\/person\/image\/"},"description":"En la actualidad combinando dos proyectos que me apasionan, Galicia y los ni\u00f1os. Tengo mucho que aportar y otro tanto que aprender, as\u00ed como, el tiempo y el coraz\u00f3n, dividido en todo momento. Soy mam\u00e1, un titulo otorgado a tiempo completo, compa\u00f1era y amiga, a todas horas, familiar y cercana, siempre. De esp\u00edritu inquieto, soy una eterna ni\u00f1a que juega en el pa\u00eds de las maravillas. Una enamorada de mi tierra, por la que trabajo sin descanso. Creo en la infancia como motor que cambiar\u00e1 el mundo a mejor y busco en mi vida la felicidad como estado permanente porque s\u00f3lo se vive una vez.","sameAs":["http:\/\/mini.galiciamaxica.eu\/","https:\/\/www.facebook.com\/maria.rodriguezserantes","https:\/\/x.com\/seseixa"],"url":"https:\/\/www.galiciamaxica.eu\/mini\/author\/seseixa\/"}]}},"amp_enabled":true,"post_mailing_queue_ids":[],"_links":{"self":[{"href":"https:\/\/www.galiciamaxica.eu\/mini\/wp-json\/wp\/v2\/posts\/1170"}],"collection":[{"href":"https:\/\/www.galiciamaxica.eu\/mini\/wp-json\/wp\/v2\/posts"}],"about":[{"href":"https:\/\/www.galiciamaxica.eu\/mini\/wp-json\/wp\/v2\/types\/post"}],"author":[{"embeddable":true,"href":"https:\/\/www.galiciamaxica.eu\/mini\/wp-json\/wp\/v2\/users\/1"}],"replies":[{"embeddable":true,"href":"https:\/\/www.galiciamaxica.eu\/mini\/wp-json\/wp\/v2\/comments?post=1170"}],"version-history":[{"count":2,"href":"https:\/\/www.galiciamaxica.eu\/mini\/wp-json\/wp\/v2\/posts\/1170\/revisions"}],"predecessor-version":[{"id":21767,"href":"https:\/\/www.galiciamaxica.eu\/mini\/wp-json\/wp\/v2\/posts\/1170\/revisions\/21767"}],"wp:featuredmedia":[{"embeddable":true,"href":"https:\/\/www.galiciamaxica.eu\/mini\/wp-json\/wp\/v2\/media\/1172"}],"wp:attachment":[{"href":"https:\/\/www.galiciamaxica.eu\/mini\/wp-json\/wp\/v2\/media?parent=1170"}],"wp:term":[{"taxonomy":"category","embeddable":true,"href":"https:\/\/www.galiciamaxica.eu\/mini\/wp-json\/wp\/v2\/categories?post=1170"},{"taxonomy":"post_tag","embeddable":true,"href":"https:\/\/www.galiciamaxica.eu\/mini\/wp-json\/wp\/v2\/tags?post=1170"}],"curies":[{"name":"wp","href":"https:\/\/api.w.org\/{rel}","templated":true}]}}