{"id":1150,"date":"2015-08-22T11:16:01","date_gmt":"2015-08-22T11:16:01","guid":{"rendered":"http:\/\/www.galiciamaxica.eu\/mini\/?p=1150"},"modified":"2026-03-29T21:56:11","modified_gmt":"2026-03-29T19:56:11","slug":"hoy-isla-de-san-simon","status":"publish","type":"post","link":"https:\/\/www.galiciamaxica.eu\/mini\/hoy-isla-de-san-simon\/","title":{"rendered":"Hoy ISLA DE SAN SIM\u00d3N"},"content":{"rendered":"<p style=\"text-align: center;\">En<strong> REDONDELA<\/strong> nos espera una <strong>Isla peque\u00f1a <\/strong>en extensi\u00f3n pero grande en Historia<\/p>\n<p><a href=\"https:\/\/www.galiciamaxica.eu\/galicia\/pontevedra\/illa-de-san-simon\/\">https:\/\/www.galiciamaxica.eu\/galicia\/pontevedra\/illa-de-san-simon\/<\/a><\/p>\n<p style=\"text-align: center;\"><strong>LA ISLA DE SAN SIM\u00d3N<\/strong><\/p>\n<p style=\"text-align: center;\"><em><strong>Hoy visitaremos \u00abUn bien de Inter\u00e9s cultural\u00bb<\/strong><\/em><\/p>\n<p style=\"text-align: center;\"><iframe style=\"border: 0;\" src=\"https:\/\/www.google.com\/maps\/embed?pb=!1m14!1m8!1m3!1d94420.19265856389!2d-8.628669!3d42.307738!3m2!1i1024!2i768!4f13.1!3m3!1m2!1s0x0%3A0x0!2zNDLCsDE4JzI3LjMiTiA4wrAzNyc0Mi41Ilc!5e0!3m2!1ses!2sus!4v1440238024402\" width=\"600\" height=\"450\" frameborder=\"0\" allowfullscreen=\"allowfullscreen\"><\/iframe><\/p>\n<p><img fetchpriority=\"high\" decoding=\"async\" class=\"aligncenter\" src=\"https:\/\/galiciamaxica.eu\/mini\/wp-content\/uploads\/2019\/10\/DSC_0157.jpg\" alt=\"\" width=\"329\" height=\"221\" \/><\/p>\n<p style=\"text-align: center;\"><strong>\u00bfQu\u00e9 vamos a hacer este fin de semana?\u00a0<\/strong><\/p>\n<p style=\"text-align: center;\"><a href=\"http:\/\/www.venasansimon.com\"><img decoding=\"async\" class=\"aligncenter\" src=\"https:\/\/galiciamaxica.eu\/mini\/wp-content\/uploads\/2019\/10\/logo_loa-trans.png\" alt=\"\" width=\"194\" height=\"90\" \/><\/a><\/p>\n<p style=\"text-align: center;\"><strong>PRIMERO COGER UN BARCO<\/strong><\/p>\n<figure id=\"attachment_2818\" aria-describedby=\"caption-attachment-2818\" style=\"width: 1104px\" class=\"wp-caption alignnone\"><img decoding=\"async\" class=\"wp-image-2818 size-full\" src=\"http:\/\/www.galiciamaxica.eu\/mini\/wp-content\/uploads\/2015\/08\/a-1.jpg\" alt=\"\" width=\"1104\" height=\"612\" srcset=\"https:\/\/www.galiciamaxica.eu\/mini\/wp-content\/uploads\/2015\/08\/a-1.jpg 1280w, https:\/\/www.galiciamaxica.eu\/mini\/wp-content\/uploads\/2015\/08\/a-1-300x166.jpg 300w, https:\/\/www.galiciamaxica.eu\/mini\/wp-content\/uploads\/2015\/08\/a-1-768x426.jpg 768w, https:\/\/www.galiciamaxica.eu\/mini\/wp-content\/uploads\/2015\/08\/a-1-1024x568.jpg 1024w\" sizes=\"(max-width: 1104px) 100vw, 1104px\" \/><figcaption id=\"caption-attachment-2818\" class=\"wp-caption-text\"><strong>RESERVAS<\/strong><\/figcaption><\/figure>\n<p style=\"text-align: center;\">A los ni\u00f1os les encantar\u00e1 si nunca lo han hecho y s\u00ed ya han sido piratas alguna vez,<\/p>\n<p style=\"text-align: center;\">les emocionar\u00e1 repetir experiencia.<\/p>\n<p style=\"text-align: center;\"><strong>\u00bfEMBARCAMOS?<\/strong><\/p>\n<p><img loading=\"lazy\" decoding=\"async\" class=\"aligncenter\" src=\"https:\/\/galiciamaxica.eu\/mini\/wp-content\/uploads\/2019\/10\/000_0005.jpg\" alt=\"\" width=\"640\" height=\"479\" \/><\/p>\n<p style=\"text-align: center;\">Hoy vamos a descubrir <strong>una Isla<\/strong>, que en en realidad son dos, ya que est\u00e1n unidas por un puente<\/p>\n<p style=\"text-align: center;\"><strong>la de San Ant\u00f3n y San Sim\u00f3n.<\/strong><\/p>\n<p>En la ensenada de San Sim\u00f3n nos espera un<strong><a href=\"http:\/\/www.venasansimon.com\/programacion.php\">\u00a0VIAJE<\/a><\/strong>\u00a0que probablemente repitamos con ni\u00f1os en m\u00e1s de una ocasi\u00f3n.<\/p>\n<p><img loading=\"lazy\" decoding=\"async\" class=\"aligncenter\" src=\"https:\/\/galiciamaxica.eu\/mini\/wp-content\/uploads\/2019\/10\/DSC_0172.jpg\" alt=\"\" width=\"600\" height=\"403\" \/><\/p>\n<p style=\"text-align: center;\">Unidas fuertemente a<strong> la historia<\/strong> de la r\u00eda, acogieron templos religiosos por lo que fueron saqueadas en numerosas ocasiones por piratas, habitadas tambi\u00e9n por monjes templarios, escenario de las revueltas irmandi\u00f1as, convertidas en lazareto, en prisi\u00f3n franquista, d\u00f3nde los contrarios al r\u00e9gimen franquista\u00a0 eran asesinados&#8230;pod\u00e9is comprobar que es un lugar \u00a0del que se podr\u00edan escribir mil y un libros. Ah! y se me olvidaba lo \u00faltimo en lo que se convirti\u00f3, fu\u00e9 en\u00a0un centro de formaci\u00f3n para ni\u00f1os hu\u00e9rfanos.<\/p>\n<figure style=\"width: 762px\" class=\"wp-caption aligncenter\"><a href=\"http:\/\/isladesansimon.blogspot.com.es\/\"><img loading=\"lazy\" decoding=\"async\" src=\"https:\/\/galiciamaxica.eu\/mini\/wp-content\/uploads\/2019\/10\/isladesansimon.jpg\" alt=\"\" width=\"762\" height=\"498\" \/><\/a><figcaption class=\"wp-caption-text\"><strong><a href=\"http:\/\/isladesansimon.blogspot.com.es\/2011\/09\/normal-0-21-false-false-false-es-x-none.html#comment-form\">HISTORIAS<\/a><\/strong><\/figcaption><\/figure>\n<p style=\"text-align: center;\">Hoy en d\u00eda la recuperaci\u00f3n de este lugar se dirigi\u00f3 hacia la funci\u00f3n cultural contando con<\/p>\n<p style=\"text-align: center;\"><strong>auditorio, biblioteca,\u00a0<span style=\"line-height: 1.5;\">escuela de mar,<\/span><\/strong><\/p>\n<p style=\"text-align: center;\"><strong>hotel, y restaurante.<\/strong><\/p>\n<p style=\"text-align: center;\"><img loading=\"lazy\" decoding=\"async\" class=\"aligncenter\" src=\"https:\/\/galiciamaxica.eu\/mini\/wp-content\/uploads\/2019\/10\/1_logo.gif\" alt=\"\" width=\"210\" height=\"95\" \/><\/p>\n<p style=\"text-align: center;\"><img loading=\"lazy\" decoding=\"async\" class=\"aligncenter\" src=\"https:\/\/galiciamaxica.eu\/mini\/wp-content\/uploads\/2019\/10\/sansimon.jpg\" alt=\"\" width=\"942\" height=\"503\" \/><\/p>\n<p>Hoy convertida en un centro de recuperaci\u00f3n de la<strong><a href=\"https:\/\/es.wikipedia.org\/wiki\/Isla_de_San_Sim%C3%B3n\"> memor\u00eda hist\u00f3rica<\/a><\/strong>, acoge \u00a0festivales&#8230;el m\u00e1s conocido<\/p>\n<p style=\"text-align: center;\">quiz\u00e1s sea\u00a0<a href=\"https:\/\/www.facebook.com\/FestivalSinsal\">Sinsal.<\/a><\/p>\n<p style=\"text-align: center;\"><img loading=\"lazy\" decoding=\"async\" class=\"aligncenter\" src=\"https:\/\/galiciamaxica.eu\/mini\/wp-content\/uploads\/2019\/10\/DSC_0189.jpg\" alt=\"\" width=\"600\" height=\"403\" \/><\/p>\n<p style=\"text-align: center;\">En este lugar tambi\u00e9n se\u00a0celebra la entrega de los <strong>Premios Xerais <\/strong>de la lengua gallega y del <strong>Premio Merl\u00edn<\/strong>.<\/p>\n<p style=\"text-align: center;\">La isla ha pasado a llamarse\u00a0<strong>\u00abA Illa do pensamento\u00bb<\/strong>, o La Isla del Pensamiento,<\/p>\n<p style=\"text-align: center;\">siendo hoy en d\u00eda un centro vivo de<strong> producci\u00f3n<\/strong>, de<strong> reflexi\u00f3n<\/strong> y activa <strong>creaci\u00f3n cultural <\/strong><\/p>\n<p style=\"text-align: center;\">y un punto de \u00a0inter\u00e9s para grandes <strong>artistas y pensadores<\/strong>.<\/p>\n<p style=\"text-align: center;\"><img loading=\"lazy\" decoding=\"async\" class=\"aligncenter\" src=\"https:\/\/galiciamaxica.eu\/mini\/wp-content\/uploads\/2019\/10\/DSC_0171.jpg\" alt=\"\" width=\"600\" height=\"403\" \/><br \/>\nSiendo por lo tanto uno de los objetivos fundamentales de <strong>la Isla del Pensamiento<\/strong> el de convertir <strong>San Sim\u00f3n<\/strong> en un foco de actividad cultural con capacidad para atraer a pensadores e instituciones de relevancia internacional y al mismo tiempo difundir la cultura de<strong><a href=\"http:\/\/www.galiciamaxica.eu\/\"> Galicia.<\/a><\/strong><\/p>\n<p style=\"text-align: center;\"><img loading=\"lazy\" decoding=\"async\" class=\"aligncenter\" src=\"https:\/\/galiciamaxica.eu\/mini\/wp-content\/uploads\/2019\/10\/DSC_0187.jpg\" alt=\"\" width=\"600\" height=\"403\" \/><\/p>\n<p style=\"text-align: center;\">Un lugar que nada m\u00e1s desembarcar, <strong>nos emocionar\u00e1<\/strong>,<\/p>\n<p style=\"text-align: center;\">En \u00e9l los \u00e1rboles abrazan nuestros pasos, como dando la bienvenida.<\/p>\n<figure style=\"width: 800px\" class=\"wp-caption aligncenter\"><img loading=\"lazy\" decoding=\"async\" src=\"https:\/\/galiciamaxica.eu\/mini\/wp-content\/uploads\/2019\/10\/san_simon_2.jpg\" alt=\"\" width=\"800\" height=\"450\" \/><figcaption class=\"wp-caption-text\"><strong>Paseo dos buxos: Paseo de \u00e1rboles milenarios formando arcos.<\/strong><\/figcaption><\/figure>\n<p style=\"text-align: center;\"><em><strong>LUGARES M\u00c1S VISITADOS EN LA ISLA y recomendados<\/strong><\/em><\/p>\n<p style=\"text-align: center;\">El <strong>cementerio de San Ant\u00f3n<\/strong>,<\/p>\n<p style=\"text-align: center;\">lugar de reposo de los restos de piratas ingleses y presos antifranquistas.<\/p>\n<p style=\"text-align: center;\"><strong>La capilla de San Pedro<\/strong><\/p>\n<p style=\"text-align: center;\">Ser\u00e1 lo primero que ver\u00e9is\u00a0al llegar, frailes de diversas ordenes\u00a0tuvieron en ella su\u00a0retiro espiritual, tambi\u00e9n los\u00a0caballeros de la orden de los templarios.<\/p>\n<p style=\"text-align: center;\"><strong>La plaza de los Poetas del Mar<\/strong>,<\/p>\n<p style=\"text-align: center;\">con esculturas en granito de tres trovadores de la r\u00eda de Vigo<\/p>\n<p style=\"text-align: center;\"><a href=\"https:\/\/albertosolana.wordpress.com\/2013\/07\/11\/4-mendino-y-la-isla-de-san-simon\/\"><strong>Mendinho<\/strong><\/a>, <strong><a href=\"https:\/\/es.wikipedia.org\/wiki\/Johan_de_Cangas\">Jhoan de Cangas<\/a><\/strong> y <strong><a href=\"https:\/\/es.wikipedia.org\/wiki\/Mart%C3%ADn_Codax\">Mart\u00edn C\u00f3dax<\/a><\/strong><\/p>\n<p style=\"text-align: center;\"><a href=\"https:\/\/es.wikipedia.org\/wiki\/Isla_de_San_Sim%C3%B3n\"><img loading=\"lazy\" decoding=\"async\" class=\"aligncenter\" src=\"https:\/\/galiciamaxica.eu\/mini\/wp-content\/uploads\/2019\/10\/300px-RC3ADa_de_Vigo_Galicia.jpg\" alt=\"\" width=\"300\" height=\"225\" \/><\/a><\/p>\n<p style=\"text-align: center;\"><strong><a href=\"http:\/\/www.venasansimon.com\/programacion.php\">RESERVAS<\/a><\/strong><\/p>\n<p style=\"text-align: center;\"><iframe src=\"https:\/\/www.youtube.com\/embed\/Wsd2eRE3G0g\" width=\"640\" height=\"480\" frameborder=\"0\" allowfullscreen=\"allowfullscreen\"><\/iframe><\/p>\n","protected":false},"excerpt":{"rendered":"<p>En REDONDELA nos espera una Isla peque\u00f1a en extensi\u00f3n pero grande en Historia LA ISLA DE SAN SIM\u00d3N Hoy visitaremos \u00abUn bien de Inter\u00e9s cultural\u00bb \u00bfQu\u00e9 vamos a hacer este fin de semana?\u00a0 PRIMERO COGER UN BARCO A los ni\u00f1os les encantar\u00e1 si nunca lo han hecho y s\u00ed ya han sido piratas alguna vez, [&hellip;]<\/p>\n","protected":false},"author":1,"featured_media":1151,"comment_status":"open","ping_status":"open","sticky":false,"template":"","format":"standard","meta":{"_eb_attr":"","site-sidebar-layout":"default","site-content-layout":"","ast-site-content-layout":"","site-content-style":"default","site-sidebar-style":"default","ast-global-header-display":"","ast-banner-title-visibility":"","ast-main-header-display":"","ast-hfb-above-header-display":"","ast-hfb-below-header-display":"","ast-hfb-mobile-header-display":"","site-post-title":"","ast-breadcrumbs-content":"","ast-featured-img":"","footer-sml-layout":"","theme-transparent-header-meta":"","adv-header-id-meta":"","stick-header-meta":"","header-above-stick-meta":"","header-main-stick-meta":"","header-below-stick-meta":"","astra-migrate-meta-layouts":"default","ast-page-background-enabled":"default","ast-page-background-meta":{"desktop":{"background-color":"","background-image":"","background-repeat":"repeat","background-position":"center center","background-size":"auto","background-attachment":"scroll","background-type":"","background-media":"","overlay-type":"","overlay-color":"","overlay-opacity":"","overlay-gradient":""},"tablet":{"background-color":"","background-image":"","background-repeat":"repeat","background-position":"center center","background-size":"auto","background-attachment":"scroll","background-type":"","background-media":"","overlay-type":"","overlay-color":"","overlay-opacity":"","overlay-gradient":""},"mobile":{"background-color":"","background-image":"","background-repeat":"repeat","background-position":"center center","background-size":"auto","background-attachment":"scroll","background-type":"","background-media":"","overlay-type":"","overlay-color":"","overlay-opacity":"","overlay-gradient":""}},"ast-content-background-meta":{"desktop":{"background-color":"var(--ast-global-color-5)","background-image":"","background-repeat":"repeat","background-position":"center center","background-size":"auto","background-attachment":"scroll","background-type":"","background-media":"","overlay-type":"","overlay-color":"","overlay-opacity":"","overlay-gradient":""},"tablet":{"background-color":"var(--ast-global-color-5)","background-image":"","background-repeat":"repeat","background-position":"center center","background-size":"auto","background-attachment":"scroll","background-type":"","background-media":"","overlay-type":"","overlay-color":"","overlay-opacity":"","overlay-gradient":""},"mobile":{"background-color":"var(--ast-global-color-5)","background-image":"","background-repeat":"repeat","background-position":"center center","background-size":"auto","background-attachment":"scroll","background-type":"","background-media":"","overlay-type":"","overlay-color":"","overlay-opacity":"","overlay-gradient":""}},"footnotes":""},"categories":[15,48],"tags":[6,8,25,37,72,36,20,2,16,250,145,23,249,4,7,3,38],"class_list":["post-1150","post","type-post","status-publish","format-standard","has-post-thumbnail","hentry","category-lugares","category-pontevedra","tag-actividades","tag-findesemana","tag-galicia","tag-galiciamaxica","tag-isla","tag-lugares","tag-naturaleza","tag-ninos","tag-parque","tag-pensamiento","tag-pequenos","tag-pontevedra","tag-san-simon","tag-tiempo","tag-vacaciones","tag-viajes","tag-vigo"],"yoast_head":"<!-- This site is optimized with the Yoast SEO plugin v24.9 - https:\/\/yoast.com\/wordpress\/plugins\/seo\/ -->\n<title>Hoy ISLA DE SAN SIM\u00d3N - Galicia con ni\u00f1os | GALICIA M\u00c1XICA<\/title>\n<meta name=\"robots\" content=\"index, follow, max-snippet:-1, max-image-preview:large, max-video-preview:-1\" \/>\n<link rel=\"canonical\" href=\"https:\/\/www.galiciamaxica.eu\/mini\/hoy-isla-de-san-simon\/\" \/>\n<meta property=\"og:locale\" content=\"es_ES\" \/>\n<meta property=\"og:type\" content=\"article\" \/>\n<meta property=\"og:title\" content=\"Hoy ISLA DE SAN SIM\u00d3N - Galicia con ni\u00f1os | GALICIA M\u00c1XICA\" \/>\n<meta property=\"og:description\" content=\"En REDONDELA nos espera una Isla peque\u00f1a en extensi\u00f3n pero grande en Historia LA ISLA DE SAN SIM\u00d3N Hoy visitaremos \u00abUn bien de Inter\u00e9s cultural\u00bb \u00bfQu\u00e9 vamos a hacer este fin de semana?\u00a0 PRIMERO COGER UN BARCO A los ni\u00f1os les encantar\u00e1 si nunca lo han hecho y s\u00ed ya han sido piratas alguna vez, [&hellip;]\" \/>\n<meta property=\"og:url\" content=\"https:\/\/www.galiciamaxica.eu\/mini\/hoy-isla-de-san-simon\/\" \/>\n<meta property=\"og:site_name\" content=\"Galicia con ni\u00f1os | GALICIA M\u00c1XICA\" \/>\n<meta property=\"article:publisher\" content=\"https:\/\/www.facebook.com\/maria.rodriguezserantes\" \/>\n<meta property=\"article:author\" content=\"https:\/\/www.facebook.com\/maria.rodriguezserantes\" \/>\n<meta property=\"article:published_time\" content=\"2015-08-22T11:16:01+00:00\" \/>\n<meta property=\"article:modified_time\" content=\"2026-03-29T19:56:11+00:00\" \/>\n<meta property=\"og:image\" content=\"https:\/\/www.galiciamaxica.eu\/mini\/wp-content\/uploads\/2015\/08\/1024px-R\u00eda_de_Vigo_Galicia.jpg\" \/>\n\t<meta property=\"og:image:width\" content=\"1024\" \/>\n\t<meta property=\"og:image:height\" content=\"768\" \/>\n\t<meta property=\"og:image:type\" content=\"image\/jpeg\" \/>\n<meta name=\"author\" content=\"seseixa\" \/>\n<meta name=\"twitter:card\" content=\"summary_large_image\" \/>\n<meta name=\"twitter:creator\" content=\"@seseixa\" \/>\n<meta name=\"twitter:site\" content=\"@seseixa\" \/>\n<meta name=\"twitter:label1\" content=\"Escrito por\" \/>\n\t<meta name=\"twitter:data1\" content=\"seseixa\" \/>\n\t<meta name=\"twitter:label2\" content=\"Tiempo de lectura\" \/>\n\t<meta name=\"twitter:data2\" content=\"5 minutos\" \/>\n<script type=\"application\/ld+json\" class=\"yoast-schema-graph\">{\"@context\":\"https:\/\/schema.org\",\"@graph\":[{\"@type\":\"Article\",\"@id\":\"https:\/\/www.galiciamaxica.eu\/mini\/hoy-isla-de-san-simon\/#article\",\"isPartOf\":{\"@id\":\"https:\/\/www.galiciamaxica.eu\/mini\/hoy-isla-de-san-simon\/\"},\"author\":{\"name\":\"seseixa\",\"@id\":\"https:\/\/www.galiciamaxica.eu\/mini\/#\/schema\/person\/2b284fe2fd911000a48d2e8936300179\"},\"headline\":\"Hoy ISLA DE SAN SIM\u00d3N\",\"datePublished\":\"2015-08-22T11:16:01+00:00\",\"dateModified\":\"2026-03-29T19:56:11+00:00\",\"mainEntityOfPage\":{\"@id\":\"https:\/\/www.galiciamaxica.eu\/mini\/hoy-isla-de-san-simon\/\"},\"wordCount\":529,\"commentCount\":0,\"publisher\":{\"@id\":\"https:\/\/www.galiciamaxica.eu\/mini\/#\/schema\/person\/2b284fe2fd911000a48d2e8936300179\"},\"image\":{\"@id\":\"https:\/\/www.galiciamaxica.eu\/mini\/hoy-isla-de-san-simon\/#primaryimage\"},\"thumbnailUrl\":\"https:\/\/www.galiciamaxica.eu\/mini\/wp-content\/uploads\/2015\/08\/1024px-R\u00eda_de_Vigo_Galicia.jpg\",\"keywords\":[\"actividades\",\"findesemana\",\"Galicia\",\"galiciamaxica\",\"isla\",\"lugares\",\"naturaleza\",\"ni\u00f1os\",\"parque\",\"pensamiento\",\"peque\u00f1os\",\"pontevedra\",\"san sim\u00f3n\",\"tiempo\",\"vacaciones\",\"viajes\",\"Vigo\"],\"articleSection\":[\"LUGARES\",\"PONTEVEDRA\"],\"inLanguage\":\"es\",\"potentialAction\":[{\"@type\":\"CommentAction\",\"name\":\"Comment\",\"target\":[\"https:\/\/www.galiciamaxica.eu\/mini\/hoy-isla-de-san-simon\/#respond\"]}]},{\"@type\":\"WebPage\",\"@id\":\"https:\/\/www.galiciamaxica.eu\/mini\/hoy-isla-de-san-simon\/\",\"url\":\"https:\/\/www.galiciamaxica.eu\/mini\/hoy-isla-de-san-simon\/\",\"name\":\"Hoy ISLA DE SAN SIM\u00d3N - Galicia con ni\u00f1os | GALICIA M\u00c1XICA\",\"isPartOf\":{\"@id\":\"https:\/\/www.galiciamaxica.eu\/mini\/#website\"},\"primaryImageOfPage\":{\"@id\":\"https:\/\/www.galiciamaxica.eu\/mini\/hoy-isla-de-san-simon\/#primaryimage\"},\"image\":{\"@id\":\"https:\/\/www.galiciamaxica.eu\/mini\/hoy-isla-de-san-simon\/#primaryimage\"},\"thumbnailUrl\":\"https:\/\/www.galiciamaxica.eu\/mini\/wp-content\/uploads\/2015\/08\/1024px-R\u00eda_de_Vigo_Galicia.jpg\",\"datePublished\":\"2015-08-22T11:16:01+00:00\",\"dateModified\":\"2026-03-29T19:56:11+00:00\",\"breadcrumb\":{\"@id\":\"https:\/\/www.galiciamaxica.eu\/mini\/hoy-isla-de-san-simon\/#breadcrumb\"},\"inLanguage\":\"es\",\"potentialAction\":[{\"@type\":\"ReadAction\",\"target\":[\"https:\/\/www.galiciamaxica.eu\/mini\/hoy-isla-de-san-simon\/\"]}]},{\"@type\":\"ImageObject\",\"inLanguage\":\"es\",\"@id\":\"https:\/\/www.galiciamaxica.eu\/mini\/hoy-isla-de-san-simon\/#primaryimage\",\"url\":\"https:\/\/www.galiciamaxica.eu\/mini\/wp-content\/uploads\/2015\/08\/1024px-R\u00eda_de_Vigo_Galicia.jpg\",\"contentUrl\":\"https:\/\/www.galiciamaxica.eu\/mini\/wp-content\/uploads\/2015\/08\/1024px-R\u00eda_de_Vigo_Galicia.jpg\",\"width\":1024,\"height\":768,\"caption\":\"1024px-R\u00eda_de_Vigo_Galicia\"},{\"@type\":\"BreadcrumbList\",\"@id\":\"https:\/\/www.galiciamaxica.eu\/mini\/hoy-isla-de-san-simon\/#breadcrumb\",\"itemListElement\":[{\"@type\":\"ListItem\",\"position\":1,\"name\":\"Portada\",\"item\":\"https:\/\/www.galiciamaxica.eu\/mini\/\"},{\"@type\":\"ListItem\",\"position\":2,\"name\":\"Hoy ISLA DE SAN SIM\u00d3N\"}]},{\"@type\":\"WebSite\",\"@id\":\"https:\/\/www.galiciamaxica.eu\/mini\/#website\",\"url\":\"https:\/\/www.galiciamaxica.eu\/mini\/\",\"name\":\"Galicia con ni\u00f1os | GALICIA M\u00c1XICA\",\"description\":\"Qu\u00e9 hacer con ni\u00f1os en Galicia\",\"publisher\":{\"@id\":\"https:\/\/www.galiciamaxica.eu\/mini\/#\/schema\/person\/2b284fe2fd911000a48d2e8936300179\"},\"potentialAction\":[{\"@type\":\"SearchAction\",\"target\":{\"@type\":\"EntryPoint\",\"urlTemplate\":\"https:\/\/www.galiciamaxica.eu\/mini\/?s={search_term_string}\"},\"query-input\":{\"@type\":\"PropertyValueSpecification\",\"valueRequired\":true,\"valueName\":\"search_term_string\"}}],\"inLanguage\":\"es\"},{\"@type\":[\"Person\",\"Organization\"],\"@id\":\"https:\/\/www.galiciamaxica.eu\/mini\/#\/schema\/person\/2b284fe2fd911000a48d2e8936300179\",\"name\":\"seseixa\",\"image\":{\"@type\":\"ImageObject\",\"inLanguage\":\"es\",\"@id\":\"https:\/\/www.galiciamaxica.eu\/mini\/#\/schema\/person\/image\/\",\"url\":\"https:\/\/www.galiciamaxica.eu\/mini\/wp-content\/uploads\/2019\/02\/seseixa.png\",\"contentUrl\":\"https:\/\/www.galiciamaxica.eu\/mini\/wp-content\/uploads\/2019\/02\/seseixa.png\",\"width\":100,\"height\":100,\"caption\":\"seseixa\"},\"logo\":{\"@id\":\"https:\/\/www.galiciamaxica.eu\/mini\/#\/schema\/person\/image\/\"},\"description\":\"En la actualidad combinando dos proyectos que me apasionan, Galicia y los ni\u00f1os. Tengo mucho que aportar y otro tanto que aprender, as\u00ed como, el tiempo y el coraz\u00f3n, dividido en todo momento. Soy mam\u00e1, un titulo otorgado a tiempo completo, compa\u00f1era y amiga, a todas horas, familiar y cercana, siempre. De esp\u00edritu inquieto, soy una eterna ni\u00f1a que juega en el pa\u00eds de las maravillas. Una enamorada de mi tierra, por la que trabajo sin descanso. Creo en la infancia como motor que cambiar\u00e1 el mundo a mejor y busco en mi vida la felicidad como estado permanente porque s\u00f3lo se vive una vez.\",\"sameAs\":[\"http:\/\/mini.galiciamaxica.eu\/\",\"https:\/\/www.facebook.com\/maria.rodriguezserantes\",\"https:\/\/x.com\/seseixa\"],\"url\":\"https:\/\/www.galiciamaxica.eu\/mini\/author\/seseixa\/\"}]}<\/script>\n<!-- \/ Yoast SEO plugin. -->","yoast_head_json":{"title":"Hoy ISLA DE SAN SIM\u00d3N - Galicia con ni\u00f1os | GALICIA M\u00c1XICA","robots":{"index":"index","follow":"follow","max-snippet":"max-snippet:-1","max-image-preview":"max-image-preview:large","max-video-preview":"max-video-preview:-1"},"canonical":"https:\/\/www.galiciamaxica.eu\/mini\/hoy-isla-de-san-simon\/","og_locale":"es_ES","og_type":"article","og_title":"Hoy ISLA DE SAN SIM\u00d3N - Galicia con ni\u00f1os | GALICIA M\u00c1XICA","og_description":"En REDONDELA nos espera una Isla peque\u00f1a en extensi\u00f3n pero grande en Historia LA ISLA DE SAN SIM\u00d3N Hoy visitaremos \u00abUn bien de Inter\u00e9s cultural\u00bb \u00bfQu\u00e9 vamos a hacer este fin de semana?\u00a0 PRIMERO COGER UN BARCO A los ni\u00f1os les encantar\u00e1 si nunca lo han hecho y s\u00ed ya han sido piratas alguna vez, [&hellip;]","og_url":"https:\/\/www.galiciamaxica.eu\/mini\/hoy-isla-de-san-simon\/","og_site_name":"Galicia con ni\u00f1os | GALICIA M\u00c1XICA","article_publisher":"https:\/\/www.facebook.com\/maria.rodriguezserantes","article_author":"https:\/\/www.facebook.com\/maria.rodriguezserantes","article_published_time":"2015-08-22T11:16:01+00:00","article_modified_time":"2026-03-29T19:56:11+00:00","og_image":[{"width":1024,"height":768,"url":"https:\/\/www.galiciamaxica.eu\/mini\/wp-content\/uploads\/2015\/08\/1024px-R\u00eda_de_Vigo_Galicia.jpg","type":"image\/jpeg"}],"author":"seseixa","twitter_card":"summary_large_image","twitter_creator":"@seseixa","twitter_site":"@seseixa","twitter_misc":{"Escrito por":"seseixa","Tiempo de lectura":"5 minutos"},"schema":{"@context":"https:\/\/schema.org","@graph":[{"@type":"Article","@id":"https:\/\/www.galiciamaxica.eu\/mini\/hoy-isla-de-san-simon\/#article","isPartOf":{"@id":"https:\/\/www.galiciamaxica.eu\/mini\/hoy-isla-de-san-simon\/"},"author":{"name":"seseixa","@id":"https:\/\/www.galiciamaxica.eu\/mini\/#\/schema\/person\/2b284fe2fd911000a48d2e8936300179"},"headline":"Hoy ISLA DE SAN SIM\u00d3N","datePublished":"2015-08-22T11:16:01+00:00","dateModified":"2026-03-29T19:56:11+00:00","mainEntityOfPage":{"@id":"https:\/\/www.galiciamaxica.eu\/mini\/hoy-isla-de-san-simon\/"},"wordCount":529,"commentCount":0,"publisher":{"@id":"https:\/\/www.galiciamaxica.eu\/mini\/#\/schema\/person\/2b284fe2fd911000a48d2e8936300179"},"image":{"@id":"https:\/\/www.galiciamaxica.eu\/mini\/hoy-isla-de-san-simon\/#primaryimage"},"thumbnailUrl":"https:\/\/www.galiciamaxica.eu\/mini\/wp-content\/uploads\/2015\/08\/1024px-R\u00eda_de_Vigo_Galicia.jpg","keywords":["actividades","findesemana","Galicia","galiciamaxica","isla","lugares","naturaleza","ni\u00f1os","parque","pensamiento","peque\u00f1os","pontevedra","san sim\u00f3n","tiempo","vacaciones","viajes","Vigo"],"articleSection":["LUGARES","PONTEVEDRA"],"inLanguage":"es","potentialAction":[{"@type":"CommentAction","name":"Comment","target":["https:\/\/www.galiciamaxica.eu\/mini\/hoy-isla-de-san-simon\/#respond"]}]},{"@type":"WebPage","@id":"https:\/\/www.galiciamaxica.eu\/mini\/hoy-isla-de-san-simon\/","url":"https:\/\/www.galiciamaxica.eu\/mini\/hoy-isla-de-san-simon\/","name":"Hoy ISLA DE SAN SIM\u00d3N - Galicia con ni\u00f1os | GALICIA M\u00c1XICA","isPartOf":{"@id":"https:\/\/www.galiciamaxica.eu\/mini\/#website"},"primaryImageOfPage":{"@id":"https:\/\/www.galiciamaxica.eu\/mini\/hoy-isla-de-san-simon\/#primaryimage"},"image":{"@id":"https:\/\/www.galiciamaxica.eu\/mini\/hoy-isla-de-san-simon\/#primaryimage"},"thumbnailUrl":"https:\/\/www.galiciamaxica.eu\/mini\/wp-content\/uploads\/2015\/08\/1024px-R\u00eda_de_Vigo_Galicia.jpg","datePublished":"2015-08-22T11:16:01+00:00","dateModified":"2026-03-29T19:56:11+00:00","breadcrumb":{"@id":"https:\/\/www.galiciamaxica.eu\/mini\/hoy-isla-de-san-simon\/#breadcrumb"},"inLanguage":"es","potentialAction":[{"@type":"ReadAction","target":["https:\/\/www.galiciamaxica.eu\/mini\/hoy-isla-de-san-simon\/"]}]},{"@type":"ImageObject","inLanguage":"es","@id":"https:\/\/www.galiciamaxica.eu\/mini\/hoy-isla-de-san-simon\/#primaryimage","url":"https:\/\/www.galiciamaxica.eu\/mini\/wp-content\/uploads\/2015\/08\/1024px-R\u00eda_de_Vigo_Galicia.jpg","contentUrl":"https:\/\/www.galiciamaxica.eu\/mini\/wp-content\/uploads\/2015\/08\/1024px-R\u00eda_de_Vigo_Galicia.jpg","width":1024,"height":768,"caption":"1024px-R\u00eda_de_Vigo_Galicia"},{"@type":"BreadcrumbList","@id":"https:\/\/www.galiciamaxica.eu\/mini\/hoy-isla-de-san-simon\/#breadcrumb","itemListElement":[{"@type":"ListItem","position":1,"name":"Portada","item":"https:\/\/www.galiciamaxica.eu\/mini\/"},{"@type":"ListItem","position":2,"name":"Hoy ISLA DE SAN SIM\u00d3N"}]},{"@type":"WebSite","@id":"https:\/\/www.galiciamaxica.eu\/mini\/#website","url":"https:\/\/www.galiciamaxica.eu\/mini\/","name":"Galicia con ni\u00f1os | GALICIA M\u00c1XICA","description":"Qu\u00e9 hacer con ni\u00f1os en Galicia","publisher":{"@id":"https:\/\/www.galiciamaxica.eu\/mini\/#\/schema\/person\/2b284fe2fd911000a48d2e8936300179"},"potentialAction":[{"@type":"SearchAction","target":{"@type":"EntryPoint","urlTemplate":"https:\/\/www.galiciamaxica.eu\/mini\/?s={search_term_string}"},"query-input":{"@type":"PropertyValueSpecification","valueRequired":true,"valueName":"search_term_string"}}],"inLanguage":"es"},{"@type":["Person","Organization"],"@id":"https:\/\/www.galiciamaxica.eu\/mini\/#\/schema\/person\/2b284fe2fd911000a48d2e8936300179","name":"seseixa","image":{"@type":"ImageObject","inLanguage":"es","@id":"https:\/\/www.galiciamaxica.eu\/mini\/#\/schema\/person\/image\/","url":"https:\/\/www.galiciamaxica.eu\/mini\/wp-content\/uploads\/2019\/02\/seseixa.png","contentUrl":"https:\/\/www.galiciamaxica.eu\/mini\/wp-content\/uploads\/2019\/02\/seseixa.png","width":100,"height":100,"caption":"seseixa"},"logo":{"@id":"https:\/\/www.galiciamaxica.eu\/mini\/#\/schema\/person\/image\/"},"description":"En la actualidad combinando dos proyectos que me apasionan, Galicia y los ni\u00f1os. Tengo mucho que aportar y otro tanto que aprender, as\u00ed como, el tiempo y el coraz\u00f3n, dividido en todo momento. Soy mam\u00e1, un titulo otorgado a tiempo completo, compa\u00f1era y amiga, a todas horas, familiar y cercana, siempre. De esp\u00edritu inquieto, soy una eterna ni\u00f1a que juega en el pa\u00eds de las maravillas. Una enamorada de mi tierra, por la que trabajo sin descanso. Creo en la infancia como motor que cambiar\u00e1 el mundo a mejor y busco en mi vida la felicidad como estado permanente porque s\u00f3lo se vive una vez.","sameAs":["http:\/\/mini.galiciamaxica.eu\/","https:\/\/www.facebook.com\/maria.rodriguezserantes","https:\/\/x.com\/seseixa"],"url":"https:\/\/www.galiciamaxica.eu\/mini\/author\/seseixa\/"}]}},"amp_enabled":true,"post_mailing_queue_ids":[],"_links":{"self":[{"href":"https:\/\/www.galiciamaxica.eu\/mini\/wp-json\/wp\/v2\/posts\/1150"}],"collection":[{"href":"https:\/\/www.galiciamaxica.eu\/mini\/wp-json\/wp\/v2\/posts"}],"about":[{"href":"https:\/\/www.galiciamaxica.eu\/mini\/wp-json\/wp\/v2\/types\/post"}],"author":[{"embeddable":true,"href":"https:\/\/www.galiciamaxica.eu\/mini\/wp-json\/wp\/v2\/users\/1"}],"replies":[{"embeddable":true,"href":"https:\/\/www.galiciamaxica.eu\/mini\/wp-json\/wp\/v2\/comments?post=1150"}],"version-history":[{"count":6,"href":"https:\/\/www.galiciamaxica.eu\/mini\/wp-json\/wp\/v2\/posts\/1150\/revisions"}],"predecessor-version":[{"id":22841,"href":"https:\/\/www.galiciamaxica.eu\/mini\/wp-json\/wp\/v2\/posts\/1150\/revisions\/22841"}],"wp:featuredmedia":[{"embeddable":true,"href":"https:\/\/www.galiciamaxica.eu\/mini\/wp-json\/wp\/v2\/media\/1151"}],"wp:attachment":[{"href":"https:\/\/www.galiciamaxica.eu\/mini\/wp-json\/wp\/v2\/media?parent=1150"}],"wp:term":[{"taxonomy":"category","embeddable":true,"href":"https:\/\/www.galiciamaxica.eu\/mini\/wp-json\/wp\/v2\/categories?post=1150"},{"taxonomy":"post_tag","embeddable":true,"href":"https:\/\/www.galiciamaxica.eu\/mini\/wp-json\/wp\/v2\/tags?post=1150"}],"curies":[{"name":"wp","href":"https:\/\/api.w.org\/{rel}","templated":true}]}}