{"id":11366,"date":"2019-09-24T13:03:29","date_gmt":"2019-09-24T11:03:29","guid":{"rendered":"https:\/\/www.galiciamaxica.eu\/mini\/?p=11366"},"modified":"2026-03-29T21:56:42","modified_gmt":"2026-03-29T19:56:42","slug":"rutas-para-este-otono-por-galicia-con-ninos","status":"publish","type":"post","link":"https:\/\/www.galiciamaxica.eu\/mini\/rutas-para-este-otono-por-galicia-con-ninos\/","title":{"rendered":"Rutas para este OTO\u00d1O por Galicia con Ni\u00f1os"},"content":{"rendered":"<p>Esta entrada tiene un com\u00fan destino que es el ense\u00f1aros algunas rutas&nbsp; para el primer fin de semana de OTO\u00d1O.<\/p>\n\n\n<p>Comienza el Oto\u00f1o y hoy os voy a recomendar algunas <a href=\"http:\/\/www.galiciamaxica.eu\/mini\/rutas\/\">Rutas <\/a>que os encantar\u00e1n en esta estaci\u00f3n. Como seguro que os qued\u00e1is con ganas de mucho m\u00e1s, os dejos todas las que por ahora tenemos en la p\u00e1gina con el  <a href=\"https:\/\/www.galiciamaxica.eu\/mini\/rutas\/\">Mapa de Rutas<\/a>.<\/p>\n\n\n\n<iframe src=\"https:\/\/www.google.com\/maps\/d\/embed?mid=1P35L-0izfCIhTsdRpSeQbmjUJpAfuaEy\" width=\"640\" height=\"480\"><\/iframe>\n\n\n\n<p>En cada una de ellas vivir\u00e9is los cambios de la naturaleza, una gran \u00e9poca para rutear, en fin, el oto\u00f1o est\u00e1 aqu\u00ed y vendr\u00e1 cargado de <a href=\"http:\/\/www.galiciamaxica.eu\/mini\/rutas\/\">RUTAS<\/a>&nbsp;para despertar los sentidos. Aqu\u00ed os recordamos doce de nuestras preferidas para que las disfrut\u00e9is en familia. Tres por provincia. Y es que el OTO\u00d1O<a href=\"https:\/\/www.galiciamaxica.eu\/mini\/otono-y-sus-hojas-cuanto-juego\/\"> da mucho juego.<\/a><\/p>\n\n\n\n<h2 class=\"wp-block-heading\"><a href=\"https:\/\/www.galiciamaxica.eu\/mini\/los-paseos-otono-nos-dan-salud\/\"> Los Paseos en Oto\u00f1o nos dan salud <\/a><\/h2>\n\n\n\n<figure class=\"wp-block-image aligncenter\"><img decoding=\"async\" src=\"http:\/\/galiciamaxica.eu\/mini\/wp-content\/uploads\/2019\/10\/14947599_1367409279938052_10284666919674315_n-1.jpg\" alt=\"\"\/><\/figure>\n\n\n\n<p>Recuerda pinchando en el sitio tienes toda la informaci\u00f3n, los enlaces est\u00e1n en otro color. Colocate encima y click en el rat\u00f3n y viaja virtualmente por Galicia.<\/p>\n\n\n\n<h1 class=\"wp-block-heading\">PONTEVEDRA<\/h1>\n\n\n\n<h3 class=\"wp-block-heading\"><a href=\"https:\/\/www.galiciamaxica.eu\/mini\/fervenza-do-toxa-2\/\">FERVENZA DO TOXA<\/a><\/h3>\n\n\n\n<p>En<a href=\"http:\/\/www.galiciamaxica.eu\/silleda\">&nbsp;SILLEDA<\/a>.&nbsp;&nbsp;Ya est\u00e1s deseando ir con los ni\u00f1os \u00bfverdad? De&nbsp;belleza sin igual, es probablemente una de las&nbsp;<a href=\"http:\/\/www.galiciamaxica.eu\/categorias\/fervenzas\">fervenzas gallegas<\/a>&nbsp;m\u00e1s conocidas y espectaculares por lo que deber\u00edas anotarla,&nbsp;<strong>como viaje obligado<\/strong>, aunque muchas otras te est\u00e1n esperando.<\/p>\n\n\n\n<figure class=\"wp-block-image aligncenter\"><img decoding=\"async\" src=\"http:\/\/galiciamaxica.eu\/mini\/wp-content\/uploads\/2019\/10\/IMG_1310.jpg\" alt=\"\"\/><\/figure>\n\n\n\n<h3 class=\"wp-block-heading\"><a href=\"https:\/\/www.galiciamaxica.eu\/mini\/muinos-do-folon-y-do-picon\/\">O ROSAL<\/a><\/h3>\n\n\n\n<p>Ruta por los mu\u00ed\u00f1os Do Fol\u00f3n y Do Pic\u00f3n <\/p>\n\n\n\n<figure class=\"wp-block-image aligncenter\"><img decoding=\"async\" src=\"http:\/\/galiciamaxica.eu\/mini\/wp-content\/uploads\/2019\/10\/doscolores_5.jpg\" alt=\"\"\/><\/figure>\n\n\n\n<p>Hoy nos dirigimos&nbsp;<a href=\"http:\/\/www.galiciamaxica.eu\/o-rosal\">O Rosal&nbsp;<\/a>para descubrir uno de los sitios&nbsp;<strong>m\u00e1s impresionantes de Galicia<\/strong>. <strong>57 Molinos<\/strong>&nbsp;datados entre&nbsp;los&nbsp;<strong>s.XVIII y XIX<\/strong>&nbsp; conforman este conjunto, uno de los m\u00e1s importantes&nbsp;de&nbsp;toda la<strong>&nbsp;Pen\u00ednsula Ib\u00e9rica y de toda Europa.<\/strong> Vamos a conocer los<strong><a href=\"http:\/\/www.galiciamaxica.eu\/pontevedra\/folon\/\">&nbsp;Mu\u00ed\u00f1os do Fol\u00f3n<\/a><\/strong><\/p>\n\n\n\n<figure class=\"wp-block-image aligncenter\"><img decoding=\"async\" src=\"http:\/\/galiciamaxica.eu\/mini\/wp-content\/uploads\/2019\/10\/doscolores_8.jpg\" alt=\"\"\/><\/figure>\n\n\n\n<h3 class=\"wp-block-heading\">MONTE DA CIDADE <\/h3>\n\n\n\n<p>En Fornelos de Montes<\/p>\n\n\n\n<figure class=\"wp-block-image aligncenter\"><img decoding=\"async\" src=\"http:\/\/galiciamaxica.eu\/mini\/wp-content\/uploads\/2019\/10\/IMG_20151216_125045.jpg\" alt=\"\"\/><\/figure>\n\n\n\n<p>se esconde una ruta en la que una reina habita en la choza de una aldea abandonada<\/p>\n\n\n\n<figure class=\"wp-block-image aligncenter\"><img decoding=\"async\" src=\"http:\/\/galiciamaxica.eu\/mini\/wp-content\/uploads\/2019\/10\/IMG_20151216_114809.jpg\" alt=\"\"\/><\/figure>\n\n\n\n<p>pero antes de encontrar su casa deb\u00e9is entrar por un&nbsp;acueducto de&nbsp;1787 conocido como el Ponte Dos Mouros.<\/p>\n\n\n\n<figure class=\"wp-block-image aligncenter\"><img decoding=\"async\" src=\"http:\/\/galiciamaxica.eu\/mini\/wp-content\/uploads\/2019\/10\/IMG_20151216_113821.jpg\" alt=\"\"\/><\/figure>\n\n\n\n<h2 class=\"wp-block-heading\">LUGO<\/h2>\n\n\n\n<h3 class=\"wp-block-heading\"><a href=\"https:\/\/www.galiciamaxica.eu\/mini\/senda-verde-en-pontenova-la-ruta-del-ferrocarril\/\">PONTENOVA<\/a><\/h3>\n\n\n\n<p> Nos acercaremos a una fant\u00e1stica senda verde en Pontenova.  La ruta del Ferrocarril<\/p>\n\n\n\n<figure class=\"wp-block-image\"><img decoding=\"async\" src=\"http:\/\/galiciamaxica.eu\/mini\/wp-content\/uploads\/2019\/10\/margaret-christian-2.jpg\" alt=\"\"\/><\/figure>\n\n\n\n<h3 class=\"wp-block-heading\"><a href=\"https:\/\/www.galiciamaxica.eu\/mini\/sober-maxico\/\">SOBER<\/a><\/h3>\n\n\n\n<p> La ruta de los <a href=\"https:\/\/www.galiciamaxica.eu\/galicia\/lugo\/muinoschancis\/\">Mu\u00ed\u00f1os dos Chanc\u00eds (R\u00edo Xabrega)&nbsp;<\/a> Circular y muy facilita, no llega a los 2 kil\u00f3metros, un kil\u00f3metro y medio por la mejor etnograf\u00eda. <em><strong>\u00bfSer\u00e1n capaces de encontrar todos los MU\u00cd\u00d1OS? \u00bfEncontraremos la RANA&nbsp;petrea?<\/strong><\/em><\/p>\n\n\n\n<figure class=\"wp-block-image\"><img decoding=\"async\" src=\"http:\/\/galiciamaxica.eu\/mini\/wp-content\/uploads\/2019\/10\/margaret-christian.jpg\" alt=\"\"\/><\/figure>\n\n\n\n<h3 class=\"wp-block-heading\"><a href=\"http:\/\/www.galiciamaxica.eu\/mini\/hoy-a-fonsagrada\/\">A FONSAGRADA<\/a><\/h3>\n\n\n\n<p>Una peque\u00f1a ruta de m\u00e1s o menos un kil\u00f3metro y muy sencilla<\/p>\n\n\n\n<figure class=\"wp-block-image aligncenter\"><a href=\"http:\/\/www.galiciamaxica.eu\/lugo\/vilagocende-2\/\"><img decoding=\"async\" src=\"http:\/\/galiciamaxica.eu\/mini\/wp-content\/uploads\/2019\/10\/IMG_4798.jpg\" alt=\"\"\/><\/a><\/figure>\n\n\n\n<p>Esta ruta os regalar\u00e1&nbsp;una preciosa&nbsp;fervenza.&nbsp;Una de las m\u00e1s importantes de Galicia<\/p>\n\n\n\n<figure class=\"wp-block-image aligncenter\"><a href=\"http:\/\/www.galiciamaxica.eu\/lugo\/vilagocende-2\/\"><img decoding=\"async\" src=\"http:\/\/galiciamaxica.eu\/mini\/wp-content\/uploads\/2019\/10\/IMG_4879.jpg\" alt=\"\"\/><\/a><\/figure>\n\n\n\n<p><a href=\"http:\/\/www.galiciamaxica.eu\/lugo\/vilagocende-2\/\">Seimieira de Vilagocende<\/a><\/p>\n\n\n\n<figure class=\"wp-block-image aligncenter\"><a href=\"http:\/\/www.galiciamaxica.eu\/mini\/hoy-a-fonsagrada\/\"><img decoding=\"async\" src=\"http:\/\/galiciamaxica.eu\/mini\/wp-content\/uploads\/2019\/10\/IMG_4903.jpg\" alt=\"\"\/><\/a><\/figure>\n\n\n\n<h2 class=\"wp-block-heading\"> OURENSE<\/h2>\n\n\n\n<h3 class=\"wp-block-heading\"><a href=\"https:\/\/www.galiciamaxica.eu\/mini\/roteiro-por-armea\/\">ARMEA<\/a><\/h3>\n\n\n\n<p>Una ruta de dificultad baja, pero de mucho inter\u00e9s ? Y con un gran valor?\u201chist\u00f3rico, arqueol\u00f3gico y legendario\u201d . Visitaremos durante la ruta Castros , Santuarios , Penedos , Pioucas, un Monte m\u00e1gico, un forno castrexo\u2026 si te lo digo as\u00ed, igual hasta te falta aliento,  as\u00ed que, coge aire porque comienza un viaje en familia que nunca olvidar\u00e9is. Estamos ante uno de los mejores conjuntos hist\u00f3ricos y de m\u00e1s valor de&nbsp;<a href=\"http:\/\/www.galiciamaxica.eu\/\">Galicia<\/a>. Ya te hab\u00edas dado cuenta&nbsp;<strong>\u00bfverdad?<\/strong>Y ya sabes que el patrimonio es un bien de todos&nbsp; y que todos nosotros somos los encargados de&nbsp;<strong>valorar y respetarlo&nbsp;<\/strong>y es que no debe ser de otra forma&nbsp;porque cuando algo se conoce,&nbsp;<strong>&nbsp;se ama y se valora.<\/strong><\/p>\n\n\n\n<figure class=\"wp-block-image aligncenter\"><img decoding=\"async\" src=\"http:\/\/galiciamaxica.eu\/mini\/wp-content\/uploads\/2019\/10\/t.jpg\" alt=\"\"\/><\/figure>\n\n\n\n<h3 class=\"wp-block-heading\"><a href=\"https:\/\/www.galiciamaxica.eu\/mini\/pasarelas-del-rio-mao-parada-sil\/\">PASARELAS DEL R\u00cdO MAO<\/a><\/h3>\n\n\n\n<p>\n\nHoy nos vamos al coraz\u00f3n de A Ribeira Sacra a<a href=\"http:\/\/www.galiciamaxica.eu\/ourense\/comarca-da-terra-de-caldelas\/parada-de-sil\/pasarelas-canon-del-rio-mao\/\">&nbsp;Barxacova en Parada de Sil<\/a>, nos quedan por conocer muchos sitios de esta zona y este es uno de los m\u00e1s conocidos y al ser una ruta corta y sin mucha dificultad, est\u00e1 especialmente recomendado para ir con ni\u00f1os pero siempre advirtiendo que como estamos en un lugar de altura, debemos tener precauci\u00f3n, como lo har\u00edamos cerca de un acantilado o en un mirador y extremar precauciones.\n\n<\/p>\n\n\n\n<figure class=\"wp-block-image aligncenter\"><img decoding=\"async\" src=\"http:\/\/galiciamaxica.eu\/mini\/wp-content\/uploads\/2019\/10\/13086628_545717932256710_1168559879972622774_o-2.jpg\" alt=\"\"\/><\/figure>\n\n\n\n<h3 class=\"wp-block-heading\">MU\u00cd\u00d1OS DE VERONZA <\/h3>\n\n\n\n<p>En esta ruta la mejor arquitectura te mostrar\u00e1 nuestra rica tradici\u00f3n y nuestros mu\u00ed\u00f1os acompa\u00f1ar\u00e1n tus pasos, enmarcados en&nbsp;gigantescas rocas.<\/p>\n\n\n\n<figure class=\"wp-block-image\"><img decoding=\"async\" src=\"http:\/\/galiciamaxica.eu\/mini\/wp-content\/uploads\/2019\/10\/IMG_7918.jpg\" alt=\"\"\/><\/figure>\n\n\n\n<p>Una ruta divertida para hacer con los ni\u00f1os<\/p>\n\n\n\n<figure class=\"wp-block-image aligncenter\"><img decoding=\"async\" src=\"http:\/\/galiciamaxica.eu\/mini\/wp-content\/uploads\/2019\/10\/IMG_7950.jpg\" alt=\"\"\/><\/figure>\n\n\n\n<p>sencillo dejar volar la imaginaci\u00f3n en un lugar como este<\/p>\n\n\n\n<figure class=\"wp-block-image aligncenter\"><img decoding=\"async\" src=\"http:\/\/galiciamaxica.eu\/mini\/wp-content\/uploads\/2019\/10\/IMG_7953.jpg\" alt=\"\"\/><\/figure>\n\n\n\n<h2 class=\"wp-block-heading\"> A CORU\u00d1A<\/h2>\n\n\n\n<h3 class=\"wp-block-heading\"><a href=\"https:\/\/www.galiciamaxica.eu\/mini\/la-ruta-de-los-molinos-del-rio-pelamios-en-betanzos\/\">LAS CARA\u00d1AS DE BETANZOS<\/a><\/h3>\n\n\n\n<p>La ruta de los Molinos del r\u00edo Pelamios en Betanzos. <\/p>\n\n\n\n<figure class=\"wp-block-image aligncenter\"><img decoding=\"async\" src=\"http:\/\/galiciamaxica.eu\/mini\/wp-content\/uploads\/2019\/10\/30167824_1767360143284603_5558487335941683683_o-Copiar-1.jpg\" alt=\"\"\/><\/figure>\n\n\n\n<h3 class=\"wp-block-heading\">FRAGAS DE EUME <\/h3>\n\n\n\n<p>Ahora toca rutear por uno de los lugares m\u00e1s bellos de Galicia, nuestras queridas Fragas<\/p>\n\n\n\n<figure class=\"wp-block-image aligncenter\"><img decoding=\"async\" src=\"http:\/\/galiciamaxica.eu\/mini\/wp-content\/uploads\/2019\/10\/eume14.jpg\" alt=\"\"\/><\/figure>\n\n\n\n<p>toca cruzar pasarelas para encontrar uno de los Monasterios m\u00e1s representativos de Galicia<\/p>\n\n\n\n<figure class=\"wp-block-image aligncenter\"><a href=\"http:\/\/www.galiciamaxica.eu\/a-coruna\/fragas-do-eume\/\"><img decoding=\"async\" src=\"http:\/\/galiciamaxica.eu\/mini\/wp-content\/uploads\/2019\/10\/img_5d9a0f64c2c0b.jpg\" alt=\"\"\/><\/a><\/figure>\n\n\n\n<p><a href=\"http:\/\/www.galiciamaxica.eu\/a-coruna\/caaveiro\/\">MONASTERIO DE CAAVEIRO&nbsp;<\/a><\/p>\n\n\n\n<figure class=\"wp-block-image aligncenter\"><a href=\"http:\/\/www.galiciamaxica.eu\/a-coruna\/caaveiro\/\"><img decoding=\"async\" src=\"http:\/\/galiciamaxica.eu\/mini\/wp-content\/uploads\/2019\/10\/IMG_5179.jpg\" alt=\"\"\/><\/a><\/figure>\n\n\n\n<h3 class=\"wp-block-heading\"><a href=\"https:\/\/www.galiciamaxica.eu\/mini\/monasterio-de-toxosoutos-en-lousame\/\">RUTA MONASTERIO DE TOXOSOUTOS<\/a><\/h3>\n\n\n\n<p>\n\nUn lugar donde se une la naturaleza con la historia, un rinconcito en el que los verdes y las fervenzas hacen que sea una apuesta para el mejor turismo familiar.\n\n<\/p>\n\n\n\n<figure class=\"wp-block-image aligncenter\"><img decoding=\"async\" src=\"http:\/\/galiciamaxica.eu\/mini\/wp-content\/uploads\/2019\/10\/tg_carrusel_cabecera_grande.jpg\" alt=\"\"\/><\/figure>\n\n\n\n<p>Espero os gusten nuestras recomendaciones y teng\u00e1is un fin de semana estupendo en familia.<\/p>\n\n\n\n<h2 class=\"wp-block-heading\">Rutas recomendadas por otras familias. <a href=\"https:\/\/www.galiciamaxica.eu\/mini\/viajes-compartidos\/\">Viajes compartidos<\/a> <\/h2>\n\n\n\n<iframe src=\"https:\/\/www.google.com\/maps\/d\/embed?mid=1ZpA9mqyO4S7lRJqdRvWwJC_9H9w\" width=\"640\" height=\"480\"><\/iframe>\n\n\n\n<h3 class=\"wp-block-heading\"><a href=\"https:\/\/www.galiciamaxica.eu\/mini\/los-viajes-de-antia-y-noa-de-ruta-por-las-fragas-de-eume\/\">Los viajes de Ant\u00eda y Noa. De Ruta por las Fragas de Eume<\/a><\/h3>\n\n\n\n<p><strong><a href=\"https:\/\/www.galiciamaxica.eu\/mini\/hoy-fragas-de-eume\/\">Las Fragas<\/a>&nbsp;<\/strong>las disfrutamos enormemente en un sendero que hac\u00edamos por primera vez. Deciros que aqu\u00ed se encuentra&nbsp;<strong>el mayor bosque Atl\u00e1ntico costero de Europa<\/strong><\/p>\n\n\n\n<figure class=\"wp-block-image aligncenter\"><img decoding=\"async\" src=\"http:\/\/galiciamaxica.eu\/mini\/wp-content\/uploads\/2019\/10\/The-Colorsof-Summer.jpg\" alt=\"\"\/><\/figure>\n\n\n\n<h3 class=\"wp-block-heading\"><a href=\"https:\/\/www.galiciamaxica.eu\/mini\/una-de-las-rutas-mas-famosas-de-pontevedra-ruta-da-pedra-e-da-auga-en-meis\/\">Ruta da Pedra e da Auga en Meis<\/a><\/h3>\n\n\n\n<p>\n\nHace a\u00f1os ya hab\u00edamos disfrutado de la Ruta da Pedra e da Auga<a href=\"https:\/\/www.galiciamaxica.eu\/galicia\/pontevedra\/comarca-do-salnes\/meis\/\">&nbsp;en Meis<\/a>&nbsp;y a mis hijos les hab\u00eda encantado pero ahora que ya son mayorcitos seguro que la disfrutar\u00edan de una manera bien distinta.\n\n<\/p>\n\n\n\n<figure class=\"wp-block-image\"><img decoding=\"async\" src=\"http:\/\/galiciamaxica.eu\/mini\/wp-content\/uploads\/2019\/10\/Ruta-da-Pedra-e-da-Auga-en-Meis-1.jpg\" alt=\"\"\/><\/figure>\n\n\n\n<h3 class=\"wp-block-heading\"><a href=\"https:\/\/www.galiciamaxica.eu\/mini\/erase-una-vez-san-clodio-en-familia-una-ruta-magica-y-de-cuento\/\">\u00c9rase una vez San Clodio en familia. Una ruta m\u00e1gica y de cuento<\/a><\/h3>\n\n\n\n<p>Decidimos ir y no defraud\u00f3 mis hijos, lo pasaron genial y nosotras lo disfrutamos como ni\u00f1as, nos encanto como con materiales reciclados se pueden hacer maravillas.<\/p>\n\n\n\n<figure class=\"wp-block-image\"><img decoding=\"async\" src=\"http:\/\/galiciamaxica.eu\/mini\/wp-content\/uploads\/2019\/10\/The-Colorsof-Summer-1.jpg\" alt=\"\"\/><\/figure>\n\n\n\n<h3 class=\"wp-block-heading\"><a href=\"https:\/\/www.galiciamaxica.eu\/mini\/camino-pasada-vella\/\">Cami\u00f1o Pasada vella<\/a><\/h3>\n\n\n\n<p>\n\nEs una ruta circular de 5km con un nivel de dificultad bajo,la hemos hecho con los peques de 5 y 9 a\u00f1os,aclarar que mis ni\u00f1os est\u00e1n muy acostumbrados a hacer rutas de senderismo.\n\n<\/p>\n\n\n\n<figure class=\"wp-block-image aligncenter\"><img decoding=\"async\" src=\"http:\/\/galiciamaxica.eu\/mini\/wp-content\/uploads\/2019\/10\/wedding-650402_960_720.jpg\" alt=\"\"\/><\/figure>\n\n\n\n<h3 class=\"wp-block-heading\"><a href=\"https:\/\/www.galiciamaxica.eu\/mini\/la-magia-del-bosque-encantado-de-aldan\/\">La magia del Bosque Encantado<\/a><\/h3>\n\n\n\n<p> Al entrar en la finca vuelas al mundo de los cuentos y las hadas, con su espesa vegetaci\u00f3n y su r\u00edo de aguas cristalinas.<\/p>\n\n\n\n<figure class=\"wp-block-image aligncenter\"><img decoding=\"async\" src=\"http:\/\/galiciamaxica.eu\/mini\/wp-content\/uploads\/2019\/10\/DSC00622.jpg\" alt=\"\"\/><\/figure>\n\n\n\n<h3 class=\"wp-block-heading\"><a href=\"https:\/\/www.galiciamaxica.eu\/mini\/salinas-do-ullo-arcade\/\">Salinas de Ullo<\/a><\/h3>\n\n\n\n<p>\n\nConvertir una tarde en algo especial es tan sencillo como buscar lugares que llenen.&nbsp;En Vilaboa tenemos uno de esos lugares a los que no damos la importancia que tienen pero donde los ni\u00f1os pueden aprender grandes cosas.\n\n<\/p>\n\n\n\n<figure class=\"wp-block-image aligncenter\"><img decoding=\"async\" src=\"http:\/\/galiciamaxica.eu\/mini\/wp-content\/uploads\/2019\/10\/galiciamaxica_34-COLLAGE-1.jpg\" alt=\"\"\/><\/figure>\n\n\n\n<h3 class=\"wp-block-heading\"><a href=\"https:\/\/www.galiciamaxica.eu\/mini\/senda-fonte-aguin-ponte-do-picado\/\">Senda de Aguin<\/a><\/h3>\n\n\n\n<p> Una ruta que acabamos de descubrir, de hecho no conocemos casi nada as\u00ed que volveremos pronto para realizar la ruta entera. <\/p>\n\n\n\n<figure class=\"wp-block-image\"><img decoding=\"async\" src=\"http:\/\/galiciamaxica.eu\/mini\/wp-content\/uploads\/2019\/10\/100_9382-5.jpg\" alt=\"\"\/><\/figure>\n\n\n\n<h3 class=\"wp-block-heading\"><a href=\"https:\/\/www.galiciamaxica.eu\/mini\/parque-natural-do-rio-barosa\/\">Parque Natural del r\u00edo Barosa<\/a><\/h3>\n\n\n\n<p> Pasar un d\u00eda genial, en contacto con la naturaleza e incluso aprender &nbsp;es muy sencillo en nuestro entorno.<\/p>\n\n\n\n<figure class=\"wp-block-image aligncenter\"><img decoding=\"async\" src=\"http:\/\/galiciamaxica.eu\/mini\/wp-content\/uploads\/2019\/10\/1452293_328561643995014_6916703764363074624_n-2.jpg\" alt=\"\"\/><\/figure>\n\n\n\n<h3 class=\"wp-block-heading\"><a href=\"https:\/\/www.galiciamaxica.eu\/mini\/la-fervenza-de-auga-caida-es-una-de-las-mas-espectaculares-de-galicia\/\">Fervenza de Augaca\u00edda<\/a><\/h3>\n\n\n\n<p>\n\nHoy visitaremos una gran desconocida en Galicia pero no por eso de especial belleza, es la fervenza de Augaca\u00edda \u00f3 tambi\u00e9n conocida como la de Marce, se sit\u00faa muy cerca de la un d\u00eda bulliciosa poblaci\u00f3n de Marce de ah\u00ed que tome su nombre.\n\n<\/p>\n\n\n\n<figure class=\"wp-block-image aligncenter\"><img decoding=\"async\" src=\"http:\/\/galiciamaxica.eu\/mini\/wp-content\/uploads\/2019\/10\/Captura.jpg\" alt=\"\"\/><\/figure>\n\n\n\n<h3 class=\"wp-block-heading\"><a href=\"https:\/\/www.galiciamaxica.eu\/mini\/dia-fervedasferveda-rus-ferveda-san-paio\/\">D\u00eda de F\u00e9rvedas! Ferveda de Rus y Ferveda de San Paio<\/a><\/h3>\n\n\n\n<p>\n\nAprovechando el domingo soleado ,recientes lluvias y unas ganas inmensas de naturaleza decidimos visitar dos Fervenzas situadas cerca de Carballo.\n\n<\/p>\n\n\n\n<figure class=\"wp-block-image\"><img decoding=\"async\" src=\"http:\/\/galiciamaxica.eu\/mini\/wp-content\/uploads\/2019\/10\/samieira_5.jpg\" alt=\"\"\/><\/figure>\n\n\n\n<h3 class=\"wp-block-heading\"><a href=\"https:\/\/www.galiciamaxica.eu\/mini\/bosque-encantado-aldan\/\">Bosque encantado<\/a><\/h3>\n\n\n\n<p>\n\nTras varios d\u00edas pensando a d\u00f3nde podr\u00edamos ir para pasar una tarde tranquila, llegamos a la conclusi\u00f3n que probar\u00edamos en el \u201cBosque Encantado\u201d de Ald\u00e1n. Y puedo aseguraros que fue la decisi\u00f3n m\u00e1s acertada\n\n<\/p>\n\n\n\n<figure class=\"wp-block-image aligncenter\"><img decoding=\"async\" src=\"http:\/\/galiciamaxica.eu\/mini\/wp-content\/uploads\/2019\/10\/100_9381-10.jpg\" alt=\"\"\/><\/figure>\n\n\n\n<p>Y muchas recomendaciones m\u00e1s en <a href=\"https:\/\/www.galiciamaxica.eu\/mini\/viajes-compartidos\/\">VIAJES COMPARTIDOS<\/a><\/p>\n\n\n\n<h2 class=\"wp-block-heading\">No te olvides de<\/h2>\n\n\n\n<h3 class=\"wp-block-heading\"> <a href=\"https:\/\/www.galiciamaxica.eu\/mini\/248-planes-perfectos-con-ninos-en-galicia\/\">NUESTROS 248 PLANES PERFECTOS <\/a><\/h3>\n\n\n\n<figure class=\"wp-block-image aligncenter\"><img decoding=\"async\" src=\"http:\/\/galiciamaxica.eu\/mini\/wp-content\/uploads\/2019\/10\/aelcastle-city-1.jpg\" alt=\"\"\/><\/figure>\n\n\n\n<h3 class=\"wp-block-heading\"><a href=\"https:\/\/www.galiciamaxica.eu\/mini\/el-primer-libro-de-rutas-en-familia-de-galicia\/\">El primer libro de rutas en familia de Galicia<\/a><\/h3>\n\n\n\n<figure class=\"wp-block-image aligncenter\"><img decoding=\"async\" src=\"http:\/\/galiciamaxica.eu\/mini\/wp-content\/uploads\/2019\/10\/9788494832154-1.jpg\" alt=\"\"\/><figcaption class=\"wp-element-caption\">De venta en <strong>el Corte Ingl\u00e9s<\/strong> o en cualquier librer\u00eda bajo pedido<br>o si lo prefieres  te lo enviamos a casa<\/figcaption><\/figure>\n","protected":false},"excerpt":{"rendered":"<p>Esta entrada tiene un com\u00fan destino que es el ense\u00f1aros algunas rutas&nbsp; para el primer fin de semana de OTO\u00d1O. Comienza el Oto\u00f1o y hoy os voy a recomendar algunas Rutas que os encantar\u00e1n en esta estaci\u00f3n. Como seguro que os qued\u00e1is con ganas de mucho m\u00e1s, os dejos todas las que por ahora tenemos [&hellip;]<\/p>\n","protected":false},"author":1,"featured_media":11375,"comment_status":"open","ping_status":"closed","sticky":false,"template":"","format":"standard","meta":{"_eb_attr":"","site-sidebar-layout":"default","site-content-layout":"","ast-site-content-layout":"","site-content-style":"default","site-sidebar-style":"default","ast-global-header-display":"","ast-banner-title-visibility":"","ast-main-header-display":"","ast-hfb-above-header-display":"","ast-hfb-below-header-display":"","ast-hfb-mobile-header-display":"","site-post-title":"","ast-breadcrumbs-content":"","ast-featured-img":"","footer-sml-layout":"","theme-transparent-header-meta":"","adv-header-id-meta":"","stick-header-meta":"","header-above-stick-meta":"","header-main-stick-meta":"","header-below-stick-meta":"","astra-migrate-meta-layouts":"default","ast-page-background-enabled":"default","ast-page-background-meta":{"desktop":{"background-color":"","background-image":"","background-repeat":"repeat","background-position":"center center","background-size":"auto","background-attachment":"scroll","background-type":"","background-media":"","overlay-type":"","overlay-color":"","overlay-opacity":"","overlay-gradient":""},"tablet":{"background-color":"","background-image":"","background-repeat":"repeat","background-position":"center center","background-size":"auto","background-attachment":"scroll","background-type":"","background-media":"","overlay-type":"","overlay-color":"","overlay-opacity":"","overlay-gradient":""},"mobile":{"background-color":"","background-image":"","background-repeat":"repeat","background-position":"center center","background-size":"auto","background-attachment":"scroll","background-type":"","background-media":"","overlay-type":"","overlay-color":"","overlay-opacity":"","overlay-gradient":""}},"ast-content-background-meta":{"desktop":{"background-color":"var(--ast-global-color-5)","background-image":"","background-repeat":"repeat","background-position":"center center","background-size":"auto","background-attachment":"scroll","background-type":"","background-media":"","overlay-type":"","overlay-color":"","overlay-opacity":"","overlay-gradient":""},"tablet":{"background-color":"var(--ast-global-color-5)","background-image":"","background-repeat":"repeat","background-position":"center center","background-size":"auto","background-attachment":"scroll","background-type":"","background-media":"","overlay-type":"","overlay-color":"","overlay-opacity":"","overlay-gradient":""},"mobile":{"background-color":"var(--ast-global-color-5)","background-image":"","background-repeat":"repeat","background-position":"center center","background-size":"auto","background-attachment":"scroll","background-type":"","background-media":"","overlay-type":"","overlay-color":"","overlay-opacity":"","overlay-gradient":""}},"footnotes":""},"categories":[49,1035,50,1119,51,48,14,425,888],"tags":[302,140],"class_list":["post-11366","post","type-post","status-publish","format-standard","has-post-thumbnail","hentry","category-a-coruna","category-libro","category-lugo","category-otono","category-ourense","category-pontevedra","category-rutas","category-viajes-compartidos","category-viajes-galicia-con-ninos","tag-otono","tag-rutas"],"yoast_head":"<!-- This site is optimized with the Yoast SEO plugin v24.9 - https:\/\/yoast.com\/wordpress\/plugins\/seo\/ -->\n<title>Rutas para este OTO\u00d1O por Galicia con Ni\u00f1os - Galicia con ni\u00f1os | GALICIA M\u00c1XICA<\/title>\n<meta name=\"description\" content=\"Rutas para este OTO\u00d1O\" \/>\n<meta name=\"robots\" content=\"index, follow, max-snippet:-1, max-image-preview:large, max-video-preview:-1\" \/>\n<link rel=\"canonical\" href=\"https:\/\/www.galiciamaxica.eu\/mini\/rutas-para-este-otono-por-galicia-con-ninos\/\" \/>\n<meta property=\"og:locale\" content=\"es_ES\" \/>\n<meta property=\"og:type\" content=\"article\" \/>\n<meta property=\"og:title\" content=\"Rutas para este OTO\u00d1O por Galicia con Ni\u00f1os - Galicia con ni\u00f1os | GALICIA M\u00c1XICA\" \/>\n<meta property=\"og:description\" content=\"Rutas para este OTO\u00d1O\" \/>\n<meta property=\"og:url\" content=\"https:\/\/www.galiciamaxica.eu\/mini\/rutas-para-este-otono-por-galicia-con-ninos\/\" \/>\n<meta property=\"og:site_name\" content=\"Galicia con ni\u00f1os | GALICIA M\u00c1XICA\" \/>\n<meta property=\"article:publisher\" content=\"https:\/\/www.facebook.com\/maria.rodriguezserantes\" \/>\n<meta property=\"article:author\" content=\"https:\/\/www.facebook.com\/maria.rodriguezserantes\" \/>\n<meta property=\"article:published_time\" content=\"2019-09-24T11:03:29+00:00\" \/>\n<meta property=\"article:modified_time\" content=\"2026-03-29T19:56:42+00:00\" \/>\n<meta property=\"og:image\" content=\"https:\/\/www.galiciamaxica.eu\/mini\/wp-content\/uploads\/2019\/09\/wine-504494_960_720.jpg\" \/>\n\t<meta property=\"og:image:width\" content=\"960\" \/>\n\t<meta property=\"og:image:height\" content=\"640\" \/>\n\t<meta property=\"og:image:type\" content=\"image\/jpeg\" \/>\n<meta name=\"author\" content=\"seseixa\" \/>\n<meta name=\"twitter:card\" content=\"summary_large_image\" \/>\n<meta name=\"twitter:creator\" content=\"@seseixa\" \/>\n<meta name=\"twitter:site\" content=\"@seseixa\" \/>\n<meta name=\"twitter:label1\" content=\"Escrito por\" \/>\n\t<meta name=\"twitter:data1\" content=\"seseixa\" \/>\n\t<meta name=\"twitter:label2\" content=\"Tiempo de lectura\" \/>\n\t<meta name=\"twitter:data2\" content=\"13 minutos\" \/>\n<script type=\"application\/ld+json\" class=\"yoast-schema-graph\">{\"@context\":\"https:\/\/schema.org\",\"@graph\":[{\"@type\":\"Article\",\"@id\":\"https:\/\/www.galiciamaxica.eu\/mini\/rutas-para-este-otono-por-galicia-con-ninos\/#article\",\"isPartOf\":{\"@id\":\"https:\/\/www.galiciamaxica.eu\/mini\/rutas-para-este-otono-por-galicia-con-ninos\/\"},\"author\":{\"name\":\"seseixa\",\"@id\":\"https:\/\/www.galiciamaxica.eu\/mini\/#\/schema\/person\/2b284fe2fd911000a48d2e8936300179\"},\"headline\":\"Rutas para este OTO\u00d1O por Galicia con Ni\u00f1os\",\"datePublished\":\"2019-09-24T11:03:29+00:00\",\"dateModified\":\"2026-03-29T19:56:42+00:00\",\"mainEntityOfPage\":{\"@id\":\"https:\/\/www.galiciamaxica.eu\/mini\/rutas-para-este-otono-por-galicia-con-ninos\/\"},\"wordCount\":1319,\"commentCount\":0,\"publisher\":{\"@id\":\"https:\/\/www.galiciamaxica.eu\/mini\/#\/schema\/person\/2b284fe2fd911000a48d2e8936300179\"},\"image\":{\"@id\":\"https:\/\/www.galiciamaxica.eu\/mini\/rutas-para-este-otono-por-galicia-con-ninos\/#primaryimage\"},\"thumbnailUrl\":\"https:\/\/www.galiciamaxica.eu\/mini\/wp-content\/uploads\/2019\/09\/wine-504494_960_720.jpg\",\"keywords\":[\"OTO\u00d1O\",\"rutas\"],\"articleSection\":[\"A CORU\u00d1A\",\"LIBRO\",\"LUGO\",\"OTO\u00d1O\",\"OURENSE\",\"PONTEVEDRA\",\"RUTAS\",\"VIAJES COMPARTIDOS\",\"VIAJES GALICIA CON NI\u00d1OS\"],\"inLanguage\":\"es\",\"potentialAction\":[{\"@type\":\"CommentAction\",\"name\":\"Comment\",\"target\":[\"https:\/\/www.galiciamaxica.eu\/mini\/rutas-para-este-otono-por-galicia-con-ninos\/#respond\"]}]},{\"@type\":\"WebPage\",\"@id\":\"https:\/\/www.galiciamaxica.eu\/mini\/rutas-para-este-otono-por-galicia-con-ninos\/\",\"url\":\"https:\/\/www.galiciamaxica.eu\/mini\/rutas-para-este-otono-por-galicia-con-ninos\/\",\"name\":\"Rutas para este OTO\u00d1O por Galicia con Ni\u00f1os - Galicia con ni\u00f1os | GALICIA M\u00c1XICA\",\"isPartOf\":{\"@id\":\"https:\/\/www.galiciamaxica.eu\/mini\/#website\"},\"primaryImageOfPage\":{\"@id\":\"https:\/\/www.galiciamaxica.eu\/mini\/rutas-para-este-otono-por-galicia-con-ninos\/#primaryimage\"},\"image\":{\"@id\":\"https:\/\/www.galiciamaxica.eu\/mini\/rutas-para-este-otono-por-galicia-con-ninos\/#primaryimage\"},\"thumbnailUrl\":\"https:\/\/www.galiciamaxica.eu\/mini\/wp-content\/uploads\/2019\/09\/wine-504494_960_720.jpg\",\"datePublished\":\"2019-09-24T11:03:29+00:00\",\"dateModified\":\"2026-03-29T19:56:42+00:00\",\"description\":\"Rutas para este OTO\u00d1O\",\"breadcrumb\":{\"@id\":\"https:\/\/www.galiciamaxica.eu\/mini\/rutas-para-este-otono-por-galicia-con-ninos\/#breadcrumb\"},\"inLanguage\":\"es\",\"potentialAction\":[{\"@type\":\"ReadAction\",\"target\":[\"https:\/\/www.galiciamaxica.eu\/mini\/rutas-para-este-otono-por-galicia-con-ninos\/\"]}]},{\"@type\":\"ImageObject\",\"inLanguage\":\"es\",\"@id\":\"https:\/\/www.galiciamaxica.eu\/mini\/rutas-para-este-otono-por-galicia-con-ninos\/#primaryimage\",\"url\":\"https:\/\/www.galiciamaxica.eu\/mini\/wp-content\/uploads\/2019\/09\/wine-504494_960_720.jpg\",\"contentUrl\":\"https:\/\/www.galiciamaxica.eu\/mini\/wp-content\/uploads\/2019\/09\/wine-504494_960_720.jpg\",\"width\":960,\"height\":640,\"caption\":\"wine-504494_960_720\"},{\"@type\":\"BreadcrumbList\",\"@id\":\"https:\/\/www.galiciamaxica.eu\/mini\/rutas-para-este-otono-por-galicia-con-ninos\/#breadcrumb\",\"itemListElement\":[{\"@type\":\"ListItem\",\"position\":1,\"name\":\"Portada\",\"item\":\"https:\/\/www.galiciamaxica.eu\/mini\/\"},{\"@type\":\"ListItem\",\"position\":2,\"name\":\"Rutas para este OTO\u00d1O por Galicia con Ni\u00f1os\"}]},{\"@type\":\"WebSite\",\"@id\":\"https:\/\/www.galiciamaxica.eu\/mini\/#website\",\"url\":\"https:\/\/www.galiciamaxica.eu\/mini\/\",\"name\":\"Galicia con ni\u00f1os | GALICIA M\u00c1XICA\",\"description\":\"Qu\u00e9 hacer con ni\u00f1os en Galicia\",\"publisher\":{\"@id\":\"https:\/\/www.galiciamaxica.eu\/mini\/#\/schema\/person\/2b284fe2fd911000a48d2e8936300179\"},\"potentialAction\":[{\"@type\":\"SearchAction\",\"target\":{\"@type\":\"EntryPoint\",\"urlTemplate\":\"https:\/\/www.galiciamaxica.eu\/mini\/?s={search_term_string}\"},\"query-input\":{\"@type\":\"PropertyValueSpecification\",\"valueRequired\":true,\"valueName\":\"search_term_string\"}}],\"inLanguage\":\"es\"},{\"@type\":[\"Person\",\"Organization\"],\"@id\":\"https:\/\/www.galiciamaxica.eu\/mini\/#\/schema\/person\/2b284fe2fd911000a48d2e8936300179\",\"name\":\"seseixa\",\"image\":{\"@type\":\"ImageObject\",\"inLanguage\":\"es\",\"@id\":\"https:\/\/www.galiciamaxica.eu\/mini\/#\/schema\/person\/image\/\",\"url\":\"https:\/\/www.galiciamaxica.eu\/mini\/wp-content\/uploads\/2019\/02\/seseixa.png\",\"contentUrl\":\"https:\/\/www.galiciamaxica.eu\/mini\/wp-content\/uploads\/2019\/02\/seseixa.png\",\"width\":100,\"height\":100,\"caption\":\"seseixa\"},\"logo\":{\"@id\":\"https:\/\/www.galiciamaxica.eu\/mini\/#\/schema\/person\/image\/\"},\"description\":\"En la actualidad combinando dos proyectos que me apasionan, Galicia y los ni\u00f1os. Tengo mucho que aportar y otro tanto que aprender, as\u00ed como, el tiempo y el coraz\u00f3n, dividido en todo momento. Soy mam\u00e1, un titulo otorgado a tiempo completo, compa\u00f1era y amiga, a todas horas, familiar y cercana, siempre. De esp\u00edritu inquieto, soy una eterna ni\u00f1a que juega en el pa\u00eds de las maravillas. Una enamorada de mi tierra, por la que trabajo sin descanso. Creo en la infancia como motor que cambiar\u00e1 el mundo a mejor y busco en mi vida la felicidad como estado permanente porque s\u00f3lo se vive una vez.\",\"sameAs\":[\"http:\/\/mini.galiciamaxica.eu\/\",\"https:\/\/www.facebook.com\/maria.rodriguezserantes\",\"https:\/\/x.com\/seseixa\"],\"url\":\"https:\/\/www.galiciamaxica.eu\/mini\/author\/seseixa\/\"}]}<\/script>\n<!-- \/ Yoast SEO plugin. -->","yoast_head_json":{"title":"Rutas para este OTO\u00d1O por Galicia con Ni\u00f1os - Galicia con ni\u00f1os | GALICIA M\u00c1XICA","description":"Rutas para este OTO\u00d1O","robots":{"index":"index","follow":"follow","max-snippet":"max-snippet:-1","max-image-preview":"max-image-preview:large","max-video-preview":"max-video-preview:-1"},"canonical":"https:\/\/www.galiciamaxica.eu\/mini\/rutas-para-este-otono-por-galicia-con-ninos\/","og_locale":"es_ES","og_type":"article","og_title":"Rutas para este OTO\u00d1O por Galicia con Ni\u00f1os - Galicia con ni\u00f1os | GALICIA M\u00c1XICA","og_description":"Rutas para este OTO\u00d1O","og_url":"https:\/\/www.galiciamaxica.eu\/mini\/rutas-para-este-otono-por-galicia-con-ninos\/","og_site_name":"Galicia con ni\u00f1os | GALICIA M\u00c1XICA","article_publisher":"https:\/\/www.facebook.com\/maria.rodriguezserantes","article_author":"https:\/\/www.facebook.com\/maria.rodriguezserantes","article_published_time":"2019-09-24T11:03:29+00:00","article_modified_time":"2026-03-29T19:56:42+00:00","og_image":[{"width":960,"height":640,"url":"https:\/\/www.galiciamaxica.eu\/mini\/wp-content\/uploads\/2019\/09\/wine-504494_960_720.jpg","type":"image\/jpeg"}],"author":"seseixa","twitter_card":"summary_large_image","twitter_creator":"@seseixa","twitter_site":"@seseixa","twitter_misc":{"Escrito por":"seseixa","Tiempo de lectura":"13 minutos"},"schema":{"@context":"https:\/\/schema.org","@graph":[{"@type":"Article","@id":"https:\/\/www.galiciamaxica.eu\/mini\/rutas-para-este-otono-por-galicia-con-ninos\/#article","isPartOf":{"@id":"https:\/\/www.galiciamaxica.eu\/mini\/rutas-para-este-otono-por-galicia-con-ninos\/"},"author":{"name":"seseixa","@id":"https:\/\/www.galiciamaxica.eu\/mini\/#\/schema\/person\/2b284fe2fd911000a48d2e8936300179"},"headline":"Rutas para este OTO\u00d1O por Galicia con Ni\u00f1os","datePublished":"2019-09-24T11:03:29+00:00","dateModified":"2026-03-29T19:56:42+00:00","mainEntityOfPage":{"@id":"https:\/\/www.galiciamaxica.eu\/mini\/rutas-para-este-otono-por-galicia-con-ninos\/"},"wordCount":1319,"commentCount":0,"publisher":{"@id":"https:\/\/www.galiciamaxica.eu\/mini\/#\/schema\/person\/2b284fe2fd911000a48d2e8936300179"},"image":{"@id":"https:\/\/www.galiciamaxica.eu\/mini\/rutas-para-este-otono-por-galicia-con-ninos\/#primaryimage"},"thumbnailUrl":"https:\/\/www.galiciamaxica.eu\/mini\/wp-content\/uploads\/2019\/09\/wine-504494_960_720.jpg","keywords":["OTO\u00d1O","rutas"],"articleSection":["A CORU\u00d1A","LIBRO","LUGO","OTO\u00d1O","OURENSE","PONTEVEDRA","RUTAS","VIAJES COMPARTIDOS","VIAJES GALICIA CON NI\u00d1OS"],"inLanguage":"es","potentialAction":[{"@type":"CommentAction","name":"Comment","target":["https:\/\/www.galiciamaxica.eu\/mini\/rutas-para-este-otono-por-galicia-con-ninos\/#respond"]}]},{"@type":"WebPage","@id":"https:\/\/www.galiciamaxica.eu\/mini\/rutas-para-este-otono-por-galicia-con-ninos\/","url":"https:\/\/www.galiciamaxica.eu\/mini\/rutas-para-este-otono-por-galicia-con-ninos\/","name":"Rutas para este OTO\u00d1O por Galicia con Ni\u00f1os - Galicia con ni\u00f1os | GALICIA M\u00c1XICA","isPartOf":{"@id":"https:\/\/www.galiciamaxica.eu\/mini\/#website"},"primaryImageOfPage":{"@id":"https:\/\/www.galiciamaxica.eu\/mini\/rutas-para-este-otono-por-galicia-con-ninos\/#primaryimage"},"image":{"@id":"https:\/\/www.galiciamaxica.eu\/mini\/rutas-para-este-otono-por-galicia-con-ninos\/#primaryimage"},"thumbnailUrl":"https:\/\/www.galiciamaxica.eu\/mini\/wp-content\/uploads\/2019\/09\/wine-504494_960_720.jpg","datePublished":"2019-09-24T11:03:29+00:00","dateModified":"2026-03-29T19:56:42+00:00","description":"Rutas para este OTO\u00d1O","breadcrumb":{"@id":"https:\/\/www.galiciamaxica.eu\/mini\/rutas-para-este-otono-por-galicia-con-ninos\/#breadcrumb"},"inLanguage":"es","potentialAction":[{"@type":"ReadAction","target":["https:\/\/www.galiciamaxica.eu\/mini\/rutas-para-este-otono-por-galicia-con-ninos\/"]}]},{"@type":"ImageObject","inLanguage":"es","@id":"https:\/\/www.galiciamaxica.eu\/mini\/rutas-para-este-otono-por-galicia-con-ninos\/#primaryimage","url":"https:\/\/www.galiciamaxica.eu\/mini\/wp-content\/uploads\/2019\/09\/wine-504494_960_720.jpg","contentUrl":"https:\/\/www.galiciamaxica.eu\/mini\/wp-content\/uploads\/2019\/09\/wine-504494_960_720.jpg","width":960,"height":640,"caption":"wine-504494_960_720"},{"@type":"BreadcrumbList","@id":"https:\/\/www.galiciamaxica.eu\/mini\/rutas-para-este-otono-por-galicia-con-ninos\/#breadcrumb","itemListElement":[{"@type":"ListItem","position":1,"name":"Portada","item":"https:\/\/www.galiciamaxica.eu\/mini\/"},{"@type":"ListItem","position":2,"name":"Rutas para este OTO\u00d1O por Galicia con Ni\u00f1os"}]},{"@type":"WebSite","@id":"https:\/\/www.galiciamaxica.eu\/mini\/#website","url":"https:\/\/www.galiciamaxica.eu\/mini\/","name":"Galicia con ni\u00f1os | GALICIA M\u00c1XICA","description":"Qu\u00e9 hacer con ni\u00f1os en Galicia","publisher":{"@id":"https:\/\/www.galiciamaxica.eu\/mini\/#\/schema\/person\/2b284fe2fd911000a48d2e8936300179"},"potentialAction":[{"@type":"SearchAction","target":{"@type":"EntryPoint","urlTemplate":"https:\/\/www.galiciamaxica.eu\/mini\/?s={search_term_string}"},"query-input":{"@type":"PropertyValueSpecification","valueRequired":true,"valueName":"search_term_string"}}],"inLanguage":"es"},{"@type":["Person","Organization"],"@id":"https:\/\/www.galiciamaxica.eu\/mini\/#\/schema\/person\/2b284fe2fd911000a48d2e8936300179","name":"seseixa","image":{"@type":"ImageObject","inLanguage":"es","@id":"https:\/\/www.galiciamaxica.eu\/mini\/#\/schema\/person\/image\/","url":"https:\/\/www.galiciamaxica.eu\/mini\/wp-content\/uploads\/2019\/02\/seseixa.png","contentUrl":"https:\/\/www.galiciamaxica.eu\/mini\/wp-content\/uploads\/2019\/02\/seseixa.png","width":100,"height":100,"caption":"seseixa"},"logo":{"@id":"https:\/\/www.galiciamaxica.eu\/mini\/#\/schema\/person\/image\/"},"description":"En la actualidad combinando dos proyectos que me apasionan, Galicia y los ni\u00f1os. Tengo mucho que aportar y otro tanto que aprender, as\u00ed como, el tiempo y el coraz\u00f3n, dividido en todo momento. Soy mam\u00e1, un titulo otorgado a tiempo completo, compa\u00f1era y amiga, a todas horas, familiar y cercana, siempre. De esp\u00edritu inquieto, soy una eterna ni\u00f1a que juega en el pa\u00eds de las maravillas. Una enamorada de mi tierra, por la que trabajo sin descanso. Creo en la infancia como motor que cambiar\u00e1 el mundo a mejor y busco en mi vida la felicidad como estado permanente porque s\u00f3lo se vive una vez.","sameAs":["http:\/\/mini.galiciamaxica.eu\/","https:\/\/www.facebook.com\/maria.rodriguezserantes","https:\/\/x.com\/seseixa"],"url":"https:\/\/www.galiciamaxica.eu\/mini\/author\/seseixa\/"}]}},"amp_enabled":true,"post_mailing_queue_ids":[],"_links":{"self":[{"href":"https:\/\/www.galiciamaxica.eu\/mini\/wp-json\/wp\/v2\/posts\/11366"}],"collection":[{"href":"https:\/\/www.galiciamaxica.eu\/mini\/wp-json\/wp\/v2\/posts"}],"about":[{"href":"https:\/\/www.galiciamaxica.eu\/mini\/wp-json\/wp\/v2\/types\/post"}],"author":[{"embeddable":true,"href":"https:\/\/www.galiciamaxica.eu\/mini\/wp-json\/wp\/v2\/users\/1"}],"replies":[{"embeddable":true,"href":"https:\/\/www.galiciamaxica.eu\/mini\/wp-json\/wp\/v2\/comments?post=11366"}],"version-history":[{"count":5,"href":"https:\/\/www.galiciamaxica.eu\/mini\/wp-json\/wp\/v2\/posts\/11366\/revisions"}],"predecessor-version":[{"id":23048,"href":"https:\/\/www.galiciamaxica.eu\/mini\/wp-json\/wp\/v2\/posts\/11366\/revisions\/23048"}],"wp:featuredmedia":[{"embeddable":true,"href":"https:\/\/www.galiciamaxica.eu\/mini\/wp-json\/wp\/v2\/media\/11375"}],"wp:attachment":[{"href":"https:\/\/www.galiciamaxica.eu\/mini\/wp-json\/wp\/v2\/media?parent=11366"}],"wp:term":[{"taxonomy":"category","embeddable":true,"href":"https:\/\/www.galiciamaxica.eu\/mini\/wp-json\/wp\/v2\/categories?post=11366"},{"taxonomy":"post_tag","embeddable":true,"href":"https:\/\/www.galiciamaxica.eu\/mini\/wp-json\/wp\/v2\/tags?post=11366"}],"curies":[{"name":"wp","href":"https:\/\/api.w.org\/{rel}","templated":true}]}}