{"id":11336,"date":"2019-09-16T20:28:57","date_gmt":"2019-09-16T18:28:57","guid":{"rendered":"https:\/\/www.galiciamaxica.eu\/mini\/?p=11336"},"modified":"2024-08-13T19:37:02","modified_gmt":"2024-08-13T17:37:02","slug":"salcedo-maxico","status":"publish","type":"post","link":"https:\/\/www.galiciamaxica.eu\/mini\/salcedo-maxico\/","title":{"rendered":"Salcedo M\u00e1xico"},"content":{"rendered":"\n<p>Para nosotros la mejor definici\u00f3n de<strong> un viaje en familia<\/strong> no va de contar kil\u00f3metros andados y s\u00ed de vivir experiencias. <\/p>\n\n\n\n<p>Nos empe\u00f1amos a veces en hacer grandes trayectos y en ocasiones esto lleva a los ni\u00f1os a cansancio por lo que no disfrutamos tanto del viaje, sobre todo cuando son m\u00e1s peque\u00f1os. Cuando son m\u00e1s mayores no importa que se lleven puesto su m\u00f3vil, le pueden sacar mucho lucro en el viaje. <\/p>\n\n\n\n<p>Soy de las que piensan que hay que aliarse con las nuevas tecnolog\u00edas, nunca verlas como un enemigo, ense\u00f1arles y acercarnos con ellos a la verdadera utilidad de un m\u00f3vil no solo vale para jugar o comunicarse  y sobre todo dejarles claro que un m\u00f3vil no es un juguete. <\/p>\n\n\n\n<p>La inocencia nunca es buena para determinados asuntos, y como sucede en la vida el cerrar los ojos a los peligros no hace que desaparezcan. Si les ense\u00f1as d\u00f3nde pueden estar los peligros (no hace que desaparezcan, pero&#8230;) los pone en alerta cuando aparecen. Deciros que casi el 70% de los ni\u00f1os y adolescentes entre 10 y 15 a\u00f1os, seg\u00fan la \u201cEncuesta sobre obre equipamiento y uso de tecnolog\u00edas de informaci\u00f3n y comunicaci\u00f3n en los hogares\u201d (INE) tienen m\u00f3vil y m\u00e1s del 90% de ellos tiene acceso a internet.<strong><a href=\"http:\/\/www.rtve.es\/noticias\/20190108\/tu-usas-movil-yo-pongo-normas\/1865341.shtml\">  Lee, es importante<\/a><\/strong>.<\/p>\n\n\n\n<figure class=\"wp-block-image aligncenter\"><img decoding=\"async\" src=\"https:\/\/galiciamaxica.eu\/mini\/wp-content\/uploads\/2019\/10\/img_5d9a127eea63c.jpg\" alt=\"\"\/><\/figure>\n\n\n\n<h3 class=\"wp-block-heading\"><a href=\"https:\/\/www.wildkids.es\/10-aplicaciones-moviles-explorar-naturaleza-ninos\/\">Utilizamos el m\u00f3vil en el viaje<\/a><\/h3>\n\n\n\n<p>Y no solo para sacarnos las mejores fotos sino que tambi\u00e9n lo utilizamos para movernos con el <strong>GPS <\/strong>y as\u00ed llegar<strong> <\/strong> al destino<strong>. Un \u00abYo te gu\u00edo<\/strong>\u00bb que ser\u00e1 utilizada en muchos momentos de su vida, saber mandar tu localizaci\u00f3n es muy importante \u00ab<strong>\u00bfd\u00f3nde estoy?<\/strong>\u00ab, buscar informaci\u00f3n sobre el lugar, la <strong>historia<\/strong> o descubrir lo que hay cerca ayuda a planificar. Buscar la ruta con<strong> Wikiloc<\/strong> que pone a nuestra disposici\u00f3n de manera gratuita m\u00e1s de 2,5 millones de rutas, distinguir especies<strong><a href=\"http:\/\/www.arbolesibericos.es\/\"> de \u00e1rboles<\/a>,  <a href=\"http:\/\/www.seo.org\/\">p\u00e1jaros<\/a>,  <a href=\"https:\/\/play.google.com\/store\/apps\/details?id=org.plantnet\">flora<\/a>,  hongos \u00bfqu\u00e9 es?<\/strong> <a href=\"http:\/\/www.sports-tracker.com\/\">Cu\u00e1nto he corrido<\/a> y a<a href=\"http:\/\/www.arlabs-mobile.com\/\"> qu\u00e9 altura estoy<\/a> <strong>me reto<\/strong>, <a href=\"https:\/\/play.google.com\/store\/apps\/details?id=com.escapistgames.starchart&amp;hl=es\">descubrir estrellas<\/a> <strong>descubro el cielo<\/strong>&#8230; hasta una<a href=\"http:\/\/www.rain-alarm.com\/\"> alerta para lluvia<\/a>.<\/p>\n\n\n\n<figure class=\"wp-block-image aligncenter\"><img decoding=\"async\" src=\"https:\/\/galiciamaxica.eu\/mini\/wp-content\/uploads\/2019\/10\/img_5d9a12800b6d0.jpg\" alt=\"\"\/><\/figure>\n\n\n\n<p>Un viaje perfecto es aquel hecho a medida de cada familia, esa es la m\u00e1xima que debemos interiorizar y como el que se hace un traje primero han de tomarse las medidas mucho antes de empezar a manipular la tela. <\/p>\n\n\n\n<p>Lo primero que debemos hacer es buscar los puntos fuertes, es decir qu\u00e9 es lo que buscamos que aparezca en una excursi\u00f3n, lo que m\u00e1s nos gusta y les gusta. Despu\u00e9s preguntarnos que es lo qu\u00e9 deber\u00eda ofrecernos el viaje para enriquecer el d\u00eda y nuestra vida  (las lecciones, el patrimonio, la naturaleza, las leyendas) y por \u00faltimo y esto siempre, un final fant\u00e1stico, ese elemento para dar por finalizado un precioso viaje que nos d\u00e9 pie a un \u00abdeseando tener excursi\u00f3n\u00bb (ir a un museo, centro interpretativo, parque, un ba\u00f1ito en poza o en el mar, geocaching&#8230; o contemplar c\u00f3mo se despide el d\u00eda desde un m\u00e1gico lugar). <\/p>\n\n\n\n<figure class=\"wp-block-image aligncenter\"><img decoding=\"async\" src=\"https:\/\/galiciamaxica.eu\/mini\/wp-content\/uploads\/2019\/10\/img_5d9b54f6c6fc9.jpg\" alt=\"\"\/><figcaption class=\"wp-element-caption\"><strong><em>Recuerda: \u00abSi ellos se lo pasan bien, nosotros lo pasaremos mucho mejor.\u00bb<\/em><\/strong><\/figcaption><\/figure>\n\n\n\n<p>Hoy decidimos estacionarnos en una zona poco conocida y sacarle todo el jugo posible y cuando hablo de ello es porque para nosotros un viaje especial <a href=\"https:\/\/photos.app.goo.gl\/C8WnwrbUqLvW4Yxi6\">debe tener roteiro<\/a>, <strong>patrimonio y zona de descanso<\/strong> en la que disfrutar del buen vicio del picnic.<\/p>\n\n\n\n<h2 class=\"wp-block-heading\">MAPA<\/h2>\n\n\n\n<figure><iframe src=\"https:\/\/www.google.com\/maps\/d\/embed?mid=1rYbmTBisaMTPJk8RwQS_SCQY9CHHtkVl\" width=\"640\" height=\"480\"><\/iframe><\/figure>\n\n\n\n<p>Empezamos esta excursi\u00f3n familiar que os va a encantar,<a href=\"https:\/\/photos.app.goo.gl\/C8WnwrbUqLvW4Yxi6\"> veremos mu\u00ed\u00f1os<\/a>, un castro y una aldea prehist\u00f3rica reci\u00e9n inaugurada que har\u00e1 las delicias de los peque\u00f1os y no tan peque\u00f1os. Tambi\u00e9n tendremos leyendas que enriquecer\u00e1n el viaje de una forma tan inmaterial como lo es \u00abla del recuerdo de lo que nos contaron\u00bb.<\/p>\n\n\n\n<figure class=\"wp-block-image aligncenter\"><img decoding=\"async\" src=\"https:\/\/galiciamaxica.eu\/mini\/wp-content\/uploads\/2019\/10\/img_5d9b54f835ea1.jpg\" alt=\"\"\/><\/figure>\n\n\n\n<p>Empezamos en <strong>el roteiro das Mouras<\/strong> que es un recorrido cultural que pretende unir y poner en valor parte del rico patrimonio etnogr\u00e1fico, arqueol\u00f3gico e inmaterial de la parroquia de San Marti\u00f1o de Salcedo. Gira alrredor de leyendas de <em>mouras<\/em>. El antiguo castro es el protagonista de la famosa leyenda de la <em>moura<\/em> do monte das Croas, recogida por Jos\u00e9 Casal e Lois all\u00e1 por el a\u00f1o 1866 y que ser\u00eda publicada y popularizada en la obra de Leandro Carr\u00e9 Alvarellos \u00abAs lendas tradicionais galegas\u00bb. A Moura das Croas habita en un lugar bajo tierra debajo del castro y en su encantado alojamiento guarda grandes tesoros.<\/p>\n\n\n\n<figure class=\"wp-block-image aligncenter\"><img decoding=\"async\" src=\"https:\/\/galiciamaxica.eu\/mini\/wp-content\/uploads\/2019\/10\/img_5d9b54f99790f.jpg\" alt=\"\"\/><\/figure>\n\n\n\n<p>Tras la visita al castro, emprendemos nuestra andaina visitando os mu\u00ed\u00f1os do Bat\u00e1n, un conjunto de molinos  de gran inter\u00e9s etnogr\u00e1fico, ba\u00f1ados por el r\u00edo Bat\u00e1n.<\/p>\n\n\n\n<h1 class=\"wp-block-heading\"><a href=\"https:\/\/www.galiciamaxica.eu\/galicia\/muinos-do-batan\/\">Mu\u00ed\u00f1os do Bat\u00e1n&nbsp;<\/a><\/h1>\n\n\n\n<figure class=\"wp-block-image aligncenter\"><img fetchpriority=\"high\" decoding=\"async\" width=\"1024\" height=\"683\" src=\"https:\/\/www.galiciamaxica.eu\/mini\/wp-content\/uploads\/2019\/10\/rain-4341238_960_720-1024x683.jpg\" alt=\"\" class=\"wp-image-18033\" srcset=\"https:\/\/www.galiciamaxica.eu\/mini\/wp-content\/uploads\/2019\/10\/rain-4341238_960_720-1024x683.jpg 1024w, https:\/\/www.galiciamaxica.eu\/mini\/wp-content\/uploads\/2019\/10\/rain-4341238_960_720-300x200.jpg 300w, https:\/\/www.galiciamaxica.eu\/mini\/wp-content\/uploads\/2019\/10\/rain-4341238_960_720-768x512.jpg 768w, https:\/\/www.galiciamaxica.eu\/mini\/wp-content\/uploads\/2019\/10\/rain-4341238_960_720.jpg 1062w\" sizes=\"(max-width: 1024px) 100vw, 1024px\" \/><\/figure>\n\n\n\n<h3 class=\"wp-block-heading\">RUTA<\/h3>\n\n\n\n<p>Haremos una ruta circular de m\u00e1s o menos un kil\u00f3metro y medio, muy f\u00e1cil de m\u00e1s o menos una hora sin agobios y muy divertida.<\/p>\n\n\n\n<h3 class=\"wp-block-heading\">MAPA<\/h3>\n\n\n\n<figure class=\"wp-block-image aligncenter\"><img decoding=\"async\" width=\"1024\" height=\"549\" src=\"https:\/\/www.galiciamaxica.eu\/mini\/wp-content\/uploads\/2019\/10\/rain-4341238_960_720-5-1024x549.jpg\" alt=\"\" class=\"wp-image-18041\" srcset=\"https:\/\/www.galiciamaxica.eu\/mini\/wp-content\/uploads\/2019\/10\/rain-4341238_960_720-5-1024x549.jpg 1024w, https:\/\/www.galiciamaxica.eu\/mini\/wp-content\/uploads\/2019\/10\/rain-4341238_960_720-5-300x161.jpg 300w, https:\/\/www.galiciamaxica.eu\/mini\/wp-content\/uploads\/2019\/10\/rain-4341238_960_720-5-768x412.jpg 768w, https:\/\/www.galiciamaxica.eu\/mini\/wp-content\/uploads\/2019\/10\/rain-4341238_960_720-5.jpg 1108w\" sizes=\"(max-width: 1024px) 100vw, 1024px\" \/><\/figure>\n\n\n\n<p>Hoy cambiamos el punto de partida, para nosotros fueron los molinos, y lo terminamos en el castro. Pero bien ves que en la ruta que os he dejado lo primero fue visitar el castro, t\u00fa eliges desde d\u00f3nde empezar la Mini Ruta. El viaje ya es tuyo! Os recomiendo hacerla en todas las estaciones y recuerda sacar una foto siempre que regres\u00e9is en un mismo punto y ver como os cambia el paso del tiempo y como el cambio de estaci\u00f3n lo transforma todo con los colores.<\/p>\n\n\n\n<iframe frameborder=\"0\" scrolling=\"no\" src=\"https:\/\/es.wikiloc.com\/wikiloc\/spatialArtifacts.do?event=view&amp;id=8085526&amp;measures=off&amp;title=off&amp;near=off&amp;images=off&amp;maptype=H\" width=\"500\" height=\"400\"><\/iframe><div style=\"background-color:#fff;color:#777;font-size:11px;line-height:16px;\">Powered by <a style=\"color:#06d;font-size:11px;line-height:16px;\" target=\"_blank\" href=\"https:\/\/es.wikiloc.com\" rel=\"noopener noreferrer\">Wikiloc<\/a><\/div>\n\n\n\n<p>Observar la arquitectura tradicional gallega siempre despierta curiosidad y ella es el mejor germen de \u00abhacer la cultura propia\u00bb, valorar y defender lo nuestro porque en una visita al patrimonio siempre va impl\u00edcito el respeto y el conocernos mucho m\u00e1s, las ra\u00edces son tan importantes que deber\u00edan ser la mejor asignatura de toda nuestra vida.<\/p>\n\n\n\n<figure class=\"wp-block-image aligncenter\"><img decoding=\"async\" width=\"1024\" height=\"683\" src=\"https:\/\/www.galiciamaxica.eu\/mini\/wp-content\/uploads\/2019\/10\/rain-4341238_960_720-1-1024x683.jpg\" alt=\"\" class=\"wp-image-18034\" srcset=\"https:\/\/www.galiciamaxica.eu\/mini\/wp-content\/uploads\/2019\/10\/rain-4341238_960_720-1-1024x683.jpg 1024w, https:\/\/www.galiciamaxica.eu\/mini\/wp-content\/uploads\/2019\/10\/rain-4341238_960_720-1-300x200.jpg 300w, https:\/\/www.galiciamaxica.eu\/mini\/wp-content\/uploads\/2019\/10\/rain-4341238_960_720-1-768x512.jpg 768w, https:\/\/www.galiciamaxica.eu\/mini\/wp-content\/uploads\/2019\/10\/rain-4341238_960_720-1.jpg 1135w\" sizes=\"(max-width: 1024px) 100vw, 1024px\" \/><\/figure>\n\n\n\n<p>Lo primero que debemos hacer al llegar a un lugar como \u00e9ste es explicarles que estamos contemplando, da igual que ya lo sepan, seguramente ya habr\u00e1n visto un molino en otros viajes, se lo recordamos \u00bfQu\u00e9 es?, tipos, partes&#8230; Estamos contemplando un conjunto etnogr\u00e1fico de molinos de agua y en ellos se mol\u00edan los cereales.<\/p>\n\n\n\n<h4 class=\"wp-block-heading\"><strong><a href=\"http:\/\/trasnosmaxicos.blogspot.com\/2009\/05\/molino.html\">Molinos de agua<\/a><\/strong><\/h4>\n\n\n\n<iframe width=\"560\" height=\"315\" src=\"https:\/\/www.youtube.com\/embed\/uuup-Opkd48\" frameborder=\"0\" allow=\"accelerometer; autoplay; encrypted-media; gyroscope; picture-in-picture\" allowfullscreen=\"\"><\/iframe>\n\n\n\n<figure class=\"wp-block-image aligncenter\"><img loading=\"lazy\" decoding=\"async\" width=\"1024\" height=\"683\" src=\"https:\/\/www.galiciamaxica.eu\/mini\/wp-content\/uploads\/2019\/10\/rain-4341238_960_720-2-1024x683.jpg\" alt=\"\" class=\"wp-image-18035\" srcset=\"https:\/\/www.galiciamaxica.eu\/mini\/wp-content\/uploads\/2019\/10\/rain-4341238_960_720-2-1024x683.jpg 1024w, https:\/\/www.galiciamaxica.eu\/mini\/wp-content\/uploads\/2019\/10\/rain-4341238_960_720-2-300x200.jpg 300w, https:\/\/www.galiciamaxica.eu\/mini\/wp-content\/uploads\/2019\/10\/rain-4341238_960_720-2-768x512.jpg 768w, https:\/\/www.galiciamaxica.eu\/mini\/wp-content\/uploads\/2019\/10\/rain-4341238_960_720-2.jpg 1062w\" sizes=\"(max-width: 1024px) 100vw, 1024px\" \/><\/figure>\n\n\n\n<p>En el recorrido tambi\u00e9n encontraremos un cruceiro. Espero vuestra foto en \u00e9l y las de vuestro hermoso viaje, no dudes en poner  <a href=\"https:\/\/www.instagram.com\/explore\/tags\/galiciaconni%C3%B1os\/?hl=es\">#galiciaconni\u00f1os <\/a>por instagram!<\/p>\n\n\n\n<figure class=\"wp-block-image aligncenter\"><img loading=\"lazy\" decoding=\"async\" width=\"821\" height=\"701\" src=\"https:\/\/www.galiciamaxica.eu\/mini\/wp-content\/uploads\/2019\/10\/rain-4341238_960_720-3.jpg\" alt=\"\" class=\"wp-image-18037\" srcset=\"https:\/\/www.galiciamaxica.eu\/mini\/wp-content\/uploads\/2019\/10\/rain-4341238_960_720-3.jpg 821w, https:\/\/www.galiciamaxica.eu\/mini\/wp-content\/uploads\/2019\/10\/rain-4341238_960_720-3-300x256.jpg 300w, https:\/\/www.galiciamaxica.eu\/mini\/wp-content\/uploads\/2019\/10\/rain-4341238_960_720-3-768x656.jpg 768w\" sizes=\"(max-width: 821px) 100vw, 821px\" \/><\/figure>\n\n\n\n<h1 class=\"wp-block-heading\"><a href=\"https:\/\/www.galiciamaxica.eu\/galicia\/castro-das-croas-de-salcedo\/\">Castro das Croas de Salcedo<\/a><\/h1>\n\n\n\n<p>Llegamos al castro y  aqu\u00ed, a los pies del no menos m\u00edtico castro de<strong>l Monte de las  Croas<\/strong>, damos por finalizada nuestra ruta, no sin antes conocer las leyendas populares del lugar en el que estamos. <\/p>\n\n\n\n<figure class=\"wp-block-image aligncenter\"><img loading=\"lazy\" decoding=\"async\" width=\"1024\" height=\"683\" src=\"https:\/\/www.galiciamaxica.eu\/mini\/wp-content\/uploads\/2019\/10\/rain-4341238_960_720-4-1024x683.jpg\" alt=\"\" class=\"wp-image-18038\" srcset=\"https:\/\/www.galiciamaxica.eu\/mini\/wp-content\/uploads\/2019\/10\/rain-4341238_960_720-4-1024x683.jpg 1024w, https:\/\/www.galiciamaxica.eu\/mini\/wp-content\/uploads\/2019\/10\/rain-4341238_960_720-4-300x200.jpg 300w, https:\/\/www.galiciamaxica.eu\/mini\/wp-content\/uploads\/2019\/10\/rain-4341238_960_720-4-768x512.jpg 768w, https:\/\/www.galiciamaxica.eu\/mini\/wp-content\/uploads\/2019\/10\/rain-4341238_960_720-4.jpg 1152w\" sizes=\"(max-width: 1024px) 100vw, 1024px\" \/><\/figure>\n\n\n\n<h3 class=\"wp-block-heading\">Leyenda<\/h3>\n\n\n\n<figure><iframe width=\"560\" height=\"315\" src=\"https:\/\/www.youtube.com\/embed\/5iapQfoI4U8\" allowfullscreen=\"\"><\/iframe><\/figure>\n\n\n\n<h3 class=\"wp-block-heading\">Aqu\u00ed os dejo la leyenda del castro de Salcedo<\/h3>\n\n\n\n<p>\u201cEn el monte das croas estaba, en otros tiempos, encantada una se\u00f1ora de singular belleza. Habitaba en un palacio que hab\u00eda en el interior del monte y en el cual se guardaba un gran tesoro, tanto que la fama de su riqueza lleg\u00f3 hasta C\u00e1diz. Muchos deseaban hallarlo, mas no les era posible \u00e1 pesar de que la canci\u00f3n daba, en los siguientes versos, las se\u00f1as exactas del lugar en que estaba encerrado.<\/p>\n\n\n\n<p><em>Monte d\u2019as croas,<\/em><br><em>Ponte d\u2019o batan,<\/em><br><em>Fonte de clara (augua?) fria<\/em><br><em>Monte de Samarin\u00e9,<\/em><br><em>Tiran c\u2019\u00f3 ouro as ovellas<\/em><br><em>E non saben \u00f3 que \u00e9.<\/em><\/p>\n\n\n\n<p>La se\u00f1ora all\u00ed encantada, se aparec\u00eda a menudo a los habitantes del lugar, pero \u00e9stos siempre hu\u00edan de ella asustados.<\/p>\n\n\n\n<figure class=\"wp-block-image aligncenter\"><img decoding=\"async\" src=\"https:\/\/galiciamaxica.eu\/mini\/wp-content\/uploads\/2019\/10\/img_5d9b54fba3b80.jpg\" alt=\"\"\/><\/figure>\n\n\n\n<p>Una vez, un ni\u00f1o que cuidaba ovejas se la encontr\u00f3 sentada sobre una piedra, bajo la que cuentan que se ocultaban los tesoros que la se\u00f1ora pose\u00eda. Estaba Pein\u00e1ndose con su peine de oro cuando el pastorcillo pas\u00f3 a su lado y entonces ella le llam\u00f3 y le pidi\u00f3 que le diese uno de sus corderos. Asustado el muchacho no contest\u00f3 y huy\u00f3 a cont\u00e1rselo a su padre; \u00e9ste  al o\u00edr el relato de lo sucedido, temiendo que por haber negado el cordero a la se\u00f1ora perdiese todo el reba\u00f1o, oblig\u00f3 a su hijo a que volviese y le entregase el que ella quisiese. Volvi\u00f3 el pastorcillo, pero su asombro no tuvo l\u00edmites cuando vi\u00f3 que el reba\u00f1o hab\u00eda desaparecido por completo. Llorando y lleno de miedo empez\u00f3 a buscar sus ovejas, y as\u00ed anduvo largo rato sin que le fuera posible el encontrarlas, hasta que de repente se le apareci\u00f3 el reba\u00f1o conducido por la se\u00f1ora, quien le dijo avisase a su padre que ten\u00eda algo que decirle.<\/p>\n\n\n\n<figure class=\"wp-block-image aligncenter\"><img decoding=\"async\" src=\"https:\/\/galiciamaxica.eu\/mini\/wp-content\/uploads\/2019\/10\/img_5d9b54fc92e0a.jpg\" alt=\"\"\/><\/figure>\n\n\n\n<p>Se march\u00f3 el muchacho a su casa, y se lo cont\u00f3 a su padre. \u00c9ste sin pens\u00e1rselo ni dos veces se dirigi\u00f3 al monte, aunque lleno de miedo porque ten\u00eda que hablar con una dama encantada. Poco dur\u00f3 su temor, pues ella le asegur\u00f3 que nada malo le pasar\u00eda. Le dijo que obtendr\u00eda muchas riquezas  si se ofrec\u00eda a guardar secretos y hacer cuanto le ordenase. Lo que la se\u00f1ora le dijo nadie lo sabe, pero los vecinos  notaron  que \u00e9l y su \u00edntimo amigo se hicieron ricos en muy poco tiempo, que sus frutos eran los mejores del lugar y sus prosperidades manifiestas. Corri\u00f3 entonces la voz de que ambos amigos eran los encargados de llevar al alto del monte todo lo que la dama encantada necesitaba para su alimentaci\u00f3n.<\/p>\n\n\n\n<figure class=\"wp-block-image aligncenter\"><img decoding=\"async\" src=\"https:\/\/galiciamaxica.eu\/mini\/wp-content\/uploads\/2019\/10\/img_5d9b54fd7457d.jpg\" alt=\"\"\/><\/figure>\n\n\n\n<p>Pero no todo eran ganancias para el due\u00f1o del reba\u00f1o,  enferm\u00f3 tan gravemente  que desahuciado por los m\u00e9dicos, se desesperaba por vivir. Sucedi\u00f3 entonces, que en un momento en que su mujer tuvo que salir de la casa para atender a sus tareas, se encontr\u00f3 al paso a la dama, quien le pregunt\u00f3 c\u00f3mo se encontraba su marido. No le di\u00f3 tiempo a contestar ni una palabra, la dama encantada hab\u00eda desaparecido de repente; mas \u00a1cu\u00e1l ser\u00eda su asombro cuando al entrar la mujer en su casa se encontr\u00f3 a la se\u00f1ora al lado de su marido, y a \u00e9ste estaba tan mejorado, que podr\u00eda decirse que ya estaba fuera de peligro! Curiosa su mujer, pregunt\u00f3 al enfermo qu\u00e9 hac\u00eda all\u00ed la se\u00f1ora, a qu\u00e9 hab\u00eda venido y c\u00f3mo se encontraba ahora tan bien, pero \u00e9l se neg\u00f3 a contestarle. Insisti\u00f3 la esposa en sus preguntas y recelos, y para calmarla su marido tuvo que contarle cu\u00e1nto le hab\u00eda dicho la dama encantada y los remedios que le hab\u00eda dejado para sanar. Mal hizo no record\u00f3 lo que le hab\u00eda dicho hace a\u00f1os la dama : Nunca compartas nuestros secretos! Al otro d\u00eda apareci\u00f3 muerto y todo su cuerpo cubierto de manchas negras y como producidas por palos que le hubiesen dado. Su mujer aseguraba haber sentido, durante toda la noche, ruido como de golpes y quejas y ayes lastimeros.<\/p>\n\n\n\n<figure><iframe width=\"560\" height=\"315\" src=\"https:\/\/www.youtube.com\/embed\/wAqNwWq-T5g\" allowfullscreen=\"\"><\/iframe><\/figure>\n\n\n\n<h4 class=\"wp-block-heading\">Fuente<\/h4>\n\n\n\n<p>Lenda publicada por Rafa Quint\u00eda no blog <a href=\"http:\/\/asombradebouzapanda.wordpress.com\/2011\/01\/03\/a-moura-do-monte-das-croas\/\">asombradebouzapanda.wordpress.com<\/a> o d\u00eda 3 de xaneiro de 2011 <\/p>\n\n\n\n<figure class=\"wp-block-image aligncenter\"><img decoding=\"async\" src=\"http:\/\/galiciamaxica.eu\/mini\/wp-content\/uploads\/2019\/10\/Castro-das-Croas-7.jpg\" alt=\"\"\/><\/figure>\n\n\n\n<h3 class=\"wp-block-heading\">Otras leyendas<\/h3>\n\n\n\n<figure><iframe width=\"560\" height=\"315\" src=\"https:\/\/www.youtube.com\/embed\/11WwtWbr500\" allowfullscreen=\"\"><\/iframe><\/figure>\n\n\n\n<figure class=\"wp-block-image aligncenter\"><img decoding=\"async\" src=\"https:\/\/galiciamaxica.eu\/mini\/wp-content\/uploads\/2019\/10\/img_5d9b54fe9719f.jpg\" alt=\"\"\/><\/figure>\n\n\n\n<p>Ahora nos vamos a un lugar que acaban de inaugurar y os va a encantar. <\/p>\n\n\n\n<h3 class=\"wp-block-heading\">Merendero<\/h3>\n\n\n\n<figure class=\"wp-block-image aligncenter\"><img decoding=\"async\" src=\"http:\/\/galiciamaxica.eu\/mini\/wp-content\/uploads\/2019\/10\/img_5d9a0fb7bd20b.jpg\" alt=\"\"\/><\/figure>\n\n\n\n<p>En \u00e9l tenemos mesas y fuente en donde hacer picnic y una aldea que pondr\u00e1 un hermoso punto y seguido en nuestro viaje.<\/p>\n\n\n\n<h2 class=\"wp-block-heading\"><a href=\"https:\/\/www.galiciamaxica.eu\/galicia\/aldea-neolitica-de-salcedo\/\">Una aldea prehist\u00f3rica en Galicia<\/a><\/h2>\n\n\n\n<figure class=\"wp-block-image aligncenter\"><img decoding=\"async\" src=\"http:\/\/galiciamaxica.eu\/mini\/wp-content\/uploads\/2019\/10\/img_5d9a0fb9b08fb.jpg\" alt=\"\"\/><\/figure>\n\n\n\n<p>Se trata de la recreaci\u00f3n de un poblado de la Edad de Cobre o Calcol\u00edtico y el proyecto ha sido redactado por la empresa Citania (la que puso en tierra un Parque Lameiro referente y fuente de inspiraci\u00f3n en este proyecto) y <a href=\"https:\/\/www.galiciamaxica.eu\/blog\/pronto-la-inauguracion-de-una-aldea-neolitica-en-galicia\/\">ya ha sido inaugurado<\/a> para el disfrute de todos.<\/p>\n\n\n\n<figure class=\"wp-block-image aligncenter\"><img decoding=\"async\" src=\"http:\/\/galiciamaxica.eu\/mini\/wp-content\/uploads\/2019\/10\/Salcedo-4.jpg\" alt=\"\"\/><\/figure>\n\n\n\n<p>La parcela en la que se ubica la aldea cuenta con 1.500 metros cuadrados est\u00e1 en el lugar de Outeiro das Mouras, en Salcedo. La aldea contar\u00e1 con una caba\u00f1a comunal, tres pallozas, corrales, fosas de almacenaje, un estanque y una zona en la que se recrear\u00e1n las hogueras que hac\u00edan los antiguos moradores de estas aldeas.<\/p>\n\n\n\n<figure class=\"wp-block-image aligncenter\"><img decoding=\"async\" src=\"http:\/\/galiciamaxica.eu\/mini\/wp-content\/uploads\/2019\/10\/img_5d9a0fbc10dc3.jpg\" alt=\"\"\/><\/figure>\n\n\n\n<p class=\"has-text-align-center\">Espero que os haya gustado este peque\u00f1o pero interesante viaje que nosotros repetiremos muy pronto.<\/p>\n","protected":false},"excerpt":{"rendered":"<p>Para nosotros la mejor definici\u00f3n de un viaje en familia no va de contar kil\u00f3metros andados y s\u00ed de vivir experiencias. Nos empe\u00f1amos a veces en hacer grandes trayectos y en ocasiones esto lleva a los ni\u00f1os a cansancio por lo que no disfrutamos tanto del viaje, sobre todo cuando son m\u00e1s peque\u00f1os. Cuando son [&hellip;]<\/p>\n","protected":false},"author":1,"featured_media":11341,"comment_status":"open","ping_status":"closed","sticky":false,"template":"","format":"standard","meta":{"_eb_attr":"","site-sidebar-layout":"default","site-content-layout":"","ast-site-content-layout":"","site-content-style":"default","site-sidebar-style":"default","ast-global-header-display":"","ast-banner-title-visibility":"","ast-main-header-display":"","ast-hfb-above-header-display":"","ast-hfb-below-header-display":"","ast-hfb-mobile-header-display":"","site-post-title":"","ast-breadcrumbs-content":"","ast-featured-img":"","footer-sml-layout":"","theme-transparent-header-meta":"","adv-header-id-meta":"","stick-header-meta":"","header-above-stick-meta":"","header-main-stick-meta":"","header-below-stick-meta":"","astra-migrate-meta-layouts":"default","ast-page-background-enabled":"default","ast-page-background-meta":{"desktop":{"background-color":"","background-image":"","background-repeat":"repeat","background-position":"center center","background-size":"auto","background-attachment":"scroll","background-type":"","background-media":"","overlay-type":"","overlay-color":"","overlay-opacity":"","overlay-gradient":""},"tablet":{"background-color":"","background-image":"","background-repeat":"repeat","background-position":"center center","background-size":"auto","background-attachment":"scroll","background-type":"","background-media":"","overlay-type":"","overlay-color":"","overlay-opacity":"","overlay-gradient":""},"mobile":{"background-color":"","background-image":"","background-repeat":"repeat","background-position":"center center","background-size":"auto","background-attachment":"scroll","background-type":"","background-media":"","overlay-type":"","overlay-color":"","overlay-opacity":"","overlay-gradient":""}},"ast-content-background-meta":{"desktop":{"background-color":"var(--ast-global-color-5)","background-image":"","background-repeat":"repeat","background-position":"center center","background-size":"auto","background-attachment":"scroll","background-type":"","background-media":"","overlay-type":"","overlay-color":"","overlay-opacity":"","overlay-gradient":""},"tablet":{"background-color":"var(--ast-global-color-5)","background-image":"","background-repeat":"repeat","background-position":"center center","background-size":"auto","background-attachment":"scroll","background-type":"","background-media":"","overlay-type":"","overlay-color":"","overlay-opacity":"","overlay-gradient":""},"mobile":{"background-color":"var(--ast-global-color-5)","background-image":"","background-repeat":"repeat","background-position":"center center","background-size":"auto","background-attachment":"scroll","background-type":"","background-media":"","overlay-type":"","overlay-color":"","overlay-opacity":"","overlay-gradient":""}},"footnotes":""},"categories":[1,48],"tags":[23,1170],"class_list":["post-11336","post","type-post","status-publish","format-standard","has-post-thumbnail","hentry","category-familia","category-pontevedra","tag-pontevedra","tag-salcedo"],"yoast_head":"<!-- This site is optimized with the Yoast SEO plugin v24.9 - https:\/\/yoast.com\/wordpress\/plugins\/seo\/ -->\n<title>Salcedo M\u00e1xico - Galicia con ni\u00f1os | GALICIA M\u00c1XICA<\/title>\n<meta name=\"description\" content=\"Salcedo M\u00e1xico\" \/>\n<meta name=\"robots\" content=\"index, follow, max-snippet:-1, max-image-preview:large, max-video-preview:-1\" \/>\n<link rel=\"canonical\" href=\"https:\/\/www.galiciamaxica.eu\/mini\/salcedo-maxico\/\" \/>\n<meta property=\"og:locale\" content=\"es_ES\" \/>\n<meta property=\"og:type\" content=\"article\" \/>\n<meta property=\"og:title\" content=\"Salcedo M\u00e1xico - Galicia con ni\u00f1os | GALICIA M\u00c1XICA\" \/>\n<meta property=\"og:description\" content=\"Salcedo M\u00e1xico\" \/>\n<meta property=\"og:url\" content=\"https:\/\/www.galiciamaxica.eu\/mini\/salcedo-maxico\/\" \/>\n<meta property=\"og:site_name\" content=\"Galicia con ni\u00f1os | GALICIA M\u00c1XICA\" \/>\n<meta property=\"article:publisher\" content=\"https:\/\/www.facebook.com\/maria.rodriguezserantes\" \/>\n<meta property=\"article:author\" content=\"https:\/\/www.facebook.com\/maria.rodriguezserantes\" \/>\n<meta property=\"article:published_time\" content=\"2019-09-16T18:28:57+00:00\" \/>\n<meta property=\"article:modified_time\" content=\"2024-08-13T17:37:02+00:00\" \/>\n<meta property=\"og:image\" content=\"https:\/\/www.galiciamaxica.eu\/mini\/wp-content\/uploads\/2019\/09\/20190812_131302.jpg\" \/>\n\t<meta property=\"og:image:width\" content=\"1024\" \/>\n\t<meta property=\"og:image:height\" content=\"768\" \/>\n\t<meta property=\"og:image:type\" content=\"image\/jpeg\" \/>\n<meta name=\"author\" content=\"seseixa\" \/>\n<meta name=\"twitter:card\" content=\"summary_large_image\" \/>\n<meta name=\"twitter:creator\" content=\"@seseixa\" \/>\n<meta name=\"twitter:site\" content=\"@seseixa\" \/>\n<meta name=\"twitter:label1\" content=\"Escrito por\" \/>\n\t<meta name=\"twitter:data1\" content=\"seseixa\" \/>\n\t<meta name=\"twitter:label2\" content=\"Tiempo de lectura\" \/>\n\t<meta name=\"twitter:data2\" content=\"13 minutos\" \/>\n<script type=\"application\/ld+json\" class=\"yoast-schema-graph\">{\"@context\":\"https:\/\/schema.org\",\"@graph\":[{\"@type\":\"Article\",\"@id\":\"https:\/\/www.galiciamaxica.eu\/mini\/salcedo-maxico\/#article\",\"isPartOf\":{\"@id\":\"https:\/\/www.galiciamaxica.eu\/mini\/salcedo-maxico\/\"},\"author\":{\"name\":\"seseixa\",\"@id\":\"https:\/\/www.galiciamaxica.eu\/mini\/#\/schema\/person\/2b284fe2fd911000a48d2e8936300179\"},\"headline\":\"Salcedo M\u00e1xico\",\"datePublished\":\"2019-09-16T18:28:57+00:00\",\"dateModified\":\"2024-08-13T17:37:02+00:00\",\"mainEntityOfPage\":{\"@id\":\"https:\/\/www.galiciamaxica.eu\/mini\/salcedo-maxico\/\"},\"wordCount\":1997,\"commentCount\":0,\"publisher\":{\"@id\":\"https:\/\/www.galiciamaxica.eu\/mini\/#\/schema\/person\/2b284fe2fd911000a48d2e8936300179\"},\"image\":{\"@id\":\"https:\/\/www.galiciamaxica.eu\/mini\/salcedo-maxico\/#primaryimage\"},\"thumbnailUrl\":\"https:\/\/www.galiciamaxica.eu\/mini\/wp-content\/uploads\/2019\/09\/20190812_131302.jpg\",\"keywords\":[\"pontevedra\",\"Salcedo\"],\"articleSection\":[\"FAMILIA\",\"PONTEVEDRA\"],\"inLanguage\":\"es\",\"potentialAction\":[{\"@type\":\"CommentAction\",\"name\":\"Comment\",\"target\":[\"https:\/\/www.galiciamaxica.eu\/mini\/salcedo-maxico\/#respond\"]}]},{\"@type\":\"WebPage\",\"@id\":\"https:\/\/www.galiciamaxica.eu\/mini\/salcedo-maxico\/\",\"url\":\"https:\/\/www.galiciamaxica.eu\/mini\/salcedo-maxico\/\",\"name\":\"Salcedo M\u00e1xico - Galicia con ni\u00f1os | GALICIA M\u00c1XICA\",\"isPartOf\":{\"@id\":\"https:\/\/www.galiciamaxica.eu\/mini\/#website\"},\"primaryImageOfPage\":{\"@id\":\"https:\/\/www.galiciamaxica.eu\/mini\/salcedo-maxico\/#primaryimage\"},\"image\":{\"@id\":\"https:\/\/www.galiciamaxica.eu\/mini\/salcedo-maxico\/#primaryimage\"},\"thumbnailUrl\":\"https:\/\/www.galiciamaxica.eu\/mini\/wp-content\/uploads\/2019\/09\/20190812_131302.jpg\",\"datePublished\":\"2019-09-16T18:28:57+00:00\",\"dateModified\":\"2024-08-13T17:37:02+00:00\",\"description\":\"Salcedo M\u00e1xico\",\"breadcrumb\":{\"@id\":\"https:\/\/www.galiciamaxica.eu\/mini\/salcedo-maxico\/#breadcrumb\"},\"inLanguage\":\"es\",\"potentialAction\":[{\"@type\":\"ReadAction\",\"target\":[\"https:\/\/www.galiciamaxica.eu\/mini\/salcedo-maxico\/\"]}]},{\"@type\":\"ImageObject\",\"inLanguage\":\"es\",\"@id\":\"https:\/\/www.galiciamaxica.eu\/mini\/salcedo-maxico\/#primaryimage\",\"url\":\"https:\/\/www.galiciamaxica.eu\/mini\/wp-content\/uploads\/2019\/09\/20190812_131302.jpg\",\"contentUrl\":\"https:\/\/www.galiciamaxica.eu\/mini\/wp-content\/uploads\/2019\/09\/20190812_131302.jpg\",\"width\":1024,\"height\":768,\"caption\":\"20190812_131302\"},{\"@type\":\"BreadcrumbList\",\"@id\":\"https:\/\/www.galiciamaxica.eu\/mini\/salcedo-maxico\/#breadcrumb\",\"itemListElement\":[{\"@type\":\"ListItem\",\"position\":1,\"name\":\"Portada\",\"item\":\"https:\/\/www.galiciamaxica.eu\/mini\/\"},{\"@type\":\"ListItem\",\"position\":2,\"name\":\"Salcedo M\u00e1xico\"}]},{\"@type\":\"WebSite\",\"@id\":\"https:\/\/www.galiciamaxica.eu\/mini\/#website\",\"url\":\"https:\/\/www.galiciamaxica.eu\/mini\/\",\"name\":\"Galicia con ni\u00f1os | GALICIA M\u00c1XICA\",\"description\":\"Qu\u00e9 hacer con ni\u00f1os en Galicia\",\"publisher\":{\"@id\":\"https:\/\/www.galiciamaxica.eu\/mini\/#\/schema\/person\/2b284fe2fd911000a48d2e8936300179\"},\"potentialAction\":[{\"@type\":\"SearchAction\",\"target\":{\"@type\":\"EntryPoint\",\"urlTemplate\":\"https:\/\/www.galiciamaxica.eu\/mini\/?s={search_term_string}\"},\"query-input\":{\"@type\":\"PropertyValueSpecification\",\"valueRequired\":true,\"valueName\":\"search_term_string\"}}],\"inLanguage\":\"es\"},{\"@type\":[\"Person\",\"Organization\"],\"@id\":\"https:\/\/www.galiciamaxica.eu\/mini\/#\/schema\/person\/2b284fe2fd911000a48d2e8936300179\",\"name\":\"seseixa\",\"image\":{\"@type\":\"ImageObject\",\"inLanguage\":\"es\",\"@id\":\"https:\/\/www.galiciamaxica.eu\/mini\/#\/schema\/person\/image\/\",\"url\":\"https:\/\/www.galiciamaxica.eu\/mini\/wp-content\/uploads\/2019\/02\/seseixa.png\",\"contentUrl\":\"https:\/\/www.galiciamaxica.eu\/mini\/wp-content\/uploads\/2019\/02\/seseixa.png\",\"width\":100,\"height\":100,\"caption\":\"seseixa\"},\"logo\":{\"@id\":\"https:\/\/www.galiciamaxica.eu\/mini\/#\/schema\/person\/image\/\"},\"description\":\"En la actualidad combinando dos proyectos que me apasionan, Galicia y los ni\u00f1os. Tengo mucho que aportar y otro tanto que aprender, as\u00ed como, el tiempo y el coraz\u00f3n, dividido en todo momento. Soy mam\u00e1, un titulo otorgado a tiempo completo, compa\u00f1era y amiga, a todas horas, familiar y cercana, siempre. De esp\u00edritu inquieto, soy una eterna ni\u00f1a que juega en el pa\u00eds de las maravillas. Una enamorada de mi tierra, por la que trabajo sin descanso. Creo en la infancia como motor que cambiar\u00e1 el mundo a mejor y busco en mi vida la felicidad como estado permanente porque s\u00f3lo se vive una vez.\",\"sameAs\":[\"http:\/\/mini.galiciamaxica.eu\/\",\"https:\/\/www.facebook.com\/maria.rodriguezserantes\",\"https:\/\/x.com\/seseixa\"],\"url\":\"https:\/\/www.galiciamaxica.eu\/mini\/author\/seseixa\/\"}]}<\/script>\n<!-- \/ Yoast SEO plugin. -->","yoast_head_json":{"title":"Salcedo M\u00e1xico - Galicia con ni\u00f1os | GALICIA M\u00c1XICA","description":"Salcedo M\u00e1xico","robots":{"index":"index","follow":"follow","max-snippet":"max-snippet:-1","max-image-preview":"max-image-preview:large","max-video-preview":"max-video-preview:-1"},"canonical":"https:\/\/www.galiciamaxica.eu\/mini\/salcedo-maxico\/","og_locale":"es_ES","og_type":"article","og_title":"Salcedo M\u00e1xico - Galicia con ni\u00f1os | GALICIA M\u00c1XICA","og_description":"Salcedo M\u00e1xico","og_url":"https:\/\/www.galiciamaxica.eu\/mini\/salcedo-maxico\/","og_site_name":"Galicia con ni\u00f1os | GALICIA M\u00c1XICA","article_publisher":"https:\/\/www.facebook.com\/maria.rodriguezserantes","article_author":"https:\/\/www.facebook.com\/maria.rodriguezserantes","article_published_time":"2019-09-16T18:28:57+00:00","article_modified_time":"2024-08-13T17:37:02+00:00","og_image":[{"width":1024,"height":768,"url":"https:\/\/www.galiciamaxica.eu\/mini\/wp-content\/uploads\/2019\/09\/20190812_131302.jpg","type":"image\/jpeg"}],"author":"seseixa","twitter_card":"summary_large_image","twitter_creator":"@seseixa","twitter_site":"@seseixa","twitter_misc":{"Escrito por":"seseixa","Tiempo de lectura":"13 minutos"},"schema":{"@context":"https:\/\/schema.org","@graph":[{"@type":"Article","@id":"https:\/\/www.galiciamaxica.eu\/mini\/salcedo-maxico\/#article","isPartOf":{"@id":"https:\/\/www.galiciamaxica.eu\/mini\/salcedo-maxico\/"},"author":{"name":"seseixa","@id":"https:\/\/www.galiciamaxica.eu\/mini\/#\/schema\/person\/2b284fe2fd911000a48d2e8936300179"},"headline":"Salcedo M\u00e1xico","datePublished":"2019-09-16T18:28:57+00:00","dateModified":"2024-08-13T17:37:02+00:00","mainEntityOfPage":{"@id":"https:\/\/www.galiciamaxica.eu\/mini\/salcedo-maxico\/"},"wordCount":1997,"commentCount":0,"publisher":{"@id":"https:\/\/www.galiciamaxica.eu\/mini\/#\/schema\/person\/2b284fe2fd911000a48d2e8936300179"},"image":{"@id":"https:\/\/www.galiciamaxica.eu\/mini\/salcedo-maxico\/#primaryimage"},"thumbnailUrl":"https:\/\/www.galiciamaxica.eu\/mini\/wp-content\/uploads\/2019\/09\/20190812_131302.jpg","keywords":["pontevedra","Salcedo"],"articleSection":["FAMILIA","PONTEVEDRA"],"inLanguage":"es","potentialAction":[{"@type":"CommentAction","name":"Comment","target":["https:\/\/www.galiciamaxica.eu\/mini\/salcedo-maxico\/#respond"]}]},{"@type":"WebPage","@id":"https:\/\/www.galiciamaxica.eu\/mini\/salcedo-maxico\/","url":"https:\/\/www.galiciamaxica.eu\/mini\/salcedo-maxico\/","name":"Salcedo M\u00e1xico - Galicia con ni\u00f1os | GALICIA M\u00c1XICA","isPartOf":{"@id":"https:\/\/www.galiciamaxica.eu\/mini\/#website"},"primaryImageOfPage":{"@id":"https:\/\/www.galiciamaxica.eu\/mini\/salcedo-maxico\/#primaryimage"},"image":{"@id":"https:\/\/www.galiciamaxica.eu\/mini\/salcedo-maxico\/#primaryimage"},"thumbnailUrl":"https:\/\/www.galiciamaxica.eu\/mini\/wp-content\/uploads\/2019\/09\/20190812_131302.jpg","datePublished":"2019-09-16T18:28:57+00:00","dateModified":"2024-08-13T17:37:02+00:00","description":"Salcedo M\u00e1xico","breadcrumb":{"@id":"https:\/\/www.galiciamaxica.eu\/mini\/salcedo-maxico\/#breadcrumb"},"inLanguage":"es","potentialAction":[{"@type":"ReadAction","target":["https:\/\/www.galiciamaxica.eu\/mini\/salcedo-maxico\/"]}]},{"@type":"ImageObject","inLanguage":"es","@id":"https:\/\/www.galiciamaxica.eu\/mini\/salcedo-maxico\/#primaryimage","url":"https:\/\/www.galiciamaxica.eu\/mini\/wp-content\/uploads\/2019\/09\/20190812_131302.jpg","contentUrl":"https:\/\/www.galiciamaxica.eu\/mini\/wp-content\/uploads\/2019\/09\/20190812_131302.jpg","width":1024,"height":768,"caption":"20190812_131302"},{"@type":"BreadcrumbList","@id":"https:\/\/www.galiciamaxica.eu\/mini\/salcedo-maxico\/#breadcrumb","itemListElement":[{"@type":"ListItem","position":1,"name":"Portada","item":"https:\/\/www.galiciamaxica.eu\/mini\/"},{"@type":"ListItem","position":2,"name":"Salcedo M\u00e1xico"}]},{"@type":"WebSite","@id":"https:\/\/www.galiciamaxica.eu\/mini\/#website","url":"https:\/\/www.galiciamaxica.eu\/mini\/","name":"Galicia con ni\u00f1os | GALICIA M\u00c1XICA","description":"Qu\u00e9 hacer con ni\u00f1os en Galicia","publisher":{"@id":"https:\/\/www.galiciamaxica.eu\/mini\/#\/schema\/person\/2b284fe2fd911000a48d2e8936300179"},"potentialAction":[{"@type":"SearchAction","target":{"@type":"EntryPoint","urlTemplate":"https:\/\/www.galiciamaxica.eu\/mini\/?s={search_term_string}"},"query-input":{"@type":"PropertyValueSpecification","valueRequired":true,"valueName":"search_term_string"}}],"inLanguage":"es"},{"@type":["Person","Organization"],"@id":"https:\/\/www.galiciamaxica.eu\/mini\/#\/schema\/person\/2b284fe2fd911000a48d2e8936300179","name":"seseixa","image":{"@type":"ImageObject","inLanguage":"es","@id":"https:\/\/www.galiciamaxica.eu\/mini\/#\/schema\/person\/image\/","url":"https:\/\/www.galiciamaxica.eu\/mini\/wp-content\/uploads\/2019\/02\/seseixa.png","contentUrl":"https:\/\/www.galiciamaxica.eu\/mini\/wp-content\/uploads\/2019\/02\/seseixa.png","width":100,"height":100,"caption":"seseixa"},"logo":{"@id":"https:\/\/www.galiciamaxica.eu\/mini\/#\/schema\/person\/image\/"},"description":"En la actualidad combinando dos proyectos que me apasionan, Galicia y los ni\u00f1os. Tengo mucho que aportar y otro tanto que aprender, as\u00ed como, el tiempo y el coraz\u00f3n, dividido en todo momento. Soy mam\u00e1, un titulo otorgado a tiempo completo, compa\u00f1era y amiga, a todas horas, familiar y cercana, siempre. De esp\u00edritu inquieto, soy una eterna ni\u00f1a que juega en el pa\u00eds de las maravillas. Una enamorada de mi tierra, por la que trabajo sin descanso. Creo en la infancia como motor que cambiar\u00e1 el mundo a mejor y busco en mi vida la felicidad como estado permanente porque s\u00f3lo se vive una vez.","sameAs":["http:\/\/mini.galiciamaxica.eu\/","https:\/\/www.facebook.com\/maria.rodriguezserantes","https:\/\/x.com\/seseixa"],"url":"https:\/\/www.galiciamaxica.eu\/mini\/author\/seseixa\/"}]}},"amp_enabled":true,"post_mailing_queue_ids":[],"_links":{"self":[{"href":"https:\/\/www.galiciamaxica.eu\/mini\/wp-json\/wp\/v2\/posts\/11336"}],"collection":[{"href":"https:\/\/www.galiciamaxica.eu\/mini\/wp-json\/wp\/v2\/posts"}],"about":[{"href":"https:\/\/www.galiciamaxica.eu\/mini\/wp-json\/wp\/v2\/types\/post"}],"author":[{"embeddable":true,"href":"https:\/\/www.galiciamaxica.eu\/mini\/wp-json\/wp\/v2\/users\/1"}],"replies":[{"embeddable":true,"href":"https:\/\/www.galiciamaxica.eu\/mini\/wp-json\/wp\/v2\/comments?post=11336"}],"version-history":[{"count":5,"href":"https:\/\/www.galiciamaxica.eu\/mini\/wp-json\/wp\/v2\/posts\/11336\/revisions"}],"predecessor-version":[{"id":22334,"href":"https:\/\/www.galiciamaxica.eu\/mini\/wp-json\/wp\/v2\/posts\/11336\/revisions\/22334"}],"wp:featuredmedia":[{"embeddable":true,"href":"https:\/\/www.galiciamaxica.eu\/mini\/wp-json\/wp\/v2\/media\/11341"}],"wp:attachment":[{"href":"https:\/\/www.galiciamaxica.eu\/mini\/wp-json\/wp\/v2\/media?parent=11336"}],"wp:term":[{"taxonomy":"category","embeddable":true,"href":"https:\/\/www.galiciamaxica.eu\/mini\/wp-json\/wp\/v2\/categories?post=11336"},{"taxonomy":"post_tag","embeddable":true,"href":"https:\/\/www.galiciamaxica.eu\/mini\/wp-json\/wp\/v2\/tags?post=11336"}],"curies":[{"name":"wp","href":"https:\/\/api.w.org\/{rel}","templated":true}]}}