{"id":1103,"date":"2016-06-29T19:15:59","date_gmt":"2016-06-29T19:15:59","guid":{"rendered":"http:\/\/www.galiciamaxica.eu\/mini\/?p=1103"},"modified":"2026-03-29T21:55:51","modified_gmt":"2026-03-29T19:55:51","slug":"hoy-o-grove","status":"publish","type":"post","link":"https:\/\/www.galiciamaxica.eu\/mini\/hoy-o-grove\/","title":{"rendered":"Hoy O GROVE"},"content":{"rendered":"<p style=\"text-align: center;\">Ya nos fuimos de<strong>\u00a0SANXENXO\u00a0<\/strong>y continuamos nuestro viaje por tierras donde el mar esculpe paisajes y<\/p>\n<p style=\"text-align: center;\">la naturaleza gallega sabe a mar.<\/p>\n<p style=\"text-align: center;\"><iframe src=\"https:\/\/www.google.com\/maps\/d\/embed?mid=zDCWI_VMYafs.kxt4DjejZta4\" width=\"640\" height=\"480\"><\/iframe><\/p>\n<p style=\"text-align: center;\">Hoy visitaremos en familia<\/p>\n<p style=\"text-align: center;\"><strong><a href=\"http:\/\/www.galiciamaxica.eu\/o-grove\">O GROVE<\/a><\/strong><\/p>\n<p style=\"text-align: center;\"><a href=\"http:\/\/www.galiciamaxica.eu\/pontevedra\/playalanzada\/\"><img fetchpriority=\"high\" decoding=\"async\" class=\"aligncenter\" src=\"https:\/\/galiciamaxica.eu\/mini\/wp-content\/uploads\/2019\/10\/1_P10112471.jpg\" alt=\"\" width=\"768\" height=\"576\" \/><\/a><\/p>\n<p style=\"text-align: center;\">Vamos a disfrutar un poquito m\u00e1s de<strong><a href=\"http:\/\/www.galiciamaxica.eu\/pontevedra\/playalanzada\/\"> la playa de A Lanzada<\/a><\/strong> porque en a\u00fan nos queda mucho que ver<\/p>\n<p style=\"text-align: center;\">de sus dos Kilometros de arena y diversi\u00f3n\u2026<\/p>\n<p><a href=\"http:\/\/www.galiciamaxica.eu\/pontevedra\/playalanzada\/\"><img decoding=\"async\" class=\" aligncenter\" src=\"https:\/\/galiciamaxica.eu\/mini\/wp-content\/uploads\/2019\/10\/P10111721.jpg\" alt=\"\" width=\"256\" height=\"192\" \/><\/a><\/p>\n<p style=\"text-align: center;\">Y es que esta playa es famosa por sus actividades de <strong>deportes na\u00faticos<\/strong>,<\/p>\n<p style=\"text-align: center;\">sobre todo del surf,<\/p>\n<p style=\"text-align: center;\">ya que aqu\u00ed se celebran varios campeonatos a lo largo del a\u00f1o como el Rias Baixas Pro o el ASP Europe.<\/p>\n<p style=\"text-align: center;\"><a href=\"http:\/\/www.galiciamaxica.eu\/pontevedra\/playalanzada\/\"><img decoding=\"async\" class=\"aligncenter\" src=\"https:\/\/galiciamaxica.eu\/mini\/wp-content\/uploads\/2019\/10\/P1011451.jpg\" alt=\"\" width=\"768\" height=\"576\" \/><\/a><\/p>\n<p style=\"text-align: center;\">Para ver d\u00f3nde estamos a vista de p\u00e1jaro,\u00a0nos acercaremos a un mirador famoso<\/p>\n<p style=\"text-align: center;\">en el que tendr\u00e9is un\u00a0<strong><a href=\"http:\/\/adega.gal\/web\/media\/documentos\/C53-P52-53_O_centro_de_interpretacion_da_natureza_de_a_siredella.pdf\">Centro de interpretaci\u00f3n de la naturaleza\u00a0<\/a><\/strong><\/p>\n<p style=\"text-align: center;\"><img loading=\"lazy\" decoding=\"async\" src=\"https:\/\/galiciamaxica.eu\/mini\/wp-content\/uploads\/2019\/10\/siradella15.jpg\" alt=\"\" width=\"402\" height=\"268\" \/><\/p>\n<p style=\"text-align: center;\"><strong><a href=\"http:\/\/www.galiciamaxica.eu\/pontevedra\/comarca-do-salnes\/o-grove\/siradella\/\">A SIRADELLA<\/a><\/strong><\/p>\n<p style=\"text-align: center;\"><a href=\"http:\/\/www.galiciamaxica.eu\/pontevedra\/comarca-do-salnes\/o-grove\/siradella\/\"><img loading=\"lazy\" decoding=\"async\" class=\"aligncenter\" src=\"https:\/\/galiciamaxica.eu\/mini\/wp-content\/uploads\/2019\/10\/siradella27.jpg\" alt=\"\" width=\"720\" height=\"480\" \/><\/a><\/p>\n<p style=\"text-align: center;\">Desde aqu\u00ed, podr\u00e9is admirar el istmo de la Lanzada,\u00a0<span style=\"line-height: 1.5;\">con su enorme arenal y el complejo intermareal del Umia.<\/span><\/p>\n<p style=\"text-align: center;\">Tambi\u00e9n veremos la inmesidad del Oc\u00e9ano\u00a0<span style=\"line-height: 1.5;\">y las\u00a0<\/span><strong style=\"line-height: 1.5;\">ISLAS ONS<\/strong><\/p>\n<p style=\"text-align: center;\"><a href=\"http:\/\/www.galiciamaxica.eu\/pontevedra\/comarca-do-salnes\/o-grove\/siradella\/\"><img loading=\"lazy\" decoding=\"async\" class=\"aligncenter\" src=\"https:\/\/galiciamaxica.eu\/mini\/wp-content\/uploads\/2019\/10\/siradella11.jpg\" alt=\"\" width=\"720\" height=\"480\" \/><\/a><\/p>\n<p style=\"text-align: center;\">Estas\u00a0forman parte del <strong><a href=\"http:\/\/www.iatlanticas.es\/\">Parque Nacional de las Islas Atl\u00e1nticas<\/a>. <\/strong><\/p>\n<p style=\"text-align: center;\">En la esquina de la<strong> <a href=\"http:\/\/www.galiciamaxica.eu\/pontevedra\/playalanzada\/\">playa de\u00a0A\u00a0Lanzada<\/a><\/strong> observaremos su preciosa<strong>\u00a0<a href=\"http:\/\/www.galiciamaxica.eu\/pontevedra\/playalanzada\/\">Ermita<\/a>.<\/strong><\/p>\n<p style=\"text-align: center;\"><a href=\"http:\/\/www.galiciamaxica.eu\/pontevedra\/playalanzada\/\"><img loading=\"lazy\" decoding=\"async\" class=\"aligncenter\" src=\"https:\/\/galiciamaxica.eu\/mini\/wp-content\/uploads\/2019\/10\/1_100_9231.jpg\" alt=\"\" width=\"426\" height=\"319\" \/><\/a><\/p>\n<p style=\"text-align: center;\">No olvidemos que la pen\u00ednsula del Grove era, hasta no hace mucho,<strong> una isla.<\/strong><\/p>\n<p style=\"text-align: center;\">\u00a0La zona tambi\u00e9n dispone de\u00a0un \u00e1rea recreativa con mesas y parque infantil.<\/p>\n<p style=\"text-align: center;\">Continuamos el viaje porque muy cerca podremos disfrutar de<strong> otro mirador<\/strong> con unas maravillosas vistas del Oc\u00e9ano<\/p>\n<p style=\"text-align: center;\"><a href=\"http:\/\/www.galiciamaxica.eu\/pontevedra\/con-da-edra\/\">MIRADOR CON DA EDRA<\/a><\/p>\n<figure style=\"width: 912px\" class=\"wp-caption aligncenter\"><a href=\"http:\/\/www.galiciamaxica.eu\/pontevedra\/con-da-edra\/\"><img loading=\"lazy\" decoding=\"async\" class=\"\" src=\"https:\/\/galiciamaxica.eu\/mini\/wp-content\/uploads\/2019\/10\/100_9254.jpg\" alt=\"\" width=\"912\" height=\"684\" \/><\/a><figcaption class=\"wp-caption-text\"><strong><a href=\"http:\/\/www.galiciamaxica.eu\/pontevedra\/con-da-edra\/\">En la lejan\u00eda las Islas Ons y las C\u00edes<\/a><\/strong><\/figcaption><\/figure>\n<p style=\"text-align: center;\">Ahora nos toca pasear y por qu\u00e9 no, ba\u00f1arnos en una calita.<\/p>\n<p style=\"text-align: center;\"><strong>\u00bfVamos a RUTEAR?<\/strong><\/p>\n<p style=\"text-align: center;\"><strong>PASEO DE PUNTA MOREIRAS<\/strong><\/p>\n<p style=\"text-align: center;\">En una peque\u00f1a pen\u00ednsula ubicada muy cerca del \u00a0puerto y villa marinera de Meloxo. Os recomendamos visitarlo, ya que en \u00e9l tendr\u00e9is tres ingredientes m\u00e1gicos, un paseo con arte, una joya patrimonial antigua y rehabilitada, la salaz\u00f3n y un museo que har\u00e1 las delicias de los m\u00e1s peque\u00f1os y justo al lado de regalo para disfrutar de un entorno incre\u00edble, el acuario de O Grove.<\/p>\n<p style=\"text-align: center;\"><a href=\"http:\/\/www.galiciamaxica.eu\/pontevedra\/comarca-do-salnes\/o-grove\/punta-moreiras\/\"><img loading=\"lazy\" decoding=\"async\" class=\"aligncenter\" src=\"https:\/\/galiciamaxica.eu\/mini\/wp-content\/uploads\/2019\/10\/img_5d9b7456889a0.jpg\" alt=\"\" width=\"449\" height=\"299\" \/><\/a><\/p>\n<p style=\"text-align: center;\"><img loading=\"lazy\" decoding=\"async\" class=\"aligncenter\" src=\"https:\/\/galiciamaxica.eu\/mini\/wp-content\/uploads\/2019\/10\/img_5d9b7457bef96.jpg\" alt=\"\" width=\"1423\" height=\"949\" \/><\/p>\n<p style=\"text-align: center;\"><strong><a href=\"http:\/\/www.galiciamaxica.eu\/pontevedra\/pedrasnedras\/\">EL PASEO DE PEDRAS NEGRAS<\/a><\/strong><\/p>\n<p style=\"text-align: center;\"><a href=\"http:\/\/www.galiciamaxica.eu\/pontevedra\/pedrasnedras\/\"><img loading=\"lazy\" decoding=\"async\" class=\"aligncenter\" src=\"https:\/\/galiciamaxica.eu\/mini\/wp-content\/uploads\/2019\/10\/100_0307.jpg\" alt=\"\" width=\"640\" height=\"480\" \/><\/a><\/p>\n<p style=\"text-align: center;\"><a href=\"http:\/\/www.galiciamaxica.eu\/pontevedra\/pedrasnedras\/\"><img loading=\"lazy\" decoding=\"async\" class=\"aligncenter\" src=\"https:\/\/galiciamaxica.eu\/mini\/wp-content\/uploads\/2019\/10\/100_0294.jpg\" alt=\"\" width=\"1024\" height=\"768\" \/><\/a><\/p>\n<p style=\"text-align: center;\">Un verdadero lujo para los sentidos, ya que aqu\u00ed la naturaleza de la costa manda y el paseo s\u00f3lo se deja llevar.<\/p>\n<p style=\"text-align: center;\">Bancos y las mejores vistas para sentarse en familia, respira aire puro y dejate llevar por las emociones<\/p>\n<p style=\"text-align: center;\"><img loading=\"lazy\" decoding=\"async\" class=\"aligncenter\" src=\"https:\/\/galiciamaxica.eu\/mini\/wp-content\/uploads\/2019\/10\/100_0350.jpg\" alt=\"\" width=\"288\" height=\"216\" \/><\/p>\n<p style=\"text-align: center;\">y hasta calitas,\u00a0<span style=\"line-height: 1.5;\">en las que refrescarse un d\u00eda de calor.<\/span><\/p>\n<p style=\"text-align: center;\"><a href=\"http:\/\/www.galiciamaxica.eu\/pontevedra\/pedrasnedras\/\"><img loading=\"lazy\" decoding=\"async\" class=\"aligncenter\" src=\"https:\/\/galiciamaxica.eu\/mini\/wp-content\/uploads\/2019\/10\/100_0344.jpg\" alt=\"\" width=\"640\" height=\"480\" \/><\/a><\/p>\n<p style=\"text-align: center;\">A los ni\u00f1os les encantar\u00e1 imaginarse caminando por un mar de rocas o quiz\u00e1s sali\u00e9ndose del\u00a0paseo para escalar o saltarlas.<\/p>\n<p style=\"text-align: center;\">Un lugar que da mucho juego y nos encantar\u00e1 tanto a mayores como a peque\u00f1os.<\/p>\n<p style=\"text-align: center;\"><a href=\"http:\/\/www.galiciamaxica.eu\/pontevedra\/pedrasnedras\/\"><img loading=\"lazy\" decoding=\"async\" class=\"aligncenter\" src=\"https:\/\/galiciamaxica.eu\/mini\/wp-content\/uploads\/2019\/10\/100_0383.jpg\" alt=\"\" width=\"456\" height=\"342\" \/><\/a><\/p>\n<p style=\"text-align: center;\">Ahora toca patrimonio porque vamos a descubrir una <strong><a href=\"https:\/\/es.wikipedia.org\/wiki\/Necr%C3%B3polis\">Necr\u00f3polis<\/a><\/strong><\/p>\n<p style=\"text-align: center;\"><a href=\"http:\/\/www.galiciamaxica.eu\/pontevedra\/comarca-do-salnes\/o-grove\/adrovello\/\"><img loading=\"lazy\" decoding=\"async\" class=\"aligncenter\" src=\"https:\/\/galiciamaxica.eu\/mini\/wp-content\/uploads\/2019\/10\/100_9318.jpg\" alt=\"\" width=\"288\" height=\"216\" \/><\/a><\/p>\n<p style=\"text-align: center;\"><strong><a href=\"http:\/\/www.galiciamaxica.eu\/pontevedra\/comarca-do-salnes\/o-grove\/adrovello\/\">LA NECR\u00d3POLIS DO ADRO VELLO<\/a><\/strong><\/p>\n<p style=\"text-align: center;\">La cronolog\u00eda de este asentamiento romano se puede datar sobre los siglos III y IV d.C. en \u00e9l\u00a0se aprecian muros, canalizaciones, calzadas y diversos concheiros.<\/p>\n<p style=\"text-align: center;\"><span style=\"line-height: 1.5;\">Adem\u00e1s \u00a0los cimientos de una iglesia visig\u00f3tica del siglo VI o VII.\u00a0<\/span><\/p>\n<p style=\"text-align: center;\"><a href=\"http:\/\/www.galiciamaxica.eu\/pontevedra\/comarca-do-salnes\/o-grove\/adrovello\/\"><img loading=\"lazy\" decoding=\"async\" class=\"aligncenter\" src=\"https:\/\/galiciamaxica.eu\/mini\/wp-content\/uploads\/2019\/10\/100_9336.jpg\" alt=\"\" width=\"863\" height=\"647\" \/><\/a><\/p>\n<p style=\"text-align: center;\">Aqu\u00ed podr\u00e9is contemplar las construcciones\u00a0de varias \u00e9pocas hist\u00f3ricas. Se pueden distinguen restos de hace 2000 a\u00f1os.<\/p>\n<p style=\"text-align: center;\"><strong>Y Al lado, esta maravillosa playa,\u00a0<\/strong><strong><a href=\"http:\/\/www.galiciamaxica.eu\/categorias\/playas\">ser\u00e1 por playas<\/a><\/strong><\/p>\n<p style=\"text-align: center;\"><a href=\"http:\/\/www.galiciamaxica.eu\/pontevedra\/comarca-do-salnes\/o-grove\/adrovello\/\"><img loading=\"lazy\" decoding=\"async\" class=\"aligncenter\" src=\"https:\/\/galiciamaxica.eu\/mini\/wp-content\/uploads\/2019\/10\/100_9316.jpg\" alt=\"\" width=\"516\" height=\"387\" \/><\/a><\/p>\n<p style=\"text-align: center;\">Y si a\u00fan os queda tiempo,\u00a0<span style=\"line-height: 1.5;\">os pod\u00e9is acercar a una de las iglesias m\u00e1s conocidas,<\/span><\/p>\n<p style=\"text-align: center;\">est\u00e1 recubierta completamente por conchas\u00a0y de paso conocer\u00e9is<\/p>\n<p style=\"text-align: center;\"><strong>la Isla de A TOXA.<\/strong><\/p>\n<p style=\"text-align: center;\"><a href=\"http:\/\/www.galiciamaxica.eu\/pontevedra\/a-lanzada\/\"><img loading=\"lazy\" decoding=\"async\" class=\"aligncenter\" src=\"https:\/\/galiciamaxica.eu\/mini\/wp-content\/uploads\/2019\/10\/100_9351.jpg\" alt=\"\" width=\"288\" height=\"216\" \/><\/a><\/p>\n<p style=\"text-align: center;\"><strong><a href=\"http:\/\/www.galiciamaxica.eu\/pontevedra\/a-lanzada\/\">ERMITA DA TOXA<\/a>\u00a0<\/strong><\/p>\n<p style=\"text-align: center;\"><strong>tambi\u00e9n conocida como la<\/strong>\u00a0<strong>Iglesia de las Conchas o de San Sebasti\u00e1n<\/strong><\/p>\n<p style=\"text-align: center;\"><a href=\"http:\/\/www.galiciamaxica.eu\/pontevedra\/a-lanzada\/\"><img loading=\"lazy\" decoding=\"async\" class=\"aligncenter\" src=\"https:\/\/galiciamaxica.eu\/mini\/wp-content\/uploads\/2019\/10\/100_9367.jpg\" alt=\"\" width=\"849\" height=\"637\" \/><\/a><\/p>\n<p style=\"text-align: center;\">Ah y ya que est\u00e1is en la Isla,<\/p>\n<p style=\"text-align: center;\">os pod\u00e9is acercar a un parque reci\u00e9n estrenado y que ha tenido una gran aceptaci\u00f3n\u00a0<strong style=\"line-height: 1.5;\"><a href=\"https:\/\/www.facebook.com\/ParquesSegurosVigoyAlrededores?fref=photo\">entre los m\u00e1s peques<\/a>\u00a0<\/strong><\/p>\n<p style=\"text-align: center;\"><strong><a href=\"https:\/\/www.facebook.com\/ParquesSegurosVigoyAlrededores?fref=photo\">LA ALDEA GROBIT<\/a><\/strong><\/p>\n<figure style=\"width: 616px\" class=\"wp-caption aligncenter\"><a href=\"https:\/\/twitter.com\/Bea_sotelo\"><img loading=\"lazy\" decoding=\"async\" src=\"https:\/\/galiciamaxica.eu\/mini\/wp-content\/uploads\/2019\/10\/img_5d9b74605b8af.jpg\" alt=\"\" width=\"616\" height=\"463\" \/><\/a><figcaption class=\"wp-caption-text\"><strong><a href=\"https:\/\/twitter.com\/Bea_sotelo\">Foto de Beatriz Sotelo<\/a><\/strong><\/figcaption><\/figure>\n<p style=\"text-align: center;\"><strong>Y A QUI\u00c9N LE INTERESE\u00a0<\/strong><\/p>\n<p style=\"text-align: center;\">Aqu\u00ed no se\u00a0olvidan de los que tenemos esos compa\u00f1eros especiales porque<\/p>\n<p style=\"text-align: center;\">para la otra parte importante de la familia,<\/p>\n<p style=\"text-align: center;\">aqu\u00ed en O\u00a0GROVE<\/p>\n<p style=\"text-align: center;\">aqu\u00ed nuestras perros\u00a0<strong>tienen muchas playitas para ellos<\/strong><\/p>\n<p style=\"text-align: center;\">Y ya que estamos en la\u00a0<strong>Isla da TOXA <\/strong><\/p>\n<p style=\"text-align: center;\"><strong>aprovechamos\u00a0<\/strong><\/p>\n<p style=\"text-align: center;\"><strong>PLAYA\u00a0y \u00a0PARQUE AGILITY<\/strong><\/p>\n<p style=\"text-align: center;\"><img loading=\"lazy\" decoding=\"async\" class=\"aligncenter\" src=\"https:\/\/galiciamaxica.eu\/mini\/wp-content\/uploads\/2019\/10\/canina_toxa_2.jpg\" alt=\"\" width=\"716\" height=\"540\" \/><\/p>\n<p style=\"text-align: center;\"><em><strong><span style=\"line-height: 1.5;\">\u00a0Porque ellos tambi\u00e9n cuentan y necesitan sus espacios!<\/span><\/strong><\/em><\/p>\n<p><iframe src=\"https:\/\/www.youtube.com\/embed\/X7nMEQLkBC8\" width=\"853\" height=\"480\" frameborder=\"0\" allowfullscreen=\"allowfullscreen\"><\/iframe><\/p>\n","protected":false},"excerpt":{"rendered":"<p>Ya nos fuimos de\u00a0SANXENXO\u00a0y continuamos nuestro viaje por tierras donde el mar esculpe paisajes y la naturaleza gallega sabe a mar. Hoy visitaremos en familia O GROVE Vamos a disfrutar un poquito m\u00e1s de la playa de A Lanzada porque en a\u00fan nos queda mucho que ver de sus dos Kilometros de arena y diversi\u00f3n\u2026 [&hellip;]<\/p>\n","protected":false},"author":1,"featured_media":1105,"comment_status":"open","ping_status":"open","sticky":false,"template":"","format":"standard","meta":{"_eb_attr":"","site-sidebar-layout":"default","site-content-layout":"","ast-site-content-layout":"","site-content-style":"default","site-sidebar-style":"default","ast-global-header-display":"","ast-banner-title-visibility":"","ast-main-header-display":"","ast-hfb-above-header-display":"","ast-hfb-below-header-display":"","ast-hfb-mobile-header-display":"","site-post-title":"","ast-breadcrumbs-content":"","ast-featured-img":"","footer-sml-layout":"","theme-transparent-header-meta":"","adv-header-id-meta":"","stick-header-meta":"","header-above-stick-meta":"","header-main-stick-meta":"","header-below-stick-meta":"","astra-migrate-meta-layouts":"default","ast-page-background-enabled":"default","ast-page-background-meta":{"desktop":{"background-color":"","background-image":"","background-repeat":"repeat","background-position":"center center","background-size":"auto","background-attachment":"scroll","background-type":"","background-media":"","overlay-type":"","overlay-color":"","overlay-opacity":"","overlay-gradient":""},"tablet":{"background-color":"","background-image":"","background-repeat":"repeat","background-position":"center center","background-size":"auto","background-attachment":"scroll","background-type":"","background-media":"","overlay-type":"","overlay-color":"","overlay-opacity":"","overlay-gradient":""},"mobile":{"background-color":"","background-image":"","background-repeat":"repeat","background-position":"center center","background-size":"auto","background-attachment":"scroll","background-type":"","background-media":"","overlay-type":"","overlay-color":"","overlay-opacity":"","overlay-gradient":""}},"ast-content-background-meta":{"desktop":{"background-color":"var(--ast-global-color-5)","background-image":"","background-repeat":"repeat","background-position":"center center","background-size":"auto","background-attachment":"scroll","background-type":"","background-media":"","overlay-type":"","overlay-color":"","overlay-opacity":"","overlay-gradient":""},"tablet":{"background-color":"var(--ast-global-color-5)","background-image":"","background-repeat":"repeat","background-position":"center center","background-size":"auto","background-attachment":"scroll","background-type":"","background-media":"","overlay-type":"","overlay-color":"","overlay-opacity":"","overlay-gradient":""},"mobile":{"background-color":"var(--ast-global-color-5)","background-image":"","background-repeat":"repeat","background-position":"center center","background-size":"auto","background-attachment":"scroll","background-type":"","background-media":"","overlay-type":"","overlay-color":"","overlay-opacity":"","overlay-gradient":""}},"footnotes":""},"categories":[15,48],"tags":[6,234,232,27,233,216,8,25,37,231,229,36,117,118,55,20,235,2,227,230,16,145,52,23,146,228,4,7,3],"class_list":["post-1103","post","type-post","status-publish","format-standard","has-post-thumbnail","hentry","category-lugares","category-pontevedra","tag-actividades","tag-adro-vello","tag-aldea","tag-bosque","tag-conchas","tag-ermita","tag-findesemana","tag-galicia","tag-galiciamaxica","tag-grobit","tag-lanzada","tag-lugares","tag-mirador","tag-monte","tag-natural","tag-naturaleza","tag-necropolis","tag-ninos","tag-o-grove","tag-ons","tag-parque","tag-pequenos","tag-playa","tag-pontevedra","tag-quehacer","tag-siradella","tag-tiempo","tag-vacaciones","tag-viajes"],"yoast_head":"<!-- This site is optimized with the Yoast SEO plugin v24.9 - https:\/\/yoast.com\/wordpress\/plugins\/seo\/ -->\n<title>Hoy O GROVE - Galicia con ni\u00f1os | GALICIA M\u00c1XICA<\/title>\n<meta name=\"robots\" content=\"index, follow, max-snippet:-1, max-image-preview:large, max-video-preview:-1\" \/>\n<link rel=\"canonical\" href=\"https:\/\/www.galiciamaxica.eu\/mini\/hoy-o-grove\/\" \/>\n<meta property=\"og:locale\" content=\"es_ES\" \/>\n<meta property=\"og:type\" content=\"article\" \/>\n<meta property=\"og:title\" content=\"Hoy O GROVE - Galicia con ni\u00f1os | GALICIA M\u00c1XICA\" \/>\n<meta property=\"og:description\" content=\"Ya nos fuimos de\u00a0SANXENXO\u00a0y continuamos nuestro viaje por tierras donde el mar esculpe paisajes y la naturaleza gallega sabe a mar. Hoy visitaremos en familia O GROVE Vamos a disfrutar un poquito m\u00e1s de la playa de A Lanzada porque en a\u00fan nos queda mucho que ver de sus dos Kilometros de arena y diversi\u00f3n\u2026 [&hellip;]\" \/>\n<meta property=\"og:url\" content=\"https:\/\/www.galiciamaxica.eu\/mini\/hoy-o-grove\/\" \/>\n<meta property=\"og:site_name\" content=\"Galicia con ni\u00f1os | GALICIA M\u00c1XICA\" \/>\n<meta property=\"article:publisher\" content=\"https:\/\/www.facebook.com\/maria.rodriguezserantes\" \/>\n<meta property=\"article:author\" content=\"https:\/\/www.facebook.com\/maria.rodriguezserantes\" \/>\n<meta property=\"article:published_time\" content=\"2016-06-29T19:15:59+00:00\" \/>\n<meta property=\"article:modified_time\" content=\"2026-03-29T19:55:51+00:00\" \/>\n<meta property=\"og:image\" content=\"https:\/\/www.galiciamaxica.eu\/mini\/wp-content\/uploads\/2015\/08\/100_0294.jpg\" \/>\n\t<meta property=\"og:image:width\" content=\"1024\" \/>\n\t<meta property=\"og:image:height\" content=\"768\" \/>\n\t<meta property=\"og:image:type\" content=\"image\/jpeg\" \/>\n<meta name=\"author\" content=\"seseixa\" \/>\n<meta name=\"twitter:card\" content=\"summary_large_image\" \/>\n<meta name=\"twitter:creator\" content=\"@seseixa\" \/>\n<meta name=\"twitter:site\" content=\"@seseixa\" \/>\n<meta name=\"twitter:label1\" content=\"Escrito por\" \/>\n\t<meta name=\"twitter:data1\" content=\"seseixa\" \/>\n\t<meta name=\"twitter:label2\" content=\"Tiempo de lectura\" \/>\n\t<meta name=\"twitter:data2\" content=\"3 minutos\" \/>\n<script type=\"application\/ld+json\" class=\"yoast-schema-graph\">{\"@context\":\"https:\/\/schema.org\",\"@graph\":[{\"@type\":\"Article\",\"@id\":\"https:\/\/www.galiciamaxica.eu\/mini\/hoy-o-grove\/#article\",\"isPartOf\":{\"@id\":\"https:\/\/www.galiciamaxica.eu\/mini\/hoy-o-grove\/\"},\"author\":{\"name\":\"seseixa\",\"@id\":\"https:\/\/www.galiciamaxica.eu\/mini\/#\/schema\/person\/2b284fe2fd911000a48d2e8936300179\"},\"headline\":\"Hoy O GROVE\",\"datePublished\":\"2016-06-29T19:15:59+00:00\",\"dateModified\":\"2026-03-29T19:55:51+00:00\",\"mainEntityOfPage\":{\"@id\":\"https:\/\/www.galiciamaxica.eu\/mini\/hoy-o-grove\/\"},\"wordCount\":693,\"commentCount\":3,\"publisher\":{\"@id\":\"https:\/\/www.galiciamaxica.eu\/mini\/#\/schema\/person\/2b284fe2fd911000a48d2e8936300179\"},\"image\":{\"@id\":\"https:\/\/www.galiciamaxica.eu\/mini\/hoy-o-grove\/#primaryimage\"},\"thumbnailUrl\":\"https:\/\/www.galiciamaxica.eu\/mini\/wp-content\/uploads\/2015\/08\/100_0294.jpg\",\"keywords\":[\"actividades\",\"adro vello\",\"aldea\",\"bosque\",\"conchas\",\"ermita\",\"findesemana\",\"Galicia\",\"galiciamaxica\",\"grobit\",\"lanzada\",\"lugares\",\"MIRADOR\",\"MONTE\",\"natural\",\"naturaleza\",\"necr\u00f3polis\",\"ni\u00f1os\",\"o grove\",\"ons\",\"parque\",\"peque\u00f1os\",\"playa\",\"pontevedra\",\"quehacer\",\"siradella\",\"tiempo\",\"vacaciones\",\"viajes\"],\"articleSection\":[\"LUGARES\",\"PONTEVEDRA\"],\"inLanguage\":\"es\",\"potentialAction\":[{\"@type\":\"CommentAction\",\"name\":\"Comment\",\"target\":[\"https:\/\/www.galiciamaxica.eu\/mini\/hoy-o-grove\/#respond\"]}]},{\"@type\":\"WebPage\",\"@id\":\"https:\/\/www.galiciamaxica.eu\/mini\/hoy-o-grove\/\",\"url\":\"https:\/\/www.galiciamaxica.eu\/mini\/hoy-o-grove\/\",\"name\":\"Hoy O GROVE - Galicia con ni\u00f1os | GALICIA M\u00c1XICA\",\"isPartOf\":{\"@id\":\"https:\/\/www.galiciamaxica.eu\/mini\/#website\"},\"primaryImageOfPage\":{\"@id\":\"https:\/\/www.galiciamaxica.eu\/mini\/hoy-o-grove\/#primaryimage\"},\"image\":{\"@id\":\"https:\/\/www.galiciamaxica.eu\/mini\/hoy-o-grove\/#primaryimage\"},\"thumbnailUrl\":\"https:\/\/www.galiciamaxica.eu\/mini\/wp-content\/uploads\/2015\/08\/100_0294.jpg\",\"datePublished\":\"2016-06-29T19:15:59+00:00\",\"dateModified\":\"2026-03-29T19:55:51+00:00\",\"breadcrumb\":{\"@id\":\"https:\/\/www.galiciamaxica.eu\/mini\/hoy-o-grove\/#breadcrumb\"},\"inLanguage\":\"es\",\"potentialAction\":[{\"@type\":\"ReadAction\",\"target\":[\"https:\/\/www.galiciamaxica.eu\/mini\/hoy-o-grove\/\"]}]},{\"@type\":\"ImageObject\",\"inLanguage\":\"es\",\"@id\":\"https:\/\/www.galiciamaxica.eu\/mini\/hoy-o-grove\/#primaryimage\",\"url\":\"https:\/\/www.galiciamaxica.eu\/mini\/wp-content\/uploads\/2015\/08\/100_0294.jpg\",\"contentUrl\":\"https:\/\/www.galiciamaxica.eu\/mini\/wp-content\/uploads\/2015\/08\/100_0294.jpg\",\"width\":1024,\"height\":768,\"caption\":\"100_0294\"},{\"@type\":\"BreadcrumbList\",\"@id\":\"https:\/\/www.galiciamaxica.eu\/mini\/hoy-o-grove\/#breadcrumb\",\"itemListElement\":[{\"@type\":\"ListItem\",\"position\":1,\"name\":\"Portada\",\"item\":\"https:\/\/www.galiciamaxica.eu\/mini\/\"},{\"@type\":\"ListItem\",\"position\":2,\"name\":\"Hoy O GROVE\"}]},{\"@type\":\"WebSite\",\"@id\":\"https:\/\/www.galiciamaxica.eu\/mini\/#website\",\"url\":\"https:\/\/www.galiciamaxica.eu\/mini\/\",\"name\":\"Galicia con ni\u00f1os | GALICIA M\u00c1XICA\",\"description\":\"Qu\u00e9 hacer con ni\u00f1os en Galicia\",\"publisher\":{\"@id\":\"https:\/\/www.galiciamaxica.eu\/mini\/#\/schema\/person\/2b284fe2fd911000a48d2e8936300179\"},\"potentialAction\":[{\"@type\":\"SearchAction\",\"target\":{\"@type\":\"EntryPoint\",\"urlTemplate\":\"https:\/\/www.galiciamaxica.eu\/mini\/?s={search_term_string}\"},\"query-input\":{\"@type\":\"PropertyValueSpecification\",\"valueRequired\":true,\"valueName\":\"search_term_string\"}}],\"inLanguage\":\"es\"},{\"@type\":[\"Person\",\"Organization\"],\"@id\":\"https:\/\/www.galiciamaxica.eu\/mini\/#\/schema\/person\/2b284fe2fd911000a48d2e8936300179\",\"name\":\"seseixa\",\"image\":{\"@type\":\"ImageObject\",\"inLanguage\":\"es\",\"@id\":\"https:\/\/www.galiciamaxica.eu\/mini\/#\/schema\/person\/image\/\",\"url\":\"https:\/\/www.galiciamaxica.eu\/mini\/wp-content\/uploads\/2019\/02\/seseixa.png\",\"contentUrl\":\"https:\/\/www.galiciamaxica.eu\/mini\/wp-content\/uploads\/2019\/02\/seseixa.png\",\"width\":100,\"height\":100,\"caption\":\"seseixa\"},\"logo\":{\"@id\":\"https:\/\/www.galiciamaxica.eu\/mini\/#\/schema\/person\/image\/\"},\"description\":\"En la actualidad combinando dos proyectos que me apasionan, Galicia y los ni\u00f1os. Tengo mucho que aportar y otro tanto que aprender, as\u00ed como, el tiempo y el coraz\u00f3n, dividido en todo momento. Soy mam\u00e1, un titulo otorgado a tiempo completo, compa\u00f1era y amiga, a todas horas, familiar y cercana, siempre. De esp\u00edritu inquieto, soy una eterna ni\u00f1a que juega en el pa\u00eds de las maravillas. Una enamorada de mi tierra, por la que trabajo sin descanso. Creo en la infancia como motor que cambiar\u00e1 el mundo a mejor y busco en mi vida la felicidad como estado permanente porque s\u00f3lo se vive una vez.\",\"sameAs\":[\"http:\/\/mini.galiciamaxica.eu\/\",\"https:\/\/www.facebook.com\/maria.rodriguezserantes\",\"https:\/\/x.com\/seseixa\"],\"url\":\"https:\/\/www.galiciamaxica.eu\/mini\/author\/seseixa\/\"}]}<\/script>\n<!-- \/ Yoast SEO plugin. -->","yoast_head_json":{"title":"Hoy O GROVE - Galicia con ni\u00f1os | GALICIA M\u00c1XICA","robots":{"index":"index","follow":"follow","max-snippet":"max-snippet:-1","max-image-preview":"max-image-preview:large","max-video-preview":"max-video-preview:-1"},"canonical":"https:\/\/www.galiciamaxica.eu\/mini\/hoy-o-grove\/","og_locale":"es_ES","og_type":"article","og_title":"Hoy O GROVE - Galicia con ni\u00f1os | GALICIA M\u00c1XICA","og_description":"Ya nos fuimos de\u00a0SANXENXO\u00a0y continuamos nuestro viaje por tierras donde el mar esculpe paisajes y la naturaleza gallega sabe a mar. Hoy visitaremos en familia O GROVE Vamos a disfrutar un poquito m\u00e1s de la playa de A Lanzada porque en a\u00fan nos queda mucho que ver de sus dos Kilometros de arena y diversi\u00f3n\u2026 [&hellip;]","og_url":"https:\/\/www.galiciamaxica.eu\/mini\/hoy-o-grove\/","og_site_name":"Galicia con ni\u00f1os | GALICIA M\u00c1XICA","article_publisher":"https:\/\/www.facebook.com\/maria.rodriguezserantes","article_author":"https:\/\/www.facebook.com\/maria.rodriguezserantes","article_published_time":"2016-06-29T19:15:59+00:00","article_modified_time":"2026-03-29T19:55:51+00:00","og_image":[{"width":1024,"height":768,"url":"https:\/\/www.galiciamaxica.eu\/mini\/wp-content\/uploads\/2015\/08\/100_0294.jpg","type":"image\/jpeg"}],"author":"seseixa","twitter_card":"summary_large_image","twitter_creator":"@seseixa","twitter_site":"@seseixa","twitter_misc":{"Escrito por":"seseixa","Tiempo de lectura":"3 minutos"},"schema":{"@context":"https:\/\/schema.org","@graph":[{"@type":"Article","@id":"https:\/\/www.galiciamaxica.eu\/mini\/hoy-o-grove\/#article","isPartOf":{"@id":"https:\/\/www.galiciamaxica.eu\/mini\/hoy-o-grove\/"},"author":{"name":"seseixa","@id":"https:\/\/www.galiciamaxica.eu\/mini\/#\/schema\/person\/2b284fe2fd911000a48d2e8936300179"},"headline":"Hoy O GROVE","datePublished":"2016-06-29T19:15:59+00:00","dateModified":"2026-03-29T19:55:51+00:00","mainEntityOfPage":{"@id":"https:\/\/www.galiciamaxica.eu\/mini\/hoy-o-grove\/"},"wordCount":693,"commentCount":3,"publisher":{"@id":"https:\/\/www.galiciamaxica.eu\/mini\/#\/schema\/person\/2b284fe2fd911000a48d2e8936300179"},"image":{"@id":"https:\/\/www.galiciamaxica.eu\/mini\/hoy-o-grove\/#primaryimage"},"thumbnailUrl":"https:\/\/www.galiciamaxica.eu\/mini\/wp-content\/uploads\/2015\/08\/100_0294.jpg","keywords":["actividades","adro vello","aldea","bosque","conchas","ermita","findesemana","Galicia","galiciamaxica","grobit","lanzada","lugares","MIRADOR","MONTE","natural","naturaleza","necr\u00f3polis","ni\u00f1os","o grove","ons","parque","peque\u00f1os","playa","pontevedra","quehacer","siradella","tiempo","vacaciones","viajes"],"articleSection":["LUGARES","PONTEVEDRA"],"inLanguage":"es","potentialAction":[{"@type":"CommentAction","name":"Comment","target":["https:\/\/www.galiciamaxica.eu\/mini\/hoy-o-grove\/#respond"]}]},{"@type":"WebPage","@id":"https:\/\/www.galiciamaxica.eu\/mini\/hoy-o-grove\/","url":"https:\/\/www.galiciamaxica.eu\/mini\/hoy-o-grove\/","name":"Hoy O GROVE - Galicia con ni\u00f1os | GALICIA M\u00c1XICA","isPartOf":{"@id":"https:\/\/www.galiciamaxica.eu\/mini\/#website"},"primaryImageOfPage":{"@id":"https:\/\/www.galiciamaxica.eu\/mini\/hoy-o-grove\/#primaryimage"},"image":{"@id":"https:\/\/www.galiciamaxica.eu\/mini\/hoy-o-grove\/#primaryimage"},"thumbnailUrl":"https:\/\/www.galiciamaxica.eu\/mini\/wp-content\/uploads\/2015\/08\/100_0294.jpg","datePublished":"2016-06-29T19:15:59+00:00","dateModified":"2026-03-29T19:55:51+00:00","breadcrumb":{"@id":"https:\/\/www.galiciamaxica.eu\/mini\/hoy-o-grove\/#breadcrumb"},"inLanguage":"es","potentialAction":[{"@type":"ReadAction","target":["https:\/\/www.galiciamaxica.eu\/mini\/hoy-o-grove\/"]}]},{"@type":"ImageObject","inLanguage":"es","@id":"https:\/\/www.galiciamaxica.eu\/mini\/hoy-o-grove\/#primaryimage","url":"https:\/\/www.galiciamaxica.eu\/mini\/wp-content\/uploads\/2015\/08\/100_0294.jpg","contentUrl":"https:\/\/www.galiciamaxica.eu\/mini\/wp-content\/uploads\/2015\/08\/100_0294.jpg","width":1024,"height":768,"caption":"100_0294"},{"@type":"BreadcrumbList","@id":"https:\/\/www.galiciamaxica.eu\/mini\/hoy-o-grove\/#breadcrumb","itemListElement":[{"@type":"ListItem","position":1,"name":"Portada","item":"https:\/\/www.galiciamaxica.eu\/mini\/"},{"@type":"ListItem","position":2,"name":"Hoy O GROVE"}]},{"@type":"WebSite","@id":"https:\/\/www.galiciamaxica.eu\/mini\/#website","url":"https:\/\/www.galiciamaxica.eu\/mini\/","name":"Galicia con ni\u00f1os | GALICIA M\u00c1XICA","description":"Qu\u00e9 hacer con ni\u00f1os en Galicia","publisher":{"@id":"https:\/\/www.galiciamaxica.eu\/mini\/#\/schema\/person\/2b284fe2fd911000a48d2e8936300179"},"potentialAction":[{"@type":"SearchAction","target":{"@type":"EntryPoint","urlTemplate":"https:\/\/www.galiciamaxica.eu\/mini\/?s={search_term_string}"},"query-input":{"@type":"PropertyValueSpecification","valueRequired":true,"valueName":"search_term_string"}}],"inLanguage":"es"},{"@type":["Person","Organization"],"@id":"https:\/\/www.galiciamaxica.eu\/mini\/#\/schema\/person\/2b284fe2fd911000a48d2e8936300179","name":"seseixa","image":{"@type":"ImageObject","inLanguage":"es","@id":"https:\/\/www.galiciamaxica.eu\/mini\/#\/schema\/person\/image\/","url":"https:\/\/www.galiciamaxica.eu\/mini\/wp-content\/uploads\/2019\/02\/seseixa.png","contentUrl":"https:\/\/www.galiciamaxica.eu\/mini\/wp-content\/uploads\/2019\/02\/seseixa.png","width":100,"height":100,"caption":"seseixa"},"logo":{"@id":"https:\/\/www.galiciamaxica.eu\/mini\/#\/schema\/person\/image\/"},"description":"En la actualidad combinando dos proyectos que me apasionan, Galicia y los ni\u00f1os. Tengo mucho que aportar y otro tanto que aprender, as\u00ed como, el tiempo y el coraz\u00f3n, dividido en todo momento. Soy mam\u00e1, un titulo otorgado a tiempo completo, compa\u00f1era y amiga, a todas horas, familiar y cercana, siempre. De esp\u00edritu inquieto, soy una eterna ni\u00f1a que juega en el pa\u00eds de las maravillas. Una enamorada de mi tierra, por la que trabajo sin descanso. Creo en la infancia como motor que cambiar\u00e1 el mundo a mejor y busco en mi vida la felicidad como estado permanente porque s\u00f3lo se vive una vez.","sameAs":["http:\/\/mini.galiciamaxica.eu\/","https:\/\/www.facebook.com\/maria.rodriguezserantes","https:\/\/x.com\/seseixa"],"url":"https:\/\/www.galiciamaxica.eu\/mini\/author\/seseixa\/"}]}},"amp_enabled":true,"post_mailing_queue_ids":[],"_links":{"self":[{"href":"https:\/\/www.galiciamaxica.eu\/mini\/wp-json\/wp\/v2\/posts\/1103"}],"collection":[{"href":"https:\/\/www.galiciamaxica.eu\/mini\/wp-json\/wp\/v2\/posts"}],"about":[{"href":"https:\/\/www.galiciamaxica.eu\/mini\/wp-json\/wp\/v2\/types\/post"}],"author":[{"embeddable":true,"href":"https:\/\/www.galiciamaxica.eu\/mini\/wp-json\/wp\/v2\/users\/1"}],"replies":[{"embeddable":true,"href":"https:\/\/www.galiciamaxica.eu\/mini\/wp-json\/wp\/v2\/comments?post=1103"}],"version-history":[{"count":4,"href":"https:\/\/www.galiciamaxica.eu\/mini\/wp-json\/wp\/v2\/posts\/1103\/revisions"}],"predecessor-version":[{"id":22726,"href":"https:\/\/www.galiciamaxica.eu\/mini\/wp-json\/wp\/v2\/posts\/1103\/revisions\/22726"}],"wp:featuredmedia":[{"embeddable":true,"href":"https:\/\/www.galiciamaxica.eu\/mini\/wp-json\/wp\/v2\/media\/1105"}],"wp:attachment":[{"href":"https:\/\/www.galiciamaxica.eu\/mini\/wp-json\/wp\/v2\/media?parent=1103"}],"wp:term":[{"taxonomy":"category","embeddable":true,"href":"https:\/\/www.galiciamaxica.eu\/mini\/wp-json\/wp\/v2\/categories?post=1103"},{"taxonomy":"post_tag","embeddable":true,"href":"https:\/\/www.galiciamaxica.eu\/mini\/wp-json\/wp\/v2\/tags?post=1103"}],"curies":[{"name":"wp","href":"https:\/\/api.w.org\/{rel}","templated":true}]}}