{"id":10758,"date":"2019-03-29T10:44:07","date_gmt":"2019-03-29T09:44:07","guid":{"rendered":"https:\/\/www.galiciamaxica.eu\/mini\/?p=10758"},"modified":"2024-08-13T19:40:40","modified_gmt":"2024-08-13T17:40:40","slug":"arbo-maxico","status":"publish","type":"post","link":"https:\/\/www.galiciamaxica.eu\/mini\/arbo-maxico\/","title":{"rendered":"Arbo M\u00e1xico"},"content":{"rendered":"\n<p>Arbo esconde tesoros patrimoniales y naturales infinitos para que vivir un fant\u00e1stico d\u00eda en familia sea sencillo. Cuenta con senderos, miradores (uno<a href=\"https:\/\/www.galiciamaxica.eu\/blog\/hilando-el-saboresdearbo\/\"> reci\u00e9n estrenado<\/a>), puentes con historia,  playas fluviales (anota para verano), fervenzas, molinos, aldeas abandonadas, ermitas, museo\u2026 y as\u00ed un largo etc que os resumir\u00e9 en este mapa con nuestros sitios recomendados.  Antes de nada, he de hacer referencia a que es <a href=\"https:\/\/www.galiciamaxica.eu\/blog\/siete-excelentes-formas-culinarias-de-comer-lamprea-en-arbo\/\">la capital mundial de la lamprea<\/a> y que en ella se celebra<strong><a href=\"http:\/\/www.concellodearbo.es\/eportal\/portal\/index.php?id_seccion=35\"> la fiesta gastron\u00f3mica m\u00e1s antigua de Galicia<\/a><\/strong>. <\/p>\n\n\n\n<div class=\"wp-block-image\"><figure class=\"aligncenter\"><img decoding=\"async\" src=\"http:\/\/galiciamaxica.eu\/mini\/wp-content\/uploads\/2019\/10\/50934377_1183554295145201_6685538611120570368_n.jpg\" alt=\"Cartel fiesta de la lamprea 2019\"\/><figcaption><strong>Anota<\/strong><\/figcaption><\/figure><\/div>\n\n\n\n<p><strong>\u00bfQu\u00e9 es <\/strong><a href=\"https:\/\/gastronomiadegalicia.galiciamaxica.eu\/el-pez-mas-antiguo-del-planeta-vive-en-galicia-la-lamprea-el-pez-prehistorico\/\"><strong>la lamprea?<\/strong><\/a><strong>  <\/strong>Aparte de ser un bicho algo feo y prehist\u00f3rico, es toda una autoridad en el concello, a \u00e9l le dedican platos, fiesta y hasta un museo \u00bfser\u00e1n capaces nuestros hijos de hincar el diente a la lamprea? Bueno si ellos no son capaces (dif\u00edcil pues de alguna de estas <a href=\"https:\/\/www.galiciamaxica.eu\/blog\/siete-excelentes-formas-culinarias-de-comer-lamprea-en-arbo\/\">siete formas en las que se prepara <\/a><em>malo ser\u00e1)<\/em>, lo haremos nosotros y a ellos le invitamos a un cabrito o cap\u00f3n (gastron\u00f3micamente hablando) por decirte alguna comida, porque Arbo es la meca del buen comer que tampoco es un mal plan familiar \u00bfCu\u00e1nto tiempo hace que no os regal\u00e1is una comida fuera? Ya va tocando. De tapas o de plato, hoy dejaremos el picnic aparcado o no, lo que quieras  y cataremos la gastronom\u00eda del lugar (os dejo anotadas en el mapa algunas recomendaciones) porque sus sabores os dar\u00e1n la pista de la esencia de este m\u00e1gico lugar.<\/p>\n\n\n\n<iframe src=\"https:\/\/www.google.com\/maps\/d\/embed?mid=1xtmdjzEj0t7279XZ4mCMYHHERZZBXdNq\" width=\"640\" height=\"480\"><\/iframe>\n\n\n\n\n\n<h3 class=\"wp-block-heading\"><a href=\"https:\/\/www.galiciamaxica.eu\/galicia\/arabo-centro-de-interpretacion-do-vino-e-a-lamprea\/\">MUSEO DE ARABO<\/a><\/h3>\n\n\n\n<p>Empezaremos la visita por el museo de Arabo y as\u00ed nos haremos una idea de todo lo que vamos a ver,  primero os acerco los <a href=\"http:\/\/www.concellodearbo.es\/eportal\/portal\/index.php?id_seccion=103\">HORARIOS <\/a><strong>Y OS INFORMO DE QUE ES  GRATUITO.<\/strong>  Arabo es el Centro de Interpretaci\u00f3n del Vino y de la  Lamprea.<\/p>\n\n\n\n<div class=\"wp-block-image\"><figure class=\"aligncenter\"><img decoding=\"async\" src=\"http:\/\/galiciamaxica.eu\/mini\/wp-content\/uploads\/2019\/10\/img_5d9a178a7e0d6.jpg\" alt=\"\"\/><\/figure><\/div>\n\n\n\n<p>Comentaros como curiosidad que donde est\u00e1is fue una escuela constru\u00edda con las donaciones de los inmigrantes all\u00e1 por el a\u00f1o 1925. <\/p>\n\n\n\n<div class=\"wp-block-image\"><figure class=\"aligncenter\"><img decoding=\"async\" src=\"http:\/\/galiciamaxica.eu\/mini\/wp-content\/uploads\/2019\/10\/img_5d9a178b56e68.jpg\" alt=\"\"\/><\/figure><\/div>\n\n\n\n<h4 class=\"wp-block-heading\"><em>Cuenta con tres plantas<\/em><\/h4>\n\n\n\n<h3 class=\"wp-block-heading\">PLANTA INFERIOR<\/h3>\n\n\n\n<p>En <strong>la planta inferior<\/strong> tiene recepci\u00f3n, un sal\u00f3n de actos y una  vinoteca, en ella podemos encontrar los vinos de hasta 9 bodegas de este concello.<\/p>\n\n\n\n<div class=\"wp-block-image\"><figure class=\"aligncenter\"><img decoding=\"async\" src=\"https:\/\/lh3.googleusercontent.com\/uFhj8g5HwFUwM_-fZ5uUkrHosFYaijjv3TAdEMI9GoihnMTjovnagY3DlFPKTcV06CnTqz3-Ee5PQw0Z3Q67A4SmwZZQNFQrZMqBbA_9_R6T9XA19045wXYFNLlu2yyPzwlHOA1dhDlG_js1HXSRq9HXb8Mrjimr42n69POUoc2APG0VSoThv-jZgXqq6lIv9-Rezdzz1e9RHkTEB-V2jDCBwioPFc4B2gosD_N-lB6lyzWEfacIww5hg6bFeWSyAuBnfV_xvGm8fGGuHDttlRrMYfZWUa0R0RiPR4OSJ3x74UKoOXKcrfa5cnwqA20-YFWxjUNl2Igv48rWLmA0z2B03r2wo8xYbgSmZwb9VHDmHPQ-GBnsqXw4O-xRtzzQUxyyraLp-JbgnB7NbzqSyXjkqpxwJUy71p3_5hh_csNgDcPMh7OPtKm2Grl0P3LjysQVqLwya28S9dfuLk-kMmBzbaUjDw5xvoqCq05VbF8Gy91dvlloRQC1k0WDclWLrs786mdVKvSepJcJxeJ54PoFeTDuUSbU8Mzc75Xhkd6gL6MogqM0ZylxvH1s06rgrv4W1C944uPf5uNjuoXE7lk75KstQHobW_nqsKvwPZ2WsveqcwPoOP-4IjACP1lXKye3H6TjmyCVAnq4_ZdBmfE8DVp2LzM9=w568-h757-no\" alt=\"Vinos\"\/><\/figure><\/div>\n\n\n\n<p>Pero antes de subir a la segunda planta en el descansillo de las escaleras nos encontramos con esta fotograf\u00eda. Toda una obra de arte.<\/p>\n\n\n\n<div class=\"wp-block-image\"><figure class=\"aligncenter\"><img decoding=\"async\" src=\"https:\/\/lh3.googleusercontent.com\/Kv_glPDzyb7J76l5pCKRe_fr6BGTO_02N1U0FCH6zKCpBDggxNoC8eb0CqBVTXhF6wUR4mddYBmrT_a3fX_UWHHw2r2Zi2S0VBdbPGaPiCPIK5XRBAuLqWg7qjOCH-F-coTMShGZidO9486HJyAVSLgWewOHOV1bYRgCzapZlcG3ocw6WF1mYq9O6yynY6oFPHug2xM5y4gZfbSJW2s1n1cxkOF8e8FaZ1OMihFN7ACBzM1wDqYXwYO8HzfgykDaQg-Dodovdo6DhZhncnkDoyErBfbMkWSw9dMTvDBPDOwfZKN8cLa5fXGAaU5q02vfDhJC9db5MfiIQwEzGsVC5HWuOUc6M4JkjtTN1yZKh5dxDVcnx9KOILhMN9DUmzRrOwMz5-h4ff3A8N7OxV4LLIXoWPVrpYz1uOGGmuUJ2AX9gahSQ2GNJNEbY2kqs38HAG5h6KT-aHtHX68s5_C3yusykJai3ePoTBBxRXIXdfrqTR7kvlQXFRYlOEO6li_6NwUjkFmm3u_ZVjR074ql1xKbV-0PcREI3jSME3cXgoEInJ7CNULuiVzaLmPvsZ-vHkt-37uMG5TiFuaackxGf0U--o8YOVHuIqbsPSkvPSzeSHks30rQQ_cFmj0Vbyo2YpCkt-6_GPyQe_HbLxdAO6sSjgeLxLJz=w568-h757-no\" alt=\"\"\/><\/figure><\/div>\n\n\n\n<h4 class=\"wp-block-heading\">RETOS VISUALES<\/h4>\n\n\n\n<p>Una foto de gran calidad t\u00e9cnica a la que le dedicaremos varios retos \u00bfcu\u00e1ntos personajes portan una foto en sus manos? \u00bfencontraremos alguna mujer? \u00bfcu\u00e1ntos posan en la foto? \u00bfcu\u00e1ntos llevan gorro? Comentaros que es una maravilla contemplar una panor\u00e1mica realizada all\u00e1 por el 1921 y que hoy en d\u00eda su realizaci\u00f3n no es nada sencilla.<\/p>\n\n\n\n<h3 class=\"wp-block-heading\">SEGUNDA PLANTA<\/h3>\n\n\n\n<p>En <strong>la segunda planta <\/strong>nos encontramos dos salas: una de ellas dedicadas a la historia de Arbo y otra dedicada al mundo del vino. <\/p>\n\n\n\n<div class=\"wp-block-image\"><figure class=\"aligncenter\"><img decoding=\"async\" src=\"http:\/\/galiciamaxica.eu\/mini\/wp-content\/uploads\/2019\/10\/img_5d9a178c09540.jpg\" alt=\"Museo Arabo\"\/><\/figure><\/div>\n\n\n\n<p>Sabremos de la historia de un puente que descubriremos en la visita y en el que se libr\u00f3 una gran batalla contra los franceses. Tambi\u00e9n del rodaje en aguas del Mi\u00f1o de una de las pel\u00edculas m\u00e1s importantes de Hollywood, \u00abOrgullo y Pasi\u00f3n\u00bb.<\/p>\n\n\n\n<div class=\"wp-block-image\"><figure class=\"aligncenter\"><img decoding=\"async\" src=\"https:\/\/lh3.googleusercontent.com\/ML4tfM2sXxxWNmagJQmT6GWWnbSQIUWORkXTJAtqhVrWUFWODovKNEY_36o989EPw8J6_eJ99GRVr39S_u9_EBw6sh8y-fJspJG9Gt5PIf7kEFfuNMHYPU2Y1toodeCbl6RPLIcxhi8cQBnT85MLxwnub-J4bBnLGZKIBxM44Ivql828VZaYWpZtv9aq4t9PkX05jG4ov1k1pIn_kuIl1rUxO43f07LpPkJ1UrwobwuRNAFAXvaEoyXzxXBxxPdg10ULE1YqJgtOw5wk1-CSAOcftnM3AfpojBDgmvqMEF8rCVv00CbFP-rG5lf5Yvy_yYhxKVu86fxGWZBZeJ8dvgoVD7nLp3CeccY3_n2EQ1dqygFoKboeLfKewn_EzHo-R881zq-DGG3TL4CJPgYH7JjFJaslb8lQ8Eqv1slSTKzuRVz4RgKOZzKRDOE52u3NNLgnYhbZKFG8oOgewwWbpaqJoIATj7stNWc0u6JvX0VA-moESUDRUF4V6NcpOb-GluvWlLuLl7XfmUCs8KwM0GQCP-5CT2vyhebE3qzsgo604AChGhgoz20hRNGkWMgpPTwdFvSPCEaadwtGOgqM2MGE-WQdoCIFYgXCjNR8l9qBaUVx8JW4yadCv3XAQPViszK5lzBgX1hTpAI2Jnju9HCxT9owKwD_=w568-h757-no\" alt=\"\"\/><figcaption><strong><a href=\"https:\/\/es.wikipedia.org\/wiki\/Orgullo_y_pasi%C3%B3n\">Orgullo y Pasi\u00f3n<\/a><\/strong><\/figcaption><\/figure><\/div>\n\n\n\n<p>Muy interesante este recurso a nuestra disposici\u00f3n en el museo. Localizarnos en el mapa en d\u00f3nde estamos y que tenemos cerca desde aqu\u00ed. Se\u00f1alaremos lo que vamos a visitar y les contaremos a los ni\u00f1os cu\u00e1l va a ser nuestro recorrido. Como cuando cocinamos le mostraremos que ingredientes van inclu\u00eddos en la receta, porque como en cocinar con cada paso todo se disfruta mucho m\u00e1s. <\/p>\n\n\n\n<figure class=\"wp-block-image\"><img decoding=\"async\" src=\"http:\/\/galiciamaxica.eu\/mini\/wp-content\/uploads\/2019\/10\/img_5d9a178db2b55.jpg\" alt=\"\"\/><\/figure>\n\n\n\n<p>Seguiremos el trazado que nos marca el r\u00edo Mi\u00f1o. Qu\u00e9 diferente se ve todo desde arriba  \u00bfverdad?<\/p>\n\n\n\n<h4 class=\"wp-block-heading\">TERCERA PLANTA<\/h4>\n\n\n\n<p>En la <strong>Tercera planta <\/strong>todo sobre<a href=\"https:\/\/gastronomiadegalicia.galiciamaxica.eu\/el-pez-mas-antiguo-del-planeta-vive-en-galicia-la-lamprea-el-pez-prehistorico\/\"> la lamprea<\/a>, con v\u00eddeos en los que nos acercar\u00e1n a este prehist\u00f3rico tan curioso. <\/p>\n\n\n\n<iframe width=\"560\" height=\"315\" src=\"https:\/\/www.youtube.com\/embed\/PoanRrg53iM\" frameborder=\"0\" allow=\"accelerometer; autoplay; encrypted-media; gyroscope; picture-in-picture\" allowfullscreen=\"\"><\/iframe>\n\n\n\n<p>Su vida, sus ires y venires, su pesca&#8230; todo. Saldremos conociendo cada una de sus curiosidades.<\/p>\n\n\n\n<div class=\"wp-block-image\"><figure class=\"aligncenter\"><img decoding=\"async\" src=\"http:\/\/galiciamaxica.eu\/mini\/wp-content\/uploads\/2019\/10\/arbo_57-PORTADA.jpg\" alt=\"\"\/><\/figure><\/div>\n\n\n\n<h2 class=\"wp-block-heading\"><a href=\"https:\/\/www.galiciamaxica.eu\/galicia\/pontevedra\/playarbo\/\">PASEO Y PLAYA FLUVIAL DE ARBO<\/a><\/h2>\n\n\n\n<p> Este ser\u00e1 el punto central de la visita porque ya vayamos a la derecha o a la izquierda tendremos mucho que visitar. Bajaremos a las antiguas pesqueiras sobre el Mi\u00f1o conocidas como Pesqueiras dos Cregos. <\/p>\n\n\n\n<div class=\"wp-block-image\"><figure class=\"aligncenter\"><img decoding=\"async\" src=\"http:\/\/galiciamaxica.eu\/mini\/wp-content\/uploads\/2019\/10\/arbo_39.jpg\" alt=\"Pesqueiras del Mi\u00f1o\"\/><\/figure><\/div>\n\n\n\n<h2 class=\"wp-block-heading\">Momento leyenda<\/h2>\n\n\n\n<p>Y ya aqu\u00ed acercaremos a los m\u00e1s peque\u00f1os a una preciosa leyenda. Es conocido por todos que estamos en el lugar donde habitaban las <em>feiticeiras<\/em>  y \u00ablas Donas\u00bb relacionadas con el agua  ( son personajes femeninos de la mitolog\u00eda <em>gallega<\/em> que se asocian con los castros y con las fuentes ). Ean preciosas mujeres capaces de enga\u00f1ar a las personas y llevarlas consigo a las profundidades. No solo hab\u00eda donas tambi\u00e9n dicen que hab\u00eda aqu\u00ed <em> xarcos<\/em> que son las figuras mitol\u00f3gicas masculinas que viv\u00edan en las pozas  y tambi\u00e9n los hombres pez que eran anfibios con posibilidad de vivir tanto en la tierra como en el agua. Todos estos personajes son seres m\u00e1gicos de  la cultura popular gallega y tambi\u00e9n en la cultura  de los vecinos portugueses que est\u00e1n cruzando el r\u00edo, con estas leyendas se entreten\u00edan los ni\u00f1os y mayores, unas historias que los m\u00e1s peque\u00f1os viv\u00edan con tremenda emoci\u00f3n y salvaguardaban su seguridad que es el trasfondo que todos estos seres imaginarios, mantener a los ni\u00f1os no cerca de las corrientes, ni alejados y siempre atentos. El meter miedo no es un buen m\u00e9todo pero cuando no se tienen otras herramientas para mantener a tus hijos lejos de peligros lo aceptamos totalmente y muchas de estas historias fueron creadas para dar importancia a la destreza del pescador ahogado por culpa de estos seres o para desapariciones sin explicaci\u00f3n, era m\u00e1s f\u00e1cil el asumir que se lo ha llevado una <em>feiticeira <\/em>o un <em>xarco<\/em> que se fue a comprar tabaco ;). Los mayores me entender\u00e9is como pintaban las cosas en aquellos tiempos.<\/p>\n\n\n\n<div class=\"wp-block-image\"><figure class=\"aligncenter\"><img decoding=\"async\" src=\"http:\/\/galiciamaxica.eu\/mini\/wp-content\/uploads\/2019\/10\/img_5d9a1790b679b.jpg\" alt=\"\"\/><figcaption> <br><a href=\"https:\/\/books.google.es\/books?id=VqKxiat3rs0C&amp;pg=PT70&amp;lpg=PT70&amp;dq=Leyendas+de+Arbo&amp;source=bl&amp;ots=MSfHr05Q2f&amp;sig=ACfU3U3MiOG97mGJ3MdcmenciCBLkiq99g&amp;hl=es&amp;sa=X&amp;ved=2ahUKEwilppfTlInhAhWM2OAKHRZqDBQ4ChDoATAIegQIAxAB#v=onepage&amp;q=Leyendas%20de%20Arbo&amp;f=false\">Leyendas Celtas de Galicia y Asturias. Escrito por Eliseo Mauas Pinto <\/a><br><strong>Os lo recomiendo<\/strong><\/figcaption><\/figure><\/div>\n\n\n\n<p>Tanto es as\u00ed que a\u00fan se recuerda como los lampreeiros cuando pescaban las  combat\u00edan dando unos golpes con un palo a la red\u00a0 para ahuyentarlas y repet\u00edan mientras lo hac\u00edan<strong><em> \u00ab\u00a1Ah desgraciada! \u00a1Toma! \u00a1Toma!\u00bb.<\/em><\/strong>  As\u00ed cuando no pescaban era culpa de la feiticeira y cuando pescaban era por haberla espantado. Tal como fuera la mitolog\u00eda gallega ha sido siempre parte de Galicia y si le descubrimos a los ni\u00f1os estas historias populares jam\u00e1s se olvidar\u00e1n. Esta la tenemos reflejada en el libro <strong> \u00abA Flor da auga\u00bb de Xos\u00e9 Miranda e Antonio Reigosa<\/strong><\/p>\n\n\n\n<div class=\"wp-block-image\"><figure class=\"aligncenter\"><img decoding=\"async\" src=\"http:\/\/galiciamaxica.eu\/mini\/wp-content\/uploads\/2019\/10\/playarbo0003.jpg\" alt=\"Puente internacional\"\/><\/figure><\/div>\n\n\n\n<p>Desde aqu\u00ed se cruzaba a la otra orilla con una barca pero la tradici\u00f3n nos cuenta que para hacerlo deb\u00edan llevar una piedra en la boca para recordar que no se pod\u00eda hablar porque esto atraer\u00eda a seres imaginarios que no dejar\u00edan que llegaran a la otra orilla. Una gran artima\u00f1a para<strong><em> el no saber del barquero<\/em><\/strong> porque aqu\u00ed el paso de contrabandistas era importante. Se tra\u00eda el caf\u00e9 y productos de necesidad, as\u00ed como el cobre, un lugar de paso en el que era mucho mejor no hablar, recordamos aqu\u00ed refranes \u00ab<em>el  por la boca muere el pez\u00bb<\/em>.  <br>Os recomiendo<a href=\"http:\/\/refraneirogalego.com\/page\/2\/\"> REFRANEIRO GALEGO <\/a> (m\u00e1is de 10.000 refr\u00e1ns no teu m\u00f3bil)<\/p>\n\n\n\n<div class=\"wp-block-image\"><figure class=\"aligncenter\"><img decoding=\"async\" src=\"http:\/\/galiciamaxica.eu\/mini\/wp-content\/uploads\/2019\/10\/img_5d9a17914bf88.jpg\" alt=\"\"\/><\/figure><\/div>\n\n\n\n<p>Leite de Vasconcelos apunta que esta superstici\u00f3n o creencias en relaci\u00f3n a las corrientes fluviales ha permanecido viva en el inconsciente colectivo de buena parte de la fachada atl\u00e1ntica; as\u00ed las personas que cruzaban el r\u00edo Mi\u00f1o por la pedan\u00eda gallega de Arbo, deb\u00edan llevar una piedra en la boca para no hablar mientras lo cruzaban, pues era bien sabido que<strong> <\/strong><em><strong>\u201cfalar provocar\u00eda a sa\u00edda de esp\u00edritos sobrenaturais, habitadores da \u00e1gua\u201d. <\/strong><\/em><br><a href=\"http:\/\/iberiamagica.blogspot.com\/2012\/02\/curiosa-leyenda-relacionada-con-el-rio.html\">Iberia M\u00e1gica\ufeff<\/a> <\/p>\n\n\n\n<div class=\"wp-block-image\"><figure class=\"aligncenter\"><img decoding=\"async\" src=\"http:\/\/galiciamaxica.eu\/mini\/wp-content\/uploads\/2019\/10\/playarbo0009.jpg\" alt=\"\"\/><\/figure><\/div>\n\n\n\n<p>Al lado tenemos un lugar en el que hacer un peque\u00f1o descanso o anotarlo porque es una estupenda playa fluvial.<\/p>\n\n\n\n<h2 class=\"wp-block-heading\"><a href=\"https:\/\/www.galiciamaxica.eu\/galicia\/mirador-de-as-pesqueiras-de-arbo\/\">MIRADOR DE OS FRADES<\/a><\/h2>\n\n\n\n<p> Ahora que ya sabemos algo m\u00e1s sobre la lamprea nos vamos a un lugar en el que refrescar todo lo aprendido y ser\u00e1 desde una pesqueira. Esta construcci\u00f3n que veis en la foto es una de ellas. Las pesqueiras son construcciones ancestrales algunas de ellas que a\u00fan se conservan son de la \u00e9poca de los romanos que eran grandes aficionados a la gastronom\u00eda de este pez, aunque tambi\u00e9n es conocido que lo usaban como m\u00e9todo de tortura.<\/p>\n\n\n\n<div class=\"wp-block-image\"><figure class=\"aligncenter\"><img decoding=\"async\" src=\"https:\/\/lh3.googleusercontent.com\/Q8MBZxj_TxWym--dYHZmguLczZTsmQ9QY6Cj0WCpV8KcLp-pEJNBpu5HGc0EDuhK0b376eET_QmzM9fnpx6-wqG71rHsnsCJzKIgrLXLONsRrsoysPldjFLNPBY16xACnYA1B1h_mx5LyMI3x26jvG9a9t4DyYtOVv_urMLY7vGikacfAyC5QuhzDjen3J3gnGxDbG1Ow0fdjRf30cwlHAwsvlFpyKqe0MgCr0ktjwC6CR7gyFiZbtKetc7Vx362Bg8IVcTkK6iM8U7UGc-vcZtHitA1teFR_JHcF8Lcc5ye6HE1okbd3KX11wCw2KEHEsj-in-PsCquf7gp2pyrC4pfw5SgMjBAJxWlRs7hozW1VaKp1WMYEJtaIiEzzDjZL0GlWbI8xqvU-LNHFLHDxnp32-J4nzBs26_w4eQDhGNMV7HLXDj1WP3IG-G0LnoMQkQrKhiYYAz1hwL4uz7j_k3vK3PegELkWNb5bsCGi0fncQGxYPF4nEZymmt8NUl9HmOPMTwchAlFXiSZL4-Sc9pFuCQKH6yJQ3PtyYJfk_hd1vFDtpXE7E1L4hkFabhzK3p5zmoLhxd2ipFn7niTxjv4zQfGNIR3mrgLQIF73AT7-F80MJV-tB2oYNsdHzkLpYyBZnMj3L1aF0iBs919vDuLWkY7kqIJ=w568-h757-no\" alt=\"\"\/><\/figure><\/div>\n\n\n\n<p>Aqu\u00ed a los pescadores los llamamos lampreeiros y son los que las capturan y les explicaremos como lo hacen porque tendr\u00e9is en esta \u00e9poca a la vista este objeto, el <em>bitur\u00f3n<\/em> en gallego y butrones en castellano y es el aparato que utilizan para pescar la lamprea en las pesqueiras \u00bfrecordar\u00e1n ya en casa c\u00f3mo se llamaba?\u00bfdesde d\u00f3nde se pescan? \u00bfc\u00f3mo se llamaba qui\u00e9n lo hacen?<\/p>\n\n\n\n<div class=\"wp-block-image\"><figure class=\"aligncenter\"><img decoding=\"async\" src=\"http:\/\/galiciamaxica.eu\/mini\/wp-content\/uploads\/2019\/10\/arbo_70.jpg\" alt=\"Vitir\u00f3n o Bitir\u00f3n\"\/><\/figure><\/div>\n\n\n\n<p>Los <strong>\u201cbutrones\u201d<\/strong> son nasas c\u00f3nicas o cil\u00edndricas. Son aparejos de malla con aros de hierro que cuentan con un orificio de entrada y sin salida como ver\u00e9is est\u00e1 cerrada. Se sit\u00faan en el fondo del lecho.<\/p>\n\n\n\n<div class=\"wp-block-image\"><figure class=\"aligncenter\"><img decoding=\"async\" src=\"https:\/\/lh3.googleusercontent.com\/jae8GYhbDwFKhfdgbriButqOzo6gekS6Z_dHKQ62mo4hZ7u2L09xHcHtW8-JLUXa-j8sozXE7XegW_JV1Z2jdQodDeTr5MKp_xQCrSKbVD38Wkvo6pHacRONcc-n8PqCh5uL3KSKEvUu0-Vm9JJT76Z_reSeYzGUpJ3xv5J39MZUSINsDGCdRPHyq_SEE-gyi1k6dbZSry7vVWwKRHQ7ZizOAt_Cf9X2J3AwcGG0Sq93MLcelFNVnLWi64mxDmhztKyVd1muzk66K3P2PI17Me1oelhFl2dJeEtBHc_nySe6fsWPiIJPd1_9BtiQ-Uqd1nK1b_ZZndQb2buWPDwxymLZJH_bwnb8Uyrzt7mrCgMppRTkhrbCodjEFbwLqFWdKka8VIsSvICEOn3KTLj7ApduOerSUhV-AugW2f6RScWnaBmcIN4N4qOjLqZnH9O1TwBg0lGHu3jb1TWUu73ClhcPzPT0STn5eXrlIkP5AujqJBXQ1HdAwEmQLI8B9Q8Va0Oug84idwrc36z-fYvyYDpMRgTuU3rtBpZyyLa9c-wT7z2_dEZ93vlZO7Wggy09nKXONGbBBOJcBNChMUiqcPD6Snor4sJTJrYIzwOV0VPAqaiTdgHLkXX1v4ei_aq37G9NiniPTxZ1oR4QUzvYYt1Ea7hjG-J0=w568-h757-no\" alt=\"Sendero de los pescadores\"\/><\/figure><\/div>\n\n\n\n<p>Este sendero es el que recorren los lampreeiros hasta las pesqueiras. Toda una aventura.<\/p>\n\n\n\n<h2 class=\"wp-block-heading\"><a href=\"https:\/\/www.galiciamaxica.eu\/galicia\/mirador-de-as-pesqueiras-de-arbo\/\">MIRADOR DE OS FRADES<\/a><\/h2>\n\n\n\n<p>Nos acercaremos hasta el mirador de Os Frades para contemplar la fuerza con la que baja el r\u00edo y contemplar los ca\u00f1ones naturales creados por su erosi\u00f3n.<\/p>\n\n\n\n<div class=\"wp-block-image\"><figure class=\"aligncenter\"><img decoding=\"async\" src=\"http:\/\/galiciamaxica.eu\/mini\/wp-content\/uploads\/2019\/10\/img_5d9a1793b489a.jpg\" alt=\"\"\/><\/figure><\/div>\n\n\n\n<p>Andaremos por pasarelas hasta terminar en este mirador que parece hacernos flotar en el r\u00edo, como en la proa de un barco disfrutaremos con las vistas.<\/p>\n\n\n\n<div class=\"wp-block-image\"><figure class=\"aligncenter\"><img decoding=\"async\" src=\"http:\/\/galiciamaxica.eu\/mini\/wp-content\/uploads\/2019\/10\/img_5d9a1794b8a89.jpg\" alt=\"Mirador de Os Frades\"\/><\/figure><\/div>\n\n\n\n<p> Y desde aqu\u00ed nos toca volver al punto de inicio porque nos vamos hasta un mirador de cine \ud83d\ude09 toca dar la vuelta y volver sobre nuestros pasos para descubrirlo. <\/p>\n\n\n\n<h2 class=\"wp-block-heading\">MIRADOR DE <a href=\"https:\/\/es.wikipedia.org\/wiki\/Orgullo_y_pasi%C3%B3n\">ORGULLO Y PASI\u00d3N<\/a><\/h2>\n\n\n\n<figure class=\"wp-block-image alignwide\"><img decoding=\"async\" src=\"http:\/\/galiciamaxica.eu\/mini\/wp-content\/uploads\/2019\/10\/arbo_50.jpg\" alt=\"Monolito a Orgullo y Pasi\u00f3n\"\/><\/figure>\n\n\n\n<p>Estamos en un lugar de cine,  justo debajo se grabaron escenas de una pel\u00edcula importante con actores de gran \u00e9xito y muy famosos en aquella \u00e9poca. Visitaremos un mirador en el que se les rinde homenaje. Os contar\u00e9 un poco su historia.<\/p>\n\n\n\n<div class=\"wp-block-image\"><figure class=\"aligncenter\"><img decoding=\"async\" src=\"https:\/\/lh3.googleusercontent.com\/t39W1xhY8B7zj2PkdGVRhLBD-99_T0NHXY1wb5wRaRq0WQfJjkaejYwOrfWL_GumI3BVp5Ls5OH16QtCyY_30HdF8gUL9rm7Vt6jyfx_w3xZT__sYVZt11fAZ4-rxZf7h8IC8JbcUQBjDg7-a9jMnNAdvoTdJylLfSoGJZ-ppPycs_IOjB9OofY-fv8PQ6ETTArTlqN1vH351pVJa5AWLJUcpgbajq69HOLxDkd7pmBZKd--dFvUGr8SYkmFFGhts70FaxBcPsZChfLBvXF0f1zF5L0dn3-NfoVgzRpVb2KKgoAO30X_AocoZsWkcrUfgsOjZO7M4MFy6dja8KEEErttVEGWtNZXofydcIAXbZlYvpPIzZ48EO7cDLP3lRhqk9BeXRJ7M1E4q13S1vbt6ie65DBddVh3o34_eWBFAMf0PGW9ryaQ2m4uVWk_AoONtkhXvfyaLpTVHZEst5N5CWI2tkKIWWW0MAhKUsxxHYiGmZOmlEfNCihMwLbJ4rRn0R376QsrDH1k_2IEaf0seHmKH-f8r-MwPa5Gd2z_tcuHgttEb1KIt99DisVOrjbfXR4WMn9goGzigUnj5zPpxD2cRZR22imj-sWXxic1UrliNOvpo0sqZCdJv1XnOWaP1cStr6mMP83n9FewWSHH9n2i3Ah6GL_P=w568-h757-no\" alt=\"\"\/><\/figure><\/div>\n\n\n\n<p>En 1957 la Villa de la Lamprea se llen\u00f3 de luces, aunque se cuenta que los grandes actores de la pel\u00edcula de cine Frank Sinatra, Cary Grant y Sophia Loren, nunca llegaron a visitar Arbo ( no os lo podemos asegurar). La prensa local lleg\u00f3 a anunciar que Sof\u00eda Loren y Cary Grant se alojar\u00edan en un hotel pontevedr\u00e9s (nunca fue confirmado ya que, oficialmente, Sof\u00eda Loren nunca rod\u00f3 en Galicia).  Bastaron sus dobles y el equipo de profesionales que los acompa\u00f1aban un total 180 para despertar el entusiasmo en tierras gallegas. <\/p>\n\n\n\n<div class=\"wp-block-image\"><figure class=\"aligncenter\"><img decoding=\"async\" src=\"http:\/\/galiciamaxica.eu\/mini\/wp-content\/uploads\/2019\/10\/img_5d9a1797429b3.jpg\" alt=\"\"\/><\/figure><\/div>\n\n\n\n<p>Se contrat\u00f3 a 200 figurantes de la zona que deb\u00edan transportar un ca\u00f1\u00f3n de<strong> 17 metros por el r\u00edo <\/strong>y sus pesqueiras crearon escenas de acci\u00f3n y bellezas \u00fanicas. Aunque he de deciros como curiosidad que por el Mi\u00f1o no cruz\u00f3 el de 17 metros sino que se utiliz\u00f3 un tercer ca\u00f1\u00f3n en miniatura,<strong> de 1,50 metros<\/strong>, para las secuencias en los r\u00e1pidos del r\u00edo.<\/p>\n\n\n\n<div class=\"wp-block-image\"><figure class=\"aligncenter\"><img decoding=\"async\" src=\"http:\/\/galiciamaxica.eu\/mini\/wp-content\/uploads\/2019\/10\/img_5d9a1797eb252.jpg\" alt=\"\"\/><figcaption><a href=\"http:\/\/www.infofol.net\/index.php?option=com_content&amp;view=article&amp;id=171:cuadro-historico-de-salarios-minimos&amp;catid=102:salario&amp;Itemid=72&amp;lang=es\">Cuadro Hist\u00f3rico de Salarios m\u00ednimos<br><\/a><\/figcaption><\/figure><\/div>\n\n\n\n<p> Arbo vivi\u00f3 momentos de gran bonanza ya que y por un s\u00f3lo d\u00eda de trabajo los figurantes cobraban 100 pesetas, que en eses tiempos era un gran dineral, imag\u00ednate los alojamientos, restaurantes, tiendas (se pusieron las botas).  Y a\u00f1ado que el rodaje de esta superproducci\u00f3n dur\u00f3 varias semanas.<\/p>\n\n\n\n<iframe width=\"560\" height=\"315\" src=\"https:\/\/www.youtube.com\/embed\/BkGOoy_wJ_g\" frameborder=\"0\" allow=\"accelerometer; autoplay; encrypted-media; gyroscope; picture-in-picture\" allowfullscreen=\"\"><\/iframe>\n\n\n\n<p>Muchos al ver la pel\u00edcula se preguntaban d\u00f3nde se dio el ba\u00f1o la actriz , igual se acercaron a Arbo de inc\u00f3gnito y el ca\u00f1\u00f3n les vali\u00f3 de despiste. A saber \ud83d\ude09 y es que ni el alcalde de Arbo es qui\u00e9n de negar \u00abel igual vinieron\u00bb hasta este rinconcito maravilloso de Galicia y se dieron un ba\u00f1o en el Mi\u00f1o o cualquier r\u00edo gallego.<\/p>\n\n\n\n<iframe width=\"560\" height=\"315\" src=\"https:\/\/www.youtube.com\/embed\/-RfFW_dLKAU\" frameborder=\"0\" allow=\"accelerometer; autoplay; encrypted-media; gyroscope; picture-in-picture\" allowfullscreen=\"\"><\/iframe>\n\n\n\n<p>Y ahora que hemos descubierto la parte cin\u00e9fila del  concello nos vamos de ruta, desde aqu\u00ed el mirador que rebautizamos como el de Orgullo y Pasi\u00f3n para hacer un peque\u00f1o paseo por un sendero al lado de dos r\u00edos.<\/p>\n\n\n\n<div class=\"wp-block-image\"><figure class=\"aligncenter\"><img decoding=\"async\" src=\"http:\/\/galiciamaxica.eu\/mini\/wp-content\/uploads\/2019\/10\/arbo_37.jpg\" alt=\"Mirador \"\/><\/figure><\/div>\n\n\n\n<h4 class=\"wp-block-heading\"><a href=\"https:\/\/www.galiciamaxica.eu\/galicia\/pontevedra\/sendero-rio-mino-deva\/\">SENDEIRO R\u00cdO MI\u00d1O Y DEVA<\/a><\/h4>\n\n\n\n<p>Si ten\u00e9is ganas de senderear desde aqu\u00ed se llega al puente de Mourent\u00e1n y su playa fluvial, son 550 metros por lo que es una ruta cortita y sencilla para hacer en familia, es muy agradable ya que se adorna en verdes y recorre una peque\u00f1a parte del Mi\u00f1o y el R\u00edo Deva, los r\u00edos m\u00e1s importantes en Arbo. Y al final tendremos premio.<\/p>\n\n\n\n<div class=\"wp-block-image\"><figure class=\"aligncenter\"><img decoding=\"async\" src=\"http:\/\/galiciamaxica.eu\/mini\/wp-content\/uploads\/2019\/10\/arbo_32.jpg\" alt=\"Molno en el r\u00edo Deva\"\/><\/figure><\/div>\n\n\n\n<p>Caminaremos desde su desembocadura hasta el puente de San Xo\u00e1n de Mourent\u00e1n. Este es uno de nuestros lugares preferidos, un lugar de ensue\u00f1o, que cambia con cada estaci\u00f3n.<\/p>\n\n\n\n<h4 class=\"wp-block-heading\"><a href=\"https:\/\/www.galiciamaxica.eu\/galicia\/pontevedra\/pontesanxoan\/\">PUENTE SAN XO\u00c1N DE MOURENT\u00c1N<\/a><\/h4>\n\n\n\n<div class=\"wp-block-image\"><figure class=\"aligncenter\"><img decoding=\"async\" src=\"http:\/\/galiciamaxica.eu\/mini\/wp-content\/uploads\/2019\/10\/img_5d9a179c0a38b.jpg\" alt=\"Puente de Mourent\u00e1n\"\/><\/figure><\/div>\n\n\n\n<p>Fue restaurado hace poquito e inaugurado recientemente. Y sus piedras nos cuentan una gran batalla contra las tropas francesas en el a\u00f1o 1809. Existe una placa instalada en una columna en uno de los laterales del puente  que recuerda esta batalla en la que los vecinos defendieron sus hogares de las tropas francesas en la Guerra de la Independencia. En escasas 48 horas, Paradanta moviliz\u00f3 entre cuatro y cinco mil personas que hicieron frente a los franceses en la l\u00ednea del r\u00edo Deva, un acto que marc\u00f3 el inici\u00f3 de la derrota de los franceses. <\/p>\n\n\n\n<p>Toca m\u00e1s patrimonio nos vamos a visitar unos molinos y su ruta<\/p>\n\n\n\n<h2 class=\"wp-block-heading\"><a href=\"https:\/\/www.galiciamaxica.eu\/galicia\/pontevedra\/comarca-da-paradanta\/arbo\/muinorocha\/\">MOLINOS DE A ROCHA<\/a><\/h2>\n\n\n\n<div class=\"wp-block-image\"><figure class=\"aligncenter\"><img decoding=\"async\" src=\"http:\/\/galiciamaxica.eu\/mini\/wp-content\/uploads\/2019\/10\/muinorocha00051.jpg\" alt=\"Molinos de A Rocha\"\/><\/figure><\/div>\n\n\n\n<p>Nos vamos al Parque etnogr\u00e1fico de los Mu\u00ed\u00f1os da Rocha. Se trata de tres molinos escalonados denominados Mu\u00ed\u00f1o da Duca, Do Medio y Do Cubo (los recordamos). Un poco m\u00e1s arriba y algo separado de estos est\u00e1 un cuarto molino hidr\u00e1ulico conocido como Mu\u00ed\u00f1o do Coto. En el lugar tenemos mesa con bancos y un peque\u00f1o mirador desde donde se puede contemplar el regato.<\/p>\n\n\n\n<h2 class=\"wp-block-heading\"><a href=\"https:\/\/www.galiciamaxica.eu\/galicia\/pontevedra\/comarca-da-paradanta\/arbo\/fervenza-da-laxe-do-avo\/\">FERVENZA LAXE DO AV\u00d3<\/a><\/h2>\n\n\n\n<p>Toca Fervenzas y nos venimos hasta esta maravilla natural de 25 metros.<\/p>\n\n\n\n<div class=\"wp-block-image\"><figure class=\"aligncenter\"><img decoding=\"async\" src=\"http:\/\/galiciamaxica.eu\/mini\/wp-content\/uploads\/2019\/10\/img_5d9a179e0ebf5.jpg\" alt=\"Fervenza Laxe do Av\u00f3\"\/><\/figure><\/div>\n\n\n\n<p>En gallego la palabra \u201claxe\u201d designa una piedra de grandes dimensiones y de superficie lisa que aflora sobre un terreno sin sobresalir de \u00e9l.<\/p>\n\n\n\n<div class=\"wp-block-image\"><figure class=\"aligncenter\"><img decoding=\"async\" src=\"http:\/\/galiciamaxica.eu\/mini\/wp-content\/uploads\/2019\/10\/img_5d9a179f676b2.jpg\" alt=\"\"\/><\/figure><\/div>\n\n\n\n<p>Ahora nos vamos a una playa que os recomiendo con un sendero que da mucho juego.<\/p>\n\n\n\n<h4 class=\"wp-block-heading\"><a href=\"https:\/\/www.galiciamaxica.eu\/galicia\/pontevedra\/comarca-da-paradanta\/arbo\/playasela\/\"><strong>PLAYA FLUVIAL DE SELA  <\/strong><\/a><\/h4>\n\n\n\n<div class=\"wp-block-image\"><figure class=\"aligncenter\"><img decoding=\"async\" src=\"http:\/\/galiciamaxica.eu\/mini\/wp-content\/uploads\/2019\/10\/pesqueiras0011.jpg\" alt=\"Playa de Sela\"\/><figcaption>PLAYA FLUVIAL CON MERENDERO<\/figcaption><\/figure><\/div>\n\n\n\n<h4 class=\"wp-block-heading\"><a href=\"https:\/\/www.galiciamaxica.eu\/galicia\/pontevedra\/comarca-da-paradanta\/arbo\/playasela\/\"><strong>MANANTIAL CON HISTORIA<\/strong><\/a><\/h4>\n\n\n\n<div class=\"wp-block-image\"><figure class=\"aligncenter\"><img decoding=\"async\" src=\"http:\/\/galiciamaxica.eu\/mini\/wp-content\/uploads\/2019\/10\/img_5d9a17a118af1.jpg\" alt=\"Balneario de Sela\"\/><figcaption>Manantial de aguas mineromedicinales<\/figcaption><\/figure><\/div>\n\n\n\n<p> Un sendero que me encanta es el de las pesquerias justo al ladito de una playa fluvial, la de Sela, que os recomiendo hacer. Os dejo la entrada para que no os perd\u00e1is nadita.<\/p>\n\n\n\n<h4 class=\"wp-block-heading\"><a href=\"https:\/\/www.galiciamaxica.eu\/mini\/ruta-las-pesqueiras-arbo\/\">RUTA PESQUEIRAS DE SELA<\/a><\/h4>\n\n\n\n<div class=\"wp-block-image\"><figure class=\"aligncenter\"><img decoding=\"async\" src=\"http:\/\/galiciamaxica.eu\/mini\/wp-content\/uploads\/2019\/10\/cam.jpg\" alt=\"\"\/><figcaption><a href=\"https:\/\/www.galiciamaxica.eu\/mini\/ruta-las-pesqueiras-arbo\/\">ENTRADA<\/a><\/figcaption><\/figure><\/div>\n\n\n\n<p>Tambi\u00e9n tenemos en este concello el <a href=\"file:\/\/\/C:\/Users\/PAPA\/Downloads\/Sendeiro%20da%20Moura%20Interior.pdf\">sendeiro da Moura. <\/a>Son 9,5 km de una ruta circular que os llevar\u00e1 m\u00e1s o menos cuatro horas y media y pasar\u00e9is por puntos muy interesantes. Os dejo esta que es<a href=\"https:\/\/masrutasymenosrutinas.com\/arbo-ruta-da-moura\/\"> la ruta que m\u00e1s me gusta<\/a> y en total son 12, 57 km.<\/p>\n\n\n\n<iframe frameBorder=\"0\" scrolling=\"no\" src=\"https:\/\/es.wikiloc.com\/wikiloc\/spatialArtifacts.do?event=view&#038;id=7653920&#038;measures=off&#038;title=off&#038;near=off&#038;images=off&#038;maptype=H\" width=\"500\" height=\"400\"><\/iframe><div style=\"background-color:#fff;color:#777;font-size:11px;line-height:16px;\">Powered by <a style=\"color:#06d;font-size:11px;line-height:16px;\" target=\"_blank\" href=\"https:\/\/es.wikiloc.com\" rel=\"noopener noreferrer\">Wikiloc<\/a><\/div>\n\n\n\n<div class=\"wp-block-image\"><figure class=\"aligncenter is-resized\"><img fetchpriority=\"high\" decoding=\"async\" src=\"http:\/\/galiciamaxica.eu\/mini\/wp-content\/uploads\/2019\/10\/img_5d9a17a39baec.jpg\" alt=\"\" width=\"595\" height=\"829\"\/><\/figure><\/div>\n\n\n\n<p>Arbo es de Cine que se lo pregunten a Sofia Villani Scicolone m\u00e1s conocida como Sophia Loren y ahora a tu familia que hab\u00e9is hecho vuestro este concello.  Me despido por hoy bailando un Mambo Italiano en Arbo con im\u00e1genes de la pel\u00edcula grabada en este concello (minuto 2:12). Buen viaje familias!<\/p>\n\n\n\n<iframe width=\"560\" height=\"315\" src=\"https:\/\/www.youtube.com\/embed\/s3Nr-FoA9Ps\" frameborder=\"0\" allow=\"accelerometer; autoplay; encrypted-media; gyroscope; picture-in-picture\" allowfullscreen=\"\"><\/iframe>\n","protected":false},"excerpt":{"rendered":"<p>Arbo esconde tesoros patrimoniales y naturales infinitos para que vivir un fant\u00e1stico d\u00eda en familia sea sencillo. Cuenta con senderos, miradores (uno reci\u00e9n estrenado), puentes con historia, playas fluviales (anota para verano), fervenzas, molinos, aldeas abandonadas, ermitas, museo\u2026 y as\u00ed un largo etc que os resumir\u00e9 en este mapa con nuestros sitios recomendados. Antes de [&hellip;]<\/p>\n","protected":false},"author":1,"featured_media":10789,"comment_status":"open","ping_status":"closed","sticky":false,"template":"","format":"standard","meta":{"_eb_attr":"","site-sidebar-layout":"default","site-content-layout":"","ast-site-content-layout":"","site-content-style":"default","site-sidebar-style":"default","ast-global-header-display":"","ast-banner-title-visibility":"","ast-main-header-display":"","ast-hfb-above-header-display":"","ast-hfb-below-header-display":"","ast-hfb-mobile-header-display":"","site-post-title":"","ast-breadcrumbs-content":"","ast-featured-img":"","footer-sml-layout":"","theme-transparent-header-meta":"","adv-header-id-meta":"","stick-header-meta":"","header-above-stick-meta":"","header-main-stick-meta":"","header-below-stick-meta":"","astra-migrate-meta-layouts":"default","ast-page-background-enabled":"default","ast-page-background-meta":{"desktop":{"background-color":"","background-image":"","background-repeat":"repeat","background-position":"center center","background-size":"auto","background-attachment":"scroll","background-type":"","background-media":"","overlay-type":"","overlay-color":"","overlay-opacity":"","overlay-gradient":""},"tablet":{"background-color":"","background-image":"","background-repeat":"repeat","background-position":"center center","background-size":"auto","background-attachment":"scroll","background-type":"","background-media":"","overlay-type":"","overlay-color":"","overlay-opacity":"","overlay-gradient":""},"mobile":{"background-color":"","background-image":"","background-repeat":"repeat","background-position":"center center","background-size":"auto","background-attachment":"scroll","background-type":"","background-media":"","overlay-type":"","overlay-color":"","overlay-opacity":"","overlay-gradient":""}},"ast-content-background-meta":{"desktop":{"background-color":"var(--ast-global-color-5)","background-image":"","background-repeat":"repeat","background-position":"center center","background-size":"auto","background-attachment":"scroll","background-type":"","background-media":"","overlay-type":"","overlay-color":"","overlay-opacity":"","overlay-gradient":""},"tablet":{"background-color":"var(--ast-global-color-5)","background-image":"","background-repeat":"repeat","background-position":"center center","background-size":"auto","background-attachment":"scroll","background-type":"","background-media":"","overlay-type":"","overlay-color":"","overlay-opacity":"","overlay-gradient":""},"mobile":{"background-color":"var(--ast-global-color-5)","background-image":"","background-repeat":"repeat","background-position":"center center","background-size":"auto","background-attachment":"scroll","background-type":"","background-media":"","overlay-type":"","overlay-color":"","overlay-opacity":"","overlay-gradient":""}},"footnotes":""},"categories":[48],"tags":[744],"class_list":["post-10758","post","type-post","status-publish","format-standard","has-post-thumbnail","hentry","category-pontevedra","tag-arbo"],"yoast_head":"<!-- This site is optimized with the Yoast SEO plugin v24.9 - https:\/\/yoast.com\/wordpress\/plugins\/seo\/ -->\n<title>Arbo M\u00e1xico - Galicia con ni\u00f1os | GALICIA M\u00c1XICA<\/title>\n<meta name=\"robots\" content=\"index, follow, max-snippet:-1, max-image-preview:large, max-video-preview:-1\" \/>\n<link rel=\"canonical\" href=\"https:\/\/www.galiciamaxica.eu\/mini\/arbo-maxico\/\" \/>\n<meta property=\"og:locale\" content=\"es_ES\" \/>\n<meta property=\"og:type\" content=\"article\" \/>\n<meta property=\"og:title\" content=\"Arbo M\u00e1xico - Galicia con ni\u00f1os | GALICIA M\u00c1XICA\" \/>\n<meta property=\"og:description\" content=\"Arbo esconde tesoros patrimoniales y naturales infinitos para que vivir un fant\u00e1stico d\u00eda en familia sea sencillo. Cuenta con senderos, miradores (uno reci\u00e9n estrenado), puentes con historia, playas fluviales (anota para verano), fervenzas, molinos, aldeas abandonadas, ermitas, museo\u2026 y as\u00ed un largo etc que os resumir\u00e9 en este mapa con nuestros sitios recomendados. Antes de [&hellip;]\" \/>\n<meta property=\"og:url\" content=\"https:\/\/www.galiciamaxica.eu\/mini\/arbo-maxico\/\" \/>\n<meta property=\"og:site_name\" content=\"Galicia con ni\u00f1os | GALICIA M\u00c1XICA\" \/>\n<meta property=\"article:publisher\" content=\"https:\/\/www.facebook.com\/maria.rodriguezserantes\" \/>\n<meta property=\"article:author\" content=\"https:\/\/www.facebook.com\/maria.rodriguezserantes\" \/>\n<meta property=\"article:published_time\" content=\"2019-03-29T09:44:07+00:00\" \/>\n<meta property=\"article:modified_time\" content=\"2024-08-13T17:40:40+00:00\" \/>\n<meta property=\"og:image\" content=\"https:\/\/www.galiciamaxica.eu\/mini\/wp-content\/uploads\/2019\/03\/Arbo.jpg\" \/>\n\t<meta property=\"og:image:width\" content=\"960\" \/>\n\t<meta property=\"og:image:height\" content=\"768\" \/>\n\t<meta property=\"og:image:type\" content=\"image\/jpeg\" \/>\n<meta name=\"author\" content=\"seseixa\" \/>\n<meta name=\"twitter:card\" content=\"summary_large_image\" \/>\n<meta name=\"twitter:creator\" content=\"@seseixa\" \/>\n<meta name=\"twitter:site\" content=\"@seseixa\" \/>\n<meta name=\"twitter:label1\" content=\"Escrito por\" \/>\n\t<meta name=\"twitter:data1\" content=\"seseixa\" \/>\n\t<meta name=\"twitter:label2\" content=\"Tiempo de lectura\" \/>\n\t<meta name=\"twitter:data2\" content=\"13 minutos\" \/>\n<script type=\"application\/ld+json\" class=\"yoast-schema-graph\">{\"@context\":\"https:\/\/schema.org\",\"@graph\":[{\"@type\":\"Article\",\"@id\":\"https:\/\/www.galiciamaxica.eu\/mini\/arbo-maxico\/#article\",\"isPartOf\":{\"@id\":\"https:\/\/www.galiciamaxica.eu\/mini\/arbo-maxico\/\"},\"author\":{\"name\":\"seseixa\",\"@id\":\"https:\/\/www.galiciamaxica.eu\/mini\/#\/schema\/person\/2b284fe2fd911000a48d2e8936300179\"},\"headline\":\"Arbo M\u00e1xico\",\"datePublished\":\"2019-03-29T09:44:07+00:00\",\"dateModified\":\"2024-08-13T17:40:40+00:00\",\"mainEntityOfPage\":{\"@id\":\"https:\/\/www.galiciamaxica.eu\/mini\/arbo-maxico\/\"},\"wordCount\":2540,\"commentCount\":0,\"publisher\":{\"@id\":\"https:\/\/www.galiciamaxica.eu\/mini\/#\/schema\/person\/2b284fe2fd911000a48d2e8936300179\"},\"image\":{\"@id\":\"https:\/\/www.galiciamaxica.eu\/mini\/arbo-maxico\/#primaryimage\"},\"thumbnailUrl\":\"https:\/\/www.galiciamaxica.eu\/mini\/wp-content\/uploads\/2019\/03\/Arbo.jpg\",\"keywords\":[\"Arbo\"],\"articleSection\":[\"PONTEVEDRA\"],\"inLanguage\":\"es\",\"potentialAction\":[{\"@type\":\"CommentAction\",\"name\":\"Comment\",\"target\":[\"https:\/\/www.galiciamaxica.eu\/mini\/arbo-maxico\/#respond\"]}]},{\"@type\":\"WebPage\",\"@id\":\"https:\/\/www.galiciamaxica.eu\/mini\/arbo-maxico\/\",\"url\":\"https:\/\/www.galiciamaxica.eu\/mini\/arbo-maxico\/\",\"name\":\"Arbo M\u00e1xico - Galicia con ni\u00f1os | GALICIA M\u00c1XICA\",\"isPartOf\":{\"@id\":\"https:\/\/www.galiciamaxica.eu\/mini\/#website\"},\"primaryImageOfPage\":{\"@id\":\"https:\/\/www.galiciamaxica.eu\/mini\/arbo-maxico\/#primaryimage\"},\"image\":{\"@id\":\"https:\/\/www.galiciamaxica.eu\/mini\/arbo-maxico\/#primaryimage\"},\"thumbnailUrl\":\"https:\/\/www.galiciamaxica.eu\/mini\/wp-content\/uploads\/2019\/03\/Arbo.jpg\",\"datePublished\":\"2019-03-29T09:44:07+00:00\",\"dateModified\":\"2024-08-13T17:40:40+00:00\",\"breadcrumb\":{\"@id\":\"https:\/\/www.galiciamaxica.eu\/mini\/arbo-maxico\/#breadcrumb\"},\"inLanguage\":\"es\",\"potentialAction\":[{\"@type\":\"ReadAction\",\"target\":[\"https:\/\/www.galiciamaxica.eu\/mini\/arbo-maxico\/\"]}]},{\"@type\":\"ImageObject\",\"inLanguage\":\"es\",\"@id\":\"https:\/\/www.galiciamaxica.eu\/mini\/arbo-maxico\/#primaryimage\",\"url\":\"https:\/\/www.galiciamaxica.eu\/mini\/wp-content\/uploads\/2019\/03\/Arbo.jpg\",\"contentUrl\":\"https:\/\/www.galiciamaxica.eu\/mini\/wp-content\/uploads\/2019\/03\/Arbo.jpg\",\"width\":960,\"height\":768,\"caption\":\"Arbo\"},{\"@type\":\"BreadcrumbList\",\"@id\":\"https:\/\/www.galiciamaxica.eu\/mini\/arbo-maxico\/#breadcrumb\",\"itemListElement\":[{\"@type\":\"ListItem\",\"position\":1,\"name\":\"Portada\",\"item\":\"https:\/\/www.galiciamaxica.eu\/mini\/\"},{\"@type\":\"ListItem\",\"position\":2,\"name\":\"Arbo M\u00e1xico\"}]},{\"@type\":\"WebSite\",\"@id\":\"https:\/\/www.galiciamaxica.eu\/mini\/#website\",\"url\":\"https:\/\/www.galiciamaxica.eu\/mini\/\",\"name\":\"Galicia con ni\u00f1os | GALICIA M\u00c1XICA\",\"description\":\"Qu\u00e9 hacer con ni\u00f1os en Galicia\",\"publisher\":{\"@id\":\"https:\/\/www.galiciamaxica.eu\/mini\/#\/schema\/person\/2b284fe2fd911000a48d2e8936300179\"},\"potentialAction\":[{\"@type\":\"SearchAction\",\"target\":{\"@type\":\"EntryPoint\",\"urlTemplate\":\"https:\/\/www.galiciamaxica.eu\/mini\/?s={search_term_string}\"},\"query-input\":{\"@type\":\"PropertyValueSpecification\",\"valueRequired\":true,\"valueName\":\"search_term_string\"}}],\"inLanguage\":\"es\"},{\"@type\":[\"Person\",\"Organization\"],\"@id\":\"https:\/\/www.galiciamaxica.eu\/mini\/#\/schema\/person\/2b284fe2fd911000a48d2e8936300179\",\"name\":\"seseixa\",\"image\":{\"@type\":\"ImageObject\",\"inLanguage\":\"es\",\"@id\":\"https:\/\/www.galiciamaxica.eu\/mini\/#\/schema\/person\/image\/\",\"url\":\"https:\/\/www.galiciamaxica.eu\/mini\/wp-content\/uploads\/2019\/02\/seseixa.png\",\"contentUrl\":\"https:\/\/www.galiciamaxica.eu\/mini\/wp-content\/uploads\/2019\/02\/seseixa.png\",\"width\":100,\"height\":100,\"caption\":\"seseixa\"},\"logo\":{\"@id\":\"https:\/\/www.galiciamaxica.eu\/mini\/#\/schema\/person\/image\/\"},\"description\":\"En la actualidad combinando dos proyectos que me apasionan, Galicia y los ni\u00f1os. Tengo mucho que aportar y otro tanto que aprender, as\u00ed como, el tiempo y el coraz\u00f3n, dividido en todo momento. Soy mam\u00e1, un titulo otorgado a tiempo completo, compa\u00f1era y amiga, a todas horas, familiar y cercana, siempre. De esp\u00edritu inquieto, soy una eterna ni\u00f1a que juega en el pa\u00eds de las maravillas. Una enamorada de mi tierra, por la que trabajo sin descanso. Creo en la infancia como motor que cambiar\u00e1 el mundo a mejor y busco en mi vida la felicidad como estado permanente porque s\u00f3lo se vive una vez.\",\"sameAs\":[\"http:\/\/mini.galiciamaxica.eu\/\",\"https:\/\/www.facebook.com\/maria.rodriguezserantes\",\"https:\/\/x.com\/seseixa\"],\"url\":\"https:\/\/www.galiciamaxica.eu\/mini\/author\/seseixa\/\"}]}<\/script>\n<!-- \/ Yoast SEO plugin. -->","yoast_head_json":{"title":"Arbo M\u00e1xico - Galicia con ni\u00f1os | GALICIA M\u00c1XICA","robots":{"index":"index","follow":"follow","max-snippet":"max-snippet:-1","max-image-preview":"max-image-preview:large","max-video-preview":"max-video-preview:-1"},"canonical":"https:\/\/www.galiciamaxica.eu\/mini\/arbo-maxico\/","og_locale":"es_ES","og_type":"article","og_title":"Arbo M\u00e1xico - Galicia con ni\u00f1os | GALICIA M\u00c1XICA","og_description":"Arbo esconde tesoros patrimoniales y naturales infinitos para que vivir un fant\u00e1stico d\u00eda en familia sea sencillo. Cuenta con senderos, miradores (uno reci\u00e9n estrenado), puentes con historia, playas fluviales (anota para verano), fervenzas, molinos, aldeas abandonadas, ermitas, museo\u2026 y as\u00ed un largo etc que os resumir\u00e9 en este mapa con nuestros sitios recomendados. Antes de [&hellip;]","og_url":"https:\/\/www.galiciamaxica.eu\/mini\/arbo-maxico\/","og_site_name":"Galicia con ni\u00f1os | GALICIA M\u00c1XICA","article_publisher":"https:\/\/www.facebook.com\/maria.rodriguezserantes","article_author":"https:\/\/www.facebook.com\/maria.rodriguezserantes","article_published_time":"2019-03-29T09:44:07+00:00","article_modified_time":"2024-08-13T17:40:40+00:00","og_image":[{"width":960,"height":768,"url":"https:\/\/www.galiciamaxica.eu\/mini\/wp-content\/uploads\/2019\/03\/Arbo.jpg","type":"image\/jpeg"}],"author":"seseixa","twitter_card":"summary_large_image","twitter_creator":"@seseixa","twitter_site":"@seseixa","twitter_misc":{"Escrito por":"seseixa","Tiempo de lectura":"13 minutos"},"schema":{"@context":"https:\/\/schema.org","@graph":[{"@type":"Article","@id":"https:\/\/www.galiciamaxica.eu\/mini\/arbo-maxico\/#article","isPartOf":{"@id":"https:\/\/www.galiciamaxica.eu\/mini\/arbo-maxico\/"},"author":{"name":"seseixa","@id":"https:\/\/www.galiciamaxica.eu\/mini\/#\/schema\/person\/2b284fe2fd911000a48d2e8936300179"},"headline":"Arbo M\u00e1xico","datePublished":"2019-03-29T09:44:07+00:00","dateModified":"2024-08-13T17:40:40+00:00","mainEntityOfPage":{"@id":"https:\/\/www.galiciamaxica.eu\/mini\/arbo-maxico\/"},"wordCount":2540,"commentCount":0,"publisher":{"@id":"https:\/\/www.galiciamaxica.eu\/mini\/#\/schema\/person\/2b284fe2fd911000a48d2e8936300179"},"image":{"@id":"https:\/\/www.galiciamaxica.eu\/mini\/arbo-maxico\/#primaryimage"},"thumbnailUrl":"https:\/\/www.galiciamaxica.eu\/mini\/wp-content\/uploads\/2019\/03\/Arbo.jpg","keywords":["Arbo"],"articleSection":["PONTEVEDRA"],"inLanguage":"es","potentialAction":[{"@type":"CommentAction","name":"Comment","target":["https:\/\/www.galiciamaxica.eu\/mini\/arbo-maxico\/#respond"]}]},{"@type":"WebPage","@id":"https:\/\/www.galiciamaxica.eu\/mini\/arbo-maxico\/","url":"https:\/\/www.galiciamaxica.eu\/mini\/arbo-maxico\/","name":"Arbo M\u00e1xico - Galicia con ni\u00f1os | GALICIA M\u00c1XICA","isPartOf":{"@id":"https:\/\/www.galiciamaxica.eu\/mini\/#website"},"primaryImageOfPage":{"@id":"https:\/\/www.galiciamaxica.eu\/mini\/arbo-maxico\/#primaryimage"},"image":{"@id":"https:\/\/www.galiciamaxica.eu\/mini\/arbo-maxico\/#primaryimage"},"thumbnailUrl":"https:\/\/www.galiciamaxica.eu\/mini\/wp-content\/uploads\/2019\/03\/Arbo.jpg","datePublished":"2019-03-29T09:44:07+00:00","dateModified":"2024-08-13T17:40:40+00:00","breadcrumb":{"@id":"https:\/\/www.galiciamaxica.eu\/mini\/arbo-maxico\/#breadcrumb"},"inLanguage":"es","potentialAction":[{"@type":"ReadAction","target":["https:\/\/www.galiciamaxica.eu\/mini\/arbo-maxico\/"]}]},{"@type":"ImageObject","inLanguage":"es","@id":"https:\/\/www.galiciamaxica.eu\/mini\/arbo-maxico\/#primaryimage","url":"https:\/\/www.galiciamaxica.eu\/mini\/wp-content\/uploads\/2019\/03\/Arbo.jpg","contentUrl":"https:\/\/www.galiciamaxica.eu\/mini\/wp-content\/uploads\/2019\/03\/Arbo.jpg","width":960,"height":768,"caption":"Arbo"},{"@type":"BreadcrumbList","@id":"https:\/\/www.galiciamaxica.eu\/mini\/arbo-maxico\/#breadcrumb","itemListElement":[{"@type":"ListItem","position":1,"name":"Portada","item":"https:\/\/www.galiciamaxica.eu\/mini\/"},{"@type":"ListItem","position":2,"name":"Arbo M\u00e1xico"}]},{"@type":"WebSite","@id":"https:\/\/www.galiciamaxica.eu\/mini\/#website","url":"https:\/\/www.galiciamaxica.eu\/mini\/","name":"Galicia con ni\u00f1os | GALICIA M\u00c1XICA","description":"Qu\u00e9 hacer con ni\u00f1os en Galicia","publisher":{"@id":"https:\/\/www.galiciamaxica.eu\/mini\/#\/schema\/person\/2b284fe2fd911000a48d2e8936300179"},"potentialAction":[{"@type":"SearchAction","target":{"@type":"EntryPoint","urlTemplate":"https:\/\/www.galiciamaxica.eu\/mini\/?s={search_term_string}"},"query-input":{"@type":"PropertyValueSpecification","valueRequired":true,"valueName":"search_term_string"}}],"inLanguage":"es"},{"@type":["Person","Organization"],"@id":"https:\/\/www.galiciamaxica.eu\/mini\/#\/schema\/person\/2b284fe2fd911000a48d2e8936300179","name":"seseixa","image":{"@type":"ImageObject","inLanguage":"es","@id":"https:\/\/www.galiciamaxica.eu\/mini\/#\/schema\/person\/image\/","url":"https:\/\/www.galiciamaxica.eu\/mini\/wp-content\/uploads\/2019\/02\/seseixa.png","contentUrl":"https:\/\/www.galiciamaxica.eu\/mini\/wp-content\/uploads\/2019\/02\/seseixa.png","width":100,"height":100,"caption":"seseixa"},"logo":{"@id":"https:\/\/www.galiciamaxica.eu\/mini\/#\/schema\/person\/image\/"},"description":"En la actualidad combinando dos proyectos que me apasionan, Galicia y los ni\u00f1os. Tengo mucho que aportar y otro tanto que aprender, as\u00ed como, el tiempo y el coraz\u00f3n, dividido en todo momento. Soy mam\u00e1, un titulo otorgado a tiempo completo, compa\u00f1era y amiga, a todas horas, familiar y cercana, siempre. De esp\u00edritu inquieto, soy una eterna ni\u00f1a que juega en el pa\u00eds de las maravillas. Una enamorada de mi tierra, por la que trabajo sin descanso. Creo en la infancia como motor que cambiar\u00e1 el mundo a mejor y busco en mi vida la felicidad como estado permanente porque s\u00f3lo se vive una vez.","sameAs":["http:\/\/mini.galiciamaxica.eu\/","https:\/\/www.facebook.com\/maria.rodriguezserantes","https:\/\/x.com\/seseixa"],"url":"https:\/\/www.galiciamaxica.eu\/mini\/author\/seseixa\/"}]}},"amp_enabled":true,"post_mailing_queue_ids":[],"_links":{"self":[{"href":"https:\/\/www.galiciamaxica.eu\/mini\/wp-json\/wp\/v2\/posts\/10758"}],"collection":[{"href":"https:\/\/www.galiciamaxica.eu\/mini\/wp-json\/wp\/v2\/posts"}],"about":[{"href":"https:\/\/www.galiciamaxica.eu\/mini\/wp-json\/wp\/v2\/types\/post"}],"author":[{"embeddable":true,"href":"https:\/\/www.galiciamaxica.eu\/mini\/wp-json\/wp\/v2\/users\/1"}],"replies":[{"embeddable":true,"href":"https:\/\/www.galiciamaxica.eu\/mini\/wp-json\/wp\/v2\/comments?post=10758"}],"version-history":[{"count":3,"href":"https:\/\/www.galiciamaxica.eu\/mini\/wp-json\/wp\/v2\/posts\/10758\/revisions"}],"predecessor-version":[{"id":22370,"href":"https:\/\/www.galiciamaxica.eu\/mini\/wp-json\/wp\/v2\/posts\/10758\/revisions\/22370"}],"wp:featuredmedia":[{"embeddable":true,"href":"https:\/\/www.galiciamaxica.eu\/mini\/wp-json\/wp\/v2\/media\/10789"}],"wp:attachment":[{"href":"https:\/\/www.galiciamaxica.eu\/mini\/wp-json\/wp\/v2\/media?parent=10758"}],"wp:term":[{"taxonomy":"category","embeddable":true,"href":"https:\/\/www.galiciamaxica.eu\/mini\/wp-json\/wp\/v2\/categories?post=10758"},{"taxonomy":"post_tag","embeddable":true,"href":"https:\/\/www.galiciamaxica.eu\/mini\/wp-json\/wp\/v2\/tags?post=10758"}],"curies":[{"name":"wp","href":"https:\/\/api.w.org\/{rel}","templated":true}]}}