{"id":10539,"date":"2019-02-16T17:27:41","date_gmt":"2019-02-16T16:27:41","guid":{"rendered":"https:\/\/www.galiciamaxica.eu\/mini\/?p=10539"},"modified":"2019-10-06T18:47:42","modified_gmt":"2019-10-06T16:47:42","slug":"la-confederacion-de-anpas-galegas-indignadas-por-una-serie-de-videos-destinados-al-alumnado","status":"publish","type":"post","link":"https:\/\/www.galiciamaxica.eu\/mini\/la-confederacion-de-anpas-galegas-indignadas-por-una-serie-de-videos-destinados-al-alumnado\/","title":{"rendered":"La \u2018Confederaci\u00f3n de ANPAS GALEGAS\u2019 indignadas por una serie de v\u00eddeos destinados al alumnado."},"content":{"rendered":"\n<p> \u201cLa Confederaci\u00f3n<strong> ANPAS GALEGAS<\/strong> rechaza rotundamente que los sectores m\u00e1s vulnerables de nuestra sociedad, entre los que se encuentran los m\u00e1s peque\u00f1os y los adolescentes, tengan que soportar en nuestros centros de ense\u00f1anza, o en cualquier actividad extraescolar, unas campa\u00f1as perniciosas que parecen querer ocultar la grave contaminaci\u00f3n, destrucci\u00f3n del paisaje y del patrimonio que denuncian colectivos integrados en<strong><a href=\"http:\/\/www.contraminaccion.org\/\"> \u2018ContraMINAcci\u00f3n\u2019\u201d<\/a><\/strong>, reza el comunicado.<\/p>\n\n\n\n<iframe width=\"860\" height=\"515\" src=\"https:\/\/www.youtube.com\/embed\/IR5g35y8_74\" frameborder=\"0\" allow=\"accelerometer; autoplay; encrypted-media; gyroscope; picture-in-picture\" allowfullscreen=\"\"><\/iframe>\n\n\n\n<p>Y al final del v\u00eddeo por si no ha quedado claro desde el principio, B\u00e1rbara la protagonista y minera nos recuerda y enfatiza \u00abA mineria de Galicia \u00e9 unha actividade sostible e imprecindible para a vida\u00bb os lo traduzco por si hay dudas  \u00abLa miner\u00eda de Galicia es una actividad sostenible e imprescindible para la vida\u00bb ah\u00ed lo deja para que se lo estudien muy bien.<\/p>\n","protected":false},"excerpt":{"rendered":"<p>\u201cLa Confederaci\u00f3n ANPAS GALEGAS rechaza rotundamente que los sectores m\u00e1s vulnerables de nuestra sociedad, entre los que se encuentran los m\u00e1s peque\u00f1os y los adolescentes, tengan que soportar en nuestros centros de ense\u00f1anza, o en cualquier actividad extraescolar, unas campa\u00f1as perniciosas que parecen querer ocultar la grave contaminaci\u00f3n, destrucci\u00f3n del paisaje y del patrimonio que [&hellip;]<\/p>\n","protected":false},"author":1,"featured_media":10545,"comment_status":"open","ping_status":"closed","sticky":false,"template":"","format":"standard","meta":{"_eb_attr":"","site-sidebar-layout":"default","site-content-layout":"","ast-site-content-layout":"","site-content-style":"default","site-sidebar-style":"default","ast-global-header-display":"","ast-banner-title-visibility":"","ast-main-header-display":"","ast-hfb-above-header-display":"","ast-hfb-below-header-display":"","ast-hfb-mobile-header-display":"","site-post-title":"","ast-breadcrumbs-content":"","ast-featured-img":"","footer-sml-layout":"","theme-transparent-header-meta":"","adv-header-id-meta":"","stick-header-meta":"","header-above-stick-meta":"","header-main-stick-meta":"","header-below-stick-meta":"","astra-migrate-meta-layouts":"default","ast-page-background-enabled":"default","ast-page-background-meta":{"desktop":{"background-color":"","background-image":"","background-repeat":"repeat","background-position":"center center","background-size":"auto","background-attachment":"scroll","background-type":"","background-media":"","overlay-type":"","overlay-color":"","overlay-opacity":"","overlay-gradient":""},"tablet":{"background-color":"","background-image":"","background-repeat":"repeat","background-position":"center center","background-size":"auto","background-attachment":"scroll","background-type":"","background-media":"","overlay-type":"","overlay-color":"","overlay-opacity":"","overlay-gradient":""},"mobile":{"background-color":"","background-image":"","background-repeat":"repeat","background-position":"center center","background-size":"auto","background-attachment":"scroll","background-type":"","background-media":"","overlay-type":"","overlay-color":"","overlay-opacity":"","overlay-gradient":""}},"ast-content-background-meta":{"desktop":{"background-color":"var(--ast-global-color-5)","background-image":"","background-repeat":"repeat","background-position":"center center","background-size":"auto","background-attachment":"scroll","background-type":"","background-media":"","overlay-type":"","overlay-color":"","overlay-opacity":"","overlay-gradient":""},"tablet":{"background-color":"var(--ast-global-color-5)","background-image":"","background-repeat":"repeat","background-position":"center center","background-size":"auto","background-attachment":"scroll","background-type":"","background-media":"","overlay-type":"","overlay-color":"","overlay-opacity":"","overlay-gradient":""},"mobile":{"background-color":"var(--ast-global-color-5)","background-image":"","background-repeat":"repeat","background-position":"center center","background-size":"auto","background-attachment":"scroll","background-type":"","background-media":"","overlay-type":"","overlay-color":"","overlay-opacity":"","overlay-gradient":""}},"footnotes":""},"categories":[13],"tags":[25,1145,1146],"class_list":["post-10539","post","type-post","status-publish","format-standard","has-post-thumbnail","hentry","category-actividades","tag-galicia","tag-mineria","tag-videos"],"yoast_head":"<!-- This site is optimized with the Yoast SEO plugin v24.9 - https:\/\/yoast.com\/wordpress\/plugins\/seo\/ -->\n<title>La \u2018Confederaci\u00f3n de ANPAS GALEGAS\u2019 indignadas por una serie de v\u00eddeos destinados al alumnado. - Galicia con ni\u00f1os | GALICIA M\u00c1XICA<\/title>\n<meta name=\"description\" content=\"La \u2018Confederaci\u00f3n de ANPAS GALEGAS\u2019 indignadas por una serie de v\u00eddeos destinados al alumnado.\" \/>\n<meta name=\"robots\" content=\"index, follow, max-snippet:-1, max-image-preview:large, max-video-preview:-1\" \/>\n<link rel=\"canonical\" href=\"https:\/\/www.galiciamaxica.eu\/mini\/la-confederacion-de-anpas-galegas-indignadas-por-una-serie-de-videos-destinados-al-alumnado\/\" \/>\n<meta property=\"og:locale\" content=\"es_ES\" \/>\n<meta property=\"og:type\" content=\"article\" \/>\n<meta property=\"og:title\" content=\"La \u2018Confederaci\u00f3n de ANPAS GALEGAS\u2019 indignadas por una serie de v\u00eddeos destinados al alumnado. - Galicia con ni\u00f1os | GALICIA M\u00c1XICA\" \/>\n<meta property=\"og:description\" content=\"La \u2018Confederaci\u00f3n de ANPAS GALEGAS\u2019 indignadas por una serie de v\u00eddeos destinados al alumnado.\" \/>\n<meta property=\"og:url\" content=\"https:\/\/www.galiciamaxica.eu\/mini\/la-confederacion-de-anpas-galegas-indignadas-por-una-serie-de-videos-destinados-al-alumnado\/\" \/>\n<meta property=\"og:site_name\" content=\"Galicia con ni\u00f1os | GALICIA M\u00c1XICA\" \/>\n<meta property=\"article:publisher\" content=\"https:\/\/www.facebook.com\/maria.rodriguezserantes\" \/>\n<meta property=\"article:author\" content=\"https:\/\/www.facebook.com\/maria.rodriguezserantes\" \/>\n<meta property=\"article:published_time\" content=\"2019-02-16T16:27:41+00:00\" \/>\n<meta property=\"article:modified_time\" content=\"2019-10-06T16:47:42+00:00\" \/>\n<meta property=\"og:image\" content=\"https:\/\/www.galiciamaxica.eu\/mini\/wp-content\/uploads\/2019\/02\/se-buscan-Hero\u00ednas-2.jpg\" \/>\n\t<meta property=\"og:image:width\" content=\"1280\" \/>\n\t<meta property=\"og:image:height\" content=\"720\" \/>\n\t<meta property=\"og:image:type\" content=\"image\/jpeg\" \/>\n<meta name=\"author\" content=\"seseixa\" \/>\n<meta name=\"twitter:card\" content=\"summary_large_image\" \/>\n<meta name=\"twitter:creator\" content=\"@seseixa\" \/>\n<meta name=\"twitter:site\" content=\"@seseixa\" \/>\n<meta name=\"twitter:label1\" content=\"Escrito por\" \/>\n\t<meta name=\"twitter:data1\" content=\"seseixa\" \/>\n\t<meta name=\"twitter:label2\" content=\"Tiempo de lectura\" \/>\n\t<meta name=\"twitter:data2\" content=\"1 minuto\" \/>\n<script type=\"application\/ld+json\" class=\"yoast-schema-graph\">{\"@context\":\"https:\/\/schema.org\",\"@graph\":[{\"@type\":\"Article\",\"@id\":\"https:\/\/www.galiciamaxica.eu\/mini\/la-confederacion-de-anpas-galegas-indignadas-por-una-serie-de-videos-destinados-al-alumnado\/#article\",\"isPartOf\":{\"@id\":\"https:\/\/www.galiciamaxica.eu\/mini\/la-confederacion-de-anpas-galegas-indignadas-por-una-serie-de-videos-destinados-al-alumnado\/\"},\"author\":{\"name\":\"seseixa\",\"@id\":\"https:\/\/www.galiciamaxica.eu\/mini\/#\/schema\/person\/2b284fe2fd911000a48d2e8936300179\"},\"headline\":\"La \u2018Confederaci\u00f3n de ANPAS GALEGAS\u2019 indignadas por una serie de v\u00eddeos destinados al alumnado.\",\"datePublished\":\"2019-02-16T16:27:41+00:00\",\"dateModified\":\"2019-10-06T16:47:42+00:00\",\"mainEntityOfPage\":{\"@id\":\"https:\/\/www.galiciamaxica.eu\/mini\/la-confederacion-de-anpas-galegas-indignadas-por-una-serie-de-videos-destinados-al-alumnado\/\"},\"wordCount\":156,\"commentCount\":0,\"publisher\":{\"@id\":\"https:\/\/www.galiciamaxica.eu\/mini\/#\/schema\/person\/2b284fe2fd911000a48d2e8936300179\"},\"image\":{\"@id\":\"https:\/\/www.galiciamaxica.eu\/mini\/la-confederacion-de-anpas-galegas-indignadas-por-una-serie-de-videos-destinados-al-alumnado\/#primaryimage\"},\"thumbnailUrl\":\"https:\/\/www.galiciamaxica.eu\/mini\/wp-content\/uploads\/2019\/02\/se-buscan-Hero\u00ednas-2.jpg\",\"keywords\":[\"Galicia\",\"miner\u00eda\",\"v\u00eddeos\"],\"articleSection\":[\"ACTIVIDADES\"],\"inLanguage\":\"es\",\"potentialAction\":[{\"@type\":\"CommentAction\",\"name\":\"Comment\",\"target\":[\"https:\/\/www.galiciamaxica.eu\/mini\/la-confederacion-de-anpas-galegas-indignadas-por-una-serie-de-videos-destinados-al-alumnado\/#respond\"]}]},{\"@type\":\"WebPage\",\"@id\":\"https:\/\/www.galiciamaxica.eu\/mini\/la-confederacion-de-anpas-galegas-indignadas-por-una-serie-de-videos-destinados-al-alumnado\/\",\"url\":\"https:\/\/www.galiciamaxica.eu\/mini\/la-confederacion-de-anpas-galegas-indignadas-por-una-serie-de-videos-destinados-al-alumnado\/\",\"name\":\"La \u2018Confederaci\u00f3n de ANPAS GALEGAS\u2019 indignadas por una serie de v\u00eddeos destinados al alumnado. - Galicia con ni\u00f1os | GALICIA M\u00c1XICA\",\"isPartOf\":{\"@id\":\"https:\/\/www.galiciamaxica.eu\/mini\/#website\"},\"primaryImageOfPage\":{\"@id\":\"https:\/\/www.galiciamaxica.eu\/mini\/la-confederacion-de-anpas-galegas-indignadas-por-una-serie-de-videos-destinados-al-alumnado\/#primaryimage\"},\"image\":{\"@id\":\"https:\/\/www.galiciamaxica.eu\/mini\/la-confederacion-de-anpas-galegas-indignadas-por-una-serie-de-videos-destinados-al-alumnado\/#primaryimage\"},\"thumbnailUrl\":\"https:\/\/www.galiciamaxica.eu\/mini\/wp-content\/uploads\/2019\/02\/se-buscan-Hero\u00ednas-2.jpg\",\"datePublished\":\"2019-02-16T16:27:41+00:00\",\"dateModified\":\"2019-10-06T16:47:42+00:00\",\"description\":\"La \u2018Confederaci\u00f3n de ANPAS GALEGAS\u2019 indignadas por una serie de v\u00eddeos destinados al alumnado.\",\"breadcrumb\":{\"@id\":\"https:\/\/www.galiciamaxica.eu\/mini\/la-confederacion-de-anpas-galegas-indignadas-por-una-serie-de-videos-destinados-al-alumnado\/#breadcrumb\"},\"inLanguage\":\"es\",\"potentialAction\":[{\"@type\":\"ReadAction\",\"target\":[\"https:\/\/www.galiciamaxica.eu\/mini\/la-confederacion-de-anpas-galegas-indignadas-por-una-serie-de-videos-destinados-al-alumnado\/\"]}]},{\"@type\":\"ImageObject\",\"inLanguage\":\"es\",\"@id\":\"https:\/\/www.galiciamaxica.eu\/mini\/la-confederacion-de-anpas-galegas-indignadas-por-una-serie-de-videos-destinados-al-alumnado\/#primaryimage\",\"url\":\"https:\/\/www.galiciamaxica.eu\/mini\/wp-content\/uploads\/2019\/02\/se-buscan-Hero\u00ednas-2.jpg\",\"contentUrl\":\"https:\/\/www.galiciamaxica.eu\/mini\/wp-content\/uploads\/2019\/02\/se-buscan-Hero\u00ednas-2.jpg\",\"width\":1280,\"height\":720},{\"@type\":\"BreadcrumbList\",\"@id\":\"https:\/\/www.galiciamaxica.eu\/mini\/la-confederacion-de-anpas-galegas-indignadas-por-una-serie-de-videos-destinados-al-alumnado\/#breadcrumb\",\"itemListElement\":[{\"@type\":\"ListItem\",\"position\":1,\"name\":\"Portada\",\"item\":\"https:\/\/www.galiciamaxica.eu\/mini\/\"},{\"@type\":\"ListItem\",\"position\":2,\"name\":\"La \u2018Confederaci\u00f3n de ANPAS GALEGAS\u2019 indignadas por una serie de v\u00eddeos destinados al alumnado.\"}]},{\"@type\":\"WebSite\",\"@id\":\"https:\/\/www.galiciamaxica.eu\/mini\/#website\",\"url\":\"https:\/\/www.galiciamaxica.eu\/mini\/\",\"name\":\"Galicia con ni\u00f1os | GALICIA M\u00c1XICA\",\"description\":\"Qu\u00e9 hacer con ni\u00f1os en Galicia\",\"publisher\":{\"@id\":\"https:\/\/www.galiciamaxica.eu\/mini\/#\/schema\/person\/2b284fe2fd911000a48d2e8936300179\"},\"potentialAction\":[{\"@type\":\"SearchAction\",\"target\":{\"@type\":\"EntryPoint\",\"urlTemplate\":\"https:\/\/www.galiciamaxica.eu\/mini\/?s={search_term_string}\"},\"query-input\":{\"@type\":\"PropertyValueSpecification\",\"valueRequired\":true,\"valueName\":\"search_term_string\"}}],\"inLanguage\":\"es\"},{\"@type\":[\"Person\",\"Organization\"],\"@id\":\"https:\/\/www.galiciamaxica.eu\/mini\/#\/schema\/person\/2b284fe2fd911000a48d2e8936300179\",\"name\":\"seseixa\",\"image\":{\"@type\":\"ImageObject\",\"inLanguage\":\"es\",\"@id\":\"https:\/\/www.galiciamaxica.eu\/mini\/#\/schema\/person\/image\/\",\"url\":\"https:\/\/www.galiciamaxica.eu\/mini\/wp-content\/uploads\/2019\/02\/seseixa.png\",\"contentUrl\":\"https:\/\/www.galiciamaxica.eu\/mini\/wp-content\/uploads\/2019\/02\/seseixa.png\",\"width\":100,\"height\":100,\"caption\":\"seseixa\"},\"logo\":{\"@id\":\"https:\/\/www.galiciamaxica.eu\/mini\/#\/schema\/person\/image\/\"},\"description\":\"En la actualidad combinando dos proyectos que me apasionan, Galicia y los ni\u00f1os. Tengo mucho que aportar y otro tanto que aprender, as\u00ed como, el tiempo y el coraz\u00f3n, dividido en todo momento. Soy mam\u00e1, un titulo otorgado a tiempo completo, compa\u00f1era y amiga, a todas horas, familiar y cercana, siempre. De esp\u00edritu inquieto, soy una eterna ni\u00f1a que juega en el pa\u00eds de las maravillas. Una enamorada de mi tierra, por la que trabajo sin descanso. Creo en la infancia como motor que cambiar\u00e1 el mundo a mejor y busco en mi vida la felicidad como estado permanente porque s\u00f3lo se vive una vez.\",\"sameAs\":[\"http:\/\/mini.galiciamaxica.eu\/\",\"https:\/\/www.facebook.com\/maria.rodriguezserantes\",\"https:\/\/x.com\/seseixa\"],\"url\":\"https:\/\/www.galiciamaxica.eu\/mini\/author\/seseixa\/\"}]}<\/script>\n<!-- \/ Yoast SEO plugin. -->","yoast_head_json":{"title":"La \u2018Confederaci\u00f3n de ANPAS GALEGAS\u2019 indignadas por una serie de v\u00eddeos destinados al alumnado. - Galicia con ni\u00f1os | GALICIA M\u00c1XICA","description":"La \u2018Confederaci\u00f3n de ANPAS GALEGAS\u2019 indignadas por una serie de v\u00eddeos destinados al alumnado.","robots":{"index":"index","follow":"follow","max-snippet":"max-snippet:-1","max-image-preview":"max-image-preview:large","max-video-preview":"max-video-preview:-1"},"canonical":"https:\/\/www.galiciamaxica.eu\/mini\/la-confederacion-de-anpas-galegas-indignadas-por-una-serie-de-videos-destinados-al-alumnado\/","og_locale":"es_ES","og_type":"article","og_title":"La \u2018Confederaci\u00f3n de ANPAS GALEGAS\u2019 indignadas por una serie de v\u00eddeos destinados al alumnado. - Galicia con ni\u00f1os | GALICIA M\u00c1XICA","og_description":"La \u2018Confederaci\u00f3n de ANPAS GALEGAS\u2019 indignadas por una serie de v\u00eddeos destinados al alumnado.","og_url":"https:\/\/www.galiciamaxica.eu\/mini\/la-confederacion-de-anpas-galegas-indignadas-por-una-serie-de-videos-destinados-al-alumnado\/","og_site_name":"Galicia con ni\u00f1os | GALICIA M\u00c1XICA","article_publisher":"https:\/\/www.facebook.com\/maria.rodriguezserantes","article_author":"https:\/\/www.facebook.com\/maria.rodriguezserantes","article_published_time":"2019-02-16T16:27:41+00:00","article_modified_time":"2019-10-06T16:47:42+00:00","og_image":[{"width":1280,"height":720,"url":"https:\/\/www.galiciamaxica.eu\/mini\/wp-content\/uploads\/2019\/02\/se-buscan-Hero\u00ednas-2.jpg","type":"image\/jpeg"}],"author":"seseixa","twitter_card":"summary_large_image","twitter_creator":"@seseixa","twitter_site":"@seseixa","twitter_misc":{"Escrito por":"seseixa","Tiempo de lectura":"1 minuto"},"schema":{"@context":"https:\/\/schema.org","@graph":[{"@type":"Article","@id":"https:\/\/www.galiciamaxica.eu\/mini\/la-confederacion-de-anpas-galegas-indignadas-por-una-serie-de-videos-destinados-al-alumnado\/#article","isPartOf":{"@id":"https:\/\/www.galiciamaxica.eu\/mini\/la-confederacion-de-anpas-galegas-indignadas-por-una-serie-de-videos-destinados-al-alumnado\/"},"author":{"name":"seseixa","@id":"https:\/\/www.galiciamaxica.eu\/mini\/#\/schema\/person\/2b284fe2fd911000a48d2e8936300179"},"headline":"La \u2018Confederaci\u00f3n de ANPAS GALEGAS\u2019 indignadas por una serie de v\u00eddeos destinados al alumnado.","datePublished":"2019-02-16T16:27:41+00:00","dateModified":"2019-10-06T16:47:42+00:00","mainEntityOfPage":{"@id":"https:\/\/www.galiciamaxica.eu\/mini\/la-confederacion-de-anpas-galegas-indignadas-por-una-serie-de-videos-destinados-al-alumnado\/"},"wordCount":156,"commentCount":0,"publisher":{"@id":"https:\/\/www.galiciamaxica.eu\/mini\/#\/schema\/person\/2b284fe2fd911000a48d2e8936300179"},"image":{"@id":"https:\/\/www.galiciamaxica.eu\/mini\/la-confederacion-de-anpas-galegas-indignadas-por-una-serie-de-videos-destinados-al-alumnado\/#primaryimage"},"thumbnailUrl":"https:\/\/www.galiciamaxica.eu\/mini\/wp-content\/uploads\/2019\/02\/se-buscan-Hero\u00ednas-2.jpg","keywords":["Galicia","miner\u00eda","v\u00eddeos"],"articleSection":["ACTIVIDADES"],"inLanguage":"es","potentialAction":[{"@type":"CommentAction","name":"Comment","target":["https:\/\/www.galiciamaxica.eu\/mini\/la-confederacion-de-anpas-galegas-indignadas-por-una-serie-de-videos-destinados-al-alumnado\/#respond"]}]},{"@type":"WebPage","@id":"https:\/\/www.galiciamaxica.eu\/mini\/la-confederacion-de-anpas-galegas-indignadas-por-una-serie-de-videos-destinados-al-alumnado\/","url":"https:\/\/www.galiciamaxica.eu\/mini\/la-confederacion-de-anpas-galegas-indignadas-por-una-serie-de-videos-destinados-al-alumnado\/","name":"La \u2018Confederaci\u00f3n de ANPAS GALEGAS\u2019 indignadas por una serie de v\u00eddeos destinados al alumnado. - Galicia con ni\u00f1os | GALICIA M\u00c1XICA","isPartOf":{"@id":"https:\/\/www.galiciamaxica.eu\/mini\/#website"},"primaryImageOfPage":{"@id":"https:\/\/www.galiciamaxica.eu\/mini\/la-confederacion-de-anpas-galegas-indignadas-por-una-serie-de-videos-destinados-al-alumnado\/#primaryimage"},"image":{"@id":"https:\/\/www.galiciamaxica.eu\/mini\/la-confederacion-de-anpas-galegas-indignadas-por-una-serie-de-videos-destinados-al-alumnado\/#primaryimage"},"thumbnailUrl":"https:\/\/www.galiciamaxica.eu\/mini\/wp-content\/uploads\/2019\/02\/se-buscan-Hero\u00ednas-2.jpg","datePublished":"2019-02-16T16:27:41+00:00","dateModified":"2019-10-06T16:47:42+00:00","description":"La \u2018Confederaci\u00f3n de ANPAS GALEGAS\u2019 indignadas por una serie de v\u00eddeos destinados al alumnado.","breadcrumb":{"@id":"https:\/\/www.galiciamaxica.eu\/mini\/la-confederacion-de-anpas-galegas-indignadas-por-una-serie-de-videos-destinados-al-alumnado\/#breadcrumb"},"inLanguage":"es","potentialAction":[{"@type":"ReadAction","target":["https:\/\/www.galiciamaxica.eu\/mini\/la-confederacion-de-anpas-galegas-indignadas-por-una-serie-de-videos-destinados-al-alumnado\/"]}]},{"@type":"ImageObject","inLanguage":"es","@id":"https:\/\/www.galiciamaxica.eu\/mini\/la-confederacion-de-anpas-galegas-indignadas-por-una-serie-de-videos-destinados-al-alumnado\/#primaryimage","url":"https:\/\/www.galiciamaxica.eu\/mini\/wp-content\/uploads\/2019\/02\/se-buscan-Hero\u00ednas-2.jpg","contentUrl":"https:\/\/www.galiciamaxica.eu\/mini\/wp-content\/uploads\/2019\/02\/se-buscan-Hero\u00ednas-2.jpg","width":1280,"height":720},{"@type":"BreadcrumbList","@id":"https:\/\/www.galiciamaxica.eu\/mini\/la-confederacion-de-anpas-galegas-indignadas-por-una-serie-de-videos-destinados-al-alumnado\/#breadcrumb","itemListElement":[{"@type":"ListItem","position":1,"name":"Portada","item":"https:\/\/www.galiciamaxica.eu\/mini\/"},{"@type":"ListItem","position":2,"name":"La \u2018Confederaci\u00f3n de ANPAS GALEGAS\u2019 indignadas por una serie de v\u00eddeos destinados al alumnado."}]},{"@type":"WebSite","@id":"https:\/\/www.galiciamaxica.eu\/mini\/#website","url":"https:\/\/www.galiciamaxica.eu\/mini\/","name":"Galicia con ni\u00f1os | GALICIA M\u00c1XICA","description":"Qu\u00e9 hacer con ni\u00f1os en Galicia","publisher":{"@id":"https:\/\/www.galiciamaxica.eu\/mini\/#\/schema\/person\/2b284fe2fd911000a48d2e8936300179"},"potentialAction":[{"@type":"SearchAction","target":{"@type":"EntryPoint","urlTemplate":"https:\/\/www.galiciamaxica.eu\/mini\/?s={search_term_string}"},"query-input":{"@type":"PropertyValueSpecification","valueRequired":true,"valueName":"search_term_string"}}],"inLanguage":"es"},{"@type":["Person","Organization"],"@id":"https:\/\/www.galiciamaxica.eu\/mini\/#\/schema\/person\/2b284fe2fd911000a48d2e8936300179","name":"seseixa","image":{"@type":"ImageObject","inLanguage":"es","@id":"https:\/\/www.galiciamaxica.eu\/mini\/#\/schema\/person\/image\/","url":"https:\/\/www.galiciamaxica.eu\/mini\/wp-content\/uploads\/2019\/02\/seseixa.png","contentUrl":"https:\/\/www.galiciamaxica.eu\/mini\/wp-content\/uploads\/2019\/02\/seseixa.png","width":100,"height":100,"caption":"seseixa"},"logo":{"@id":"https:\/\/www.galiciamaxica.eu\/mini\/#\/schema\/person\/image\/"},"description":"En la actualidad combinando dos proyectos que me apasionan, Galicia y los ni\u00f1os. Tengo mucho que aportar y otro tanto que aprender, as\u00ed como, el tiempo y el coraz\u00f3n, dividido en todo momento. Soy mam\u00e1, un titulo otorgado a tiempo completo, compa\u00f1era y amiga, a todas horas, familiar y cercana, siempre. De esp\u00edritu inquieto, soy una eterna ni\u00f1a que juega en el pa\u00eds de las maravillas. Una enamorada de mi tierra, por la que trabajo sin descanso. Creo en la infancia como motor que cambiar\u00e1 el mundo a mejor y busco en mi vida la felicidad como estado permanente porque s\u00f3lo se vive una vez.","sameAs":["http:\/\/mini.galiciamaxica.eu\/","https:\/\/www.facebook.com\/maria.rodriguezserantes","https:\/\/x.com\/seseixa"],"url":"https:\/\/www.galiciamaxica.eu\/mini\/author\/seseixa\/"}]}},"amp_enabled":true,"post_mailing_queue_ids":[],"_links":{"self":[{"href":"https:\/\/www.galiciamaxica.eu\/mini\/wp-json\/wp\/v2\/posts\/10539"}],"collection":[{"href":"https:\/\/www.galiciamaxica.eu\/mini\/wp-json\/wp\/v2\/posts"}],"about":[{"href":"https:\/\/www.galiciamaxica.eu\/mini\/wp-json\/wp\/v2\/types\/post"}],"author":[{"embeddable":true,"href":"https:\/\/www.galiciamaxica.eu\/mini\/wp-json\/wp\/v2\/users\/1"}],"replies":[{"embeddable":true,"href":"https:\/\/www.galiciamaxica.eu\/mini\/wp-json\/wp\/v2\/comments?post=10539"}],"version-history":[{"count":0,"href":"https:\/\/www.galiciamaxica.eu\/mini\/wp-json\/wp\/v2\/posts\/10539\/revisions"}],"wp:featuredmedia":[{"embeddable":true,"href":"https:\/\/www.galiciamaxica.eu\/mini\/wp-json\/wp\/v2\/media\/10545"}],"wp:attachment":[{"href":"https:\/\/www.galiciamaxica.eu\/mini\/wp-json\/wp\/v2\/media?parent=10539"}],"wp:term":[{"taxonomy":"category","embeddable":true,"href":"https:\/\/www.galiciamaxica.eu\/mini\/wp-json\/wp\/v2\/categories?post=10539"},{"taxonomy":"post_tag","embeddable":true,"href":"https:\/\/www.galiciamaxica.eu\/mini\/wp-json\/wp\/v2\/tags?post=10539"}],"curies":[{"name":"wp","href":"https:\/\/api.w.org\/{rel}","templated":true}]}}