{"id":10467,"date":"2019-02-05T20:08:56","date_gmt":"2019-02-05T19:08:56","guid":{"rendered":"https:\/\/www.galiciamaxica.eu\/mini\/?p=10467"},"modified":"2024-08-13T19:35:35","modified_gmt":"2024-08-13T17:35:35","slug":"hoy-nos-vamos-a-ares","status":"publish","type":"post","link":"https:\/\/www.galiciamaxica.eu\/mini\/hoy-nos-vamos-a-ares\/","title":{"rendered":"Hoy nos vamos a Ares"},"content":{"rendered":"\n<p>Ares, que nombre tan bonito \u00bfverdad? pues la etimolog\u00eda de este nombre de concello a\u00fan sigue siendo un misterio y fruto de estudios. El nombre de Ares se podr\u00eda deber al pueblo fenicio, ya que Ara Solis era una de sus ciudades en Fisterra. Ares tambi\u00e9n es el nombre que los griegos dieron a su dios de la guerra, lo nombrar\u00edan como \u00abMarte\u00bb m\u00e1s adelante. Sin embargo, algunos historiadores como Garc\u00eda de la Riega se inclinan por la ascendencia celta de este nombre, ya que AR o ARU es una palabra de origen celta y que significa Dios, y con este nombre y derivados fundaron numerosos pueblos en Galicia: Ares, Areosa, Arousa&#8230; que dan sentido a lo afirmado.<\/p>\n\n\n\n<h4 class=\"wp-block-heading\">PARA HACER VIAJE- EL MAPA<\/h4>\n\n\n\n<p><em>RECUERDA EL D\u00d3NDE EMPEZARLO, TERMINARLO Y QU\u00c9 VER ES COSA VUESTRA, YO SOLO OS DOY PISTAS CON MIS RECOMENDADOS QUE PUEDEN O NO SER LOS VUESTROS.<\/em><\/p>\n\n\n\n<p>Visitaremos dos pueblos marineros peculiares, el de Redes conocido como \u201cla Venecia gallega\u201d y el de Ares. Nos perderemos sin prisas con los ni\u00f1os por su esencia marinera, visitaremos y descubriremos tambi\u00e9n que eran las <strong>bater\u00edas de costa <\/strong>(aqu\u00ed en Ares tendr\u00e9is unas cuantas). <\/p>\n\n\n\n<iframe src=\"https:\/\/www.google.com\/maps\/d\/embed?mid=1OWhfwJ2mYpEUDIDflptUL2cDbfrG6FZt\" width=\"640\" height=\"480\"><\/iframe>\n\n\n\n<h2 class=\"wp-block-heading\"><a href=\"https:\/\/www.escapalandia.com\/etiqueta\/que-ver-en-redes-con-ninos\/\">Pueblo de REDES en Ares<\/a><\/h2>\n\n\n\n<p>El top\u00f3nimo de Redes procede de una tradicional costumbre de los pescadores. Antiguamente, tras recoger lo que se pescaba del d\u00eda se colgaban las redes a secar sobre unas estacas colocadas en el puerto de ah\u00ed le viene el bonito nombre.<\/p>\n\n\n\n<div class=\"wp-block-image\"><figure class=\"aligncenter\"><img decoding=\"async\" src=\"http:\/\/galiciamaxica.eu\/mini\/wp-content\/uploads\/2019\/10\/REDES252C2BARES2B52.jpg\" alt=\"\"\/><figcaption> <strong><a href=\"http:\/\/galiciapuebloapueblo.blogspot.com\/2017\/09\/pueblo-marinero-de-redes-ares.html\">Galicia Pueblo a Pueblo <\/a><\/strong>foto de<strong>La plaza del Pedregal&nbsp; <\/strong><\/figcaption><\/figure><\/div>\n\n\n\n<p>Redes es muy peque\u00f1o y acogedor, tiene media docena de calles. Con un ritmo tranquilo podemos callejear y  hacerle una visita muy especial.<\/p>\n\n\n\n<figure class=\"wp-block-image\"><img fetchpriority=\"high\" decoding=\"async\" width=\"966\" height=\"768\" src=\"https:\/\/www.galiciamaxica.eu\/mini\/wp-content\/uploads\/2019\/02\/Captura-1.jpg\" alt=\"\" class=\"wp-image-10476\" srcset=\"https:\/\/www.galiciamaxica.eu\/mini\/wp-content\/uploads\/2019\/02\/Captura-1.jpg 966w, https:\/\/www.galiciamaxica.eu\/mini\/wp-content\/uploads\/2019\/02\/Captura-1-300x239.jpg 300w, https:\/\/www.galiciamaxica.eu\/mini\/wp-content\/uploads\/2019\/02\/Captura-1-768x611.jpg 768w\" sizes=\"(max-width: 966px) 100vw, 966px\" \/><\/figure>\n\n\n\n<p>Sus nombre son muy faciles <strong>Arriba, Medio, Abaixo, Nova y Ribeira,<\/strong> abrazadas todas ellas por la avenida de<strong> Gaspar Rodr\u00edguez<\/strong> en honor del que fuera su primer alcalde.<\/p>\n\n\n\n<div class=\"wp-block-image\"><figure class=\"aligncenter\"><img decoding=\"async\" src=\"http:\/\/galiciamaxica.eu\/mini\/wp-content\/uploads\/2019\/10\/REDES252C2BARES2B44.jpg\" alt=\"\"\/><figcaption><strong><a href=\"http:\/\/galiciapuebloapueblo.blogspot.com\/2017\/09\/pueblo-marinero-de-redes-ares.html\">Galicia Pueblo a Pueblo<\/a><\/strong><\/figcaption><\/figure><\/div>\n\n\n\n<p>Sobre estas estructuras de madera se colgaban las redes, se conservan hoy en d\u00eda. Y Esta tradici\u00f3n se rememora cada a\u00f1o en verano durante la celebraci\u00f3n de la fiesta de La Cabria con la que se rinde tributo a la gente del mar.<\/p>\n\n\n\n<figure class=\"wp-block-image\"><img decoding=\"async\" src=\"http:\/\/galiciamaxica.eu\/mini\/wp-content\/uploads\/2019\/10\/Redes.jpg\" alt=\"\"\/><\/figure>\n\n\n\n<p> Y as\u00ed son muchos los que afirmamos que Ares se ubica en el \u00abseno de los \u00e1rtabros\u00bb, un pueblo de la cultura celta que lo ocup\u00f3.<\/p>\n\n\n\n<div class=\"wp-block-image\"><figure class=\"aligncenter\"><img decoding=\"async\" src=\"http:\/\/galiciamaxica.eu\/mini\/wp-content\/uploads\/2019\/10\/Redes-1.jpg\" alt=\"\"\/><figcaption> <strong><a href=\"https:\/\/www.escapalandia.com\/etiqueta\/que-ver-en-redes-con-ninos\/\">El pueblo marinero de Redes  con ni\u00f1os por Escapalandia<\/a><\/strong><\/figcaption><\/figure><\/div>\n\n\n\n<p>Nuestro viaje comenzar\u00e1 dejando el coche al lado de un parque y perdi\u00e9ndonos por el pueblo de Redes que es una peque\u00f1a joya marinera, un antiguo pueblo de pescadores que conserva sus edificaciones tradicionales mirando al mar, en la parte inferior los embarcaderos, redes de pesca tendidas aqu\u00ed y all\u00e1 \ud83d\ude09 <\/p>\n\n\n\n<div class=\"wp-block-image\"><figure class=\"aligncenter\"><img decoding=\"async\" src=\"http:\/\/galiciamaxica.eu\/mini\/wp-content\/uploads\/2019\/10\/Redes-2.jpg\" alt=\"\"\/><figcaption> <a href=\"https:\/\/www.escapalandia.com\/etiqueta\/que-ver-en-redes-con-ninos\/\"> <\/a><strong><a href=\"https:\/\/www.escapalandia.com\/etiqueta\/que-ver-en-redes-con-ninos\/\">El pueblo marinero de Redes  con ni\u00f1os por Escapalandia<\/a><\/strong><a href=\"https:\/\/www.escapalandia.com\/etiqueta\/que-ver-en-redes-con-ninos\/\"> <\/a><\/figcaption><\/figure><\/div>\n\n\n\n<p>Un lugar en del que sin duda es muy f\u00e1cil enamorarse.<\/p>\n\n\n\n<div class=\"wp-block-image\"><figure class=\"aligncenter\"><img decoding=\"async\" src=\"http:\/\/galiciamaxica.eu\/mini\/wp-content\/uploads\/2019\/10\/REDES252C2BARES2B48.jpg\" alt=\"\"\/><figcaption> La mayor\u00eda de estas casas son de inspiraci\u00f3n cubana, <strong>CASA DE CONCHA AMADO<\/strong> <br><strong><a href=\"http:\/\/galiciapuebloapueblo.blogspot.com\/2017\/09\/pueblo-marinero-de-redes-ares.html\">Galicia Pueblo a Pueblo<\/a><\/strong><\/figcaption><\/figure><\/div>\n\n\n\n<p> Pocos, muy pocos pueblos costeros de Galicia conservan el tipismo y la arquitectura popular como este.<\/p>\n\n\n\n<figure class=\"wp-block-image\"><img decoding=\"async\" src=\"http:\/\/galiciamaxica.eu\/mini\/wp-content\/uploads\/2019\/10\/Redes-3.jpg\" alt=\"\"\/><figcaption>   <strong><a href=\"https:\/\/www.escapalandia.com\/etiqueta\/que-ver-en-redes-con-ninos\/\">El pueblo marinero de Redes  con ni\u00f1os por Escapalandia<\/a><\/strong><a href=\"https:\/\/www.escapalandia.com\/etiqueta\/que-ver-en-redes-con-ninos\/\">  <\/a><\/figcaption><\/figure>\n\n\n\n<p>Salimos de Redes por a R\u00faa Nova igual en el maps te sale como calle Nueva, <\/p>\n\n\n\n<div class=\"wp-block-image\"><figure class=\"aligncenter\"><img decoding=\"async\" src=\"http:\/\/galiciamaxica.eu\/mini\/wp-content\/uploads\/2019\/10\/REDES252C2BARES2B22.jpg\" alt=\"\"\/><figcaption><strong><a href=\"http:\/\/galiciapuebloapueblo.blogspot.com\/2017\/09\/pueblo-marinero-de-redes-ares.html\">Galicia Pueblo a Pueblo<\/a><\/strong><\/figcaption><\/figure><\/div>\n\n\n\n<p>y encontramos un bonito paseo mar\u00edtimo de madera que va serpenteanado hasta un m\u00e1gico lugar<\/p>\n\n\n\n<div class=\"wp-block-image\"><figure class=\"aligncenter\"><img decoding=\"async\" src=\"http:\/\/galiciamaxica.eu\/mini\/wp-content\/uploads\/2019\/10\/REDES252C2BARES2B02.jpg\" alt=\"\"\/><\/figure><\/div>\n\n\n\n<h2 class=\"wp-block-heading\"><a href=\"http:\/\/galiciapuebloapueblo.blogspot.com\/2017\/09\/pueblo-marinero-de-redes-ares.html\">Bater\u00edas de Redes<\/a><\/h2>\n\n\n\n<p> <strong>\u00bfQu\u00e9 son las bater\u00edas de costa? <\/strong>Son complejos militares de\u00a0artiller\u00eda\u00a0pesada que se situaban cerca de la orilla del mar y su objetivo principal era defender una plaza, un\u00a0arsenal\u00a0o un paso importante frente a los ataques de las\u00a0escuadras\u00a0enemigas. En el siglo XIX se fortificaron los principales puertos espa\u00f1oles y as\u00ed se levantaron defensas de bater\u00edas en las costas de Galicia. Su mayor expansi\u00f3n coincidi\u00f3 con el desarrollo de la\u00a0Guerra Civil\u00a0y la\u00a0Segunda Guerra Mundial. <\/p>\n\n\n\n<div class=\"wp-block-image\"><figure class=\"aligncenter is-resized\"><img decoding=\"async\" src=\"http:\/\/galiciamaxica.eu\/mini\/wp-content\/uploads\/2019\/10\/REDES2B02.jpg\" alt=\"\" width=\"620\" height=\"465\"\/><\/figure><\/div>\n\n\n\n<p>Muchos conocen este lugar como el <strong>castillo de Redes <\/strong>y desde aqu\u00ed tendremos unas vistas maravillosas de la r\u00eda<\/p>\n\n\n\n<h2 class=\"wp-block-heading\">ARES<\/h2>\n\n\n\n<p>Vale, su origen etimol\u00f3gico como os dije al principio de la entrada es un gran dilema pero su belleza es una realidad para todos, por lo que no es de extra\u00f1ar que fuera un hervidero de pobladores en tiempos remotos como as\u00ed lo confirman todos los yacimientos que duermen en el lugar.. <\/p>\n\n\n\n<figure class=\"wp-block-image\"><img decoding=\"async\" src=\"http:\/\/galiciamaxica.eu\/mini\/wp-content\/uploads\/2019\/10\/Ares.jpg\" alt=\"\"\/><figcaption>Vista aerea de Ares<\/figcaption><\/figure>\n\n\n\n<p>Nos vamos a<a href=\"https:\/\/www.escapalandia.com\/ares-en-dia-de-playa-con-ninos\/\"> ARES,<\/a>&nbsp;no&nbsp;es verano pero nos gustan tambi\u00e9n <strong><a href=\"https:\/\/www.galiciamaxica.eu\/mini\/top-recomendaciones-en-galicia\/\">las playas en invierno porque son la mejor medicina natural<\/a><\/strong> para nuestros hijos y un gran lugar en el que entretenerse. Podemos dejar nuestra obra de arte en la arena o nuestra firma.<strong><a href=\"http:\/\/www.creciendoconmontessori.com\/2016\/06\/10-beneficios-de-jugar-con-arena-y-agua.html\"> 10 Beneficios de jugar con la arena <\/a><\/strong><\/p>\n\n\n\n<div class=\"wp-block-image\"><figure class=\"aligncenter\"><img decoding=\"async\" src=\"http:\/\/galiciamaxica.eu\/mini\/wp-content\/uploads\/2019\/10\/praia_seselle8.jpg\" alt=\"\"\/><figcaption>Foto de<strong> Anxo Fern\u00e1ndez<\/strong><\/figcaption><\/figure><\/div>\n\n\n\n<p>Toca <strong><a href=\"https:\/\/www.escapalandia.com\/ares-en-dia-de-playa-con-ninos\/\">Ares y su paseo mar\u00edtimo<\/a><\/strong> es perfecto como lo es su <strong>Playa de Seselle &nbsp;<\/strong>espectacular para recorrer en cualquier momento del a\u00f1o.<\/p>\n\n\n\n<iframe width=\"860\" height=\"515\" src=\"https:\/\/www.youtube.com\/embed\/hXNZEVnlh8Q\" frameborder=\"0\" allow=\"accelerometer; autoplay; encrypted-media; gyroscope; picture-in-picture\" allowfullscreen=\"\"><\/iframe>\n\n\n\n<h2 class=\"wp-block-heading\">La Alianza Aresana <\/h2>\n\n\n\n<p> Recomendad\u00edsimo tambi\u00e9n el callejear por el centro, ver\u00e9is los edificios caracter\u00edsticos de esta villa marinera que les encantar\u00e1n. La Alianza Aresana est\u00e1 Catalogado como edificio singular. <\/p>\n\n\n\n<div class=\"wp-block-image\"><figure class=\"aligncenter\"><img decoding=\"async\" src=\"http:\/\/galiciamaxica.eu\/mini\/wp-content\/uploads\/2019\/10\/alianzaAresana2.jpg\" alt=\"\"\/><figcaption>Foto de <strong>Jes\u00fas G. Taboada<\/strong><\/figcaption><\/figure><\/div>\n\n\n\n<p>Es uno de los m\u00e1s emblem\u00e1ticos por los numerosos ejemplos de <strong>arquitectura indiana <\/strong>que podemos encontrar en este municipio. Con m\u00e1s de un siglo de historia a su espalda, se construy\u00f3 gracias a la asociaci\u00f3n Alianza Aresana, fundada en 1904 en Cuba, quien lo financi\u00f3 y convirti\u00f3 en un colegio infantil, inaugur\u00e1ndolo en 1911. En la actualidad, alberga la biblioteca municipal y actividades culturales. Deciros que el mercado de Ares tambi\u00e9n est\u00e1 catalogado como edificio singular.<\/p>\n\n\n\n<h2 class=\"wp-block-heading\">PLAYA DE ARES<\/h2>\n\n\n\n<div class=\"wp-block-image\"><figure class=\"aligncenter\"><img decoding=\"async\" src=\"http:\/\/galiciamaxica.eu\/mini\/wp-content\/uploads\/2019\/10\/praia_ares5.jpg\" alt=\"\"\/><figcaption>Y ni os cuento en verano<br>Foto de<strong> Anxo Fern\u00e1ndez<\/strong><\/figcaption><\/figure><\/div>\n\n\n\n<h2 class=\"wp-block-heading\"><a href=\"https:\/\/www.escapalandia.com\/paseo-fluvial-humedal-da-xunqueira-ares\/\">Parque Infantil Ares<\/a><\/h2>\n\n\n\n<div class=\"wp-block-image\"><figure class=\"aligncenter\"><img decoding=\"async\" src=\"http:\/\/galiciamaxica.eu\/mini\/wp-content\/uploads\/2019\/10\/Ares1.jpg\" alt=\"\"\/><figcaption><strong><a href=\"https:\/\/www.escapalandia.com\/paseo-fluvial-humedal-da-xunqueira-ares\/\">Parque de Ares Escapalandia<\/a><\/strong><\/figcaption><\/figure><\/div>\n\n\n\n<h2 class=\"wp-block-heading\"><a href=\"http:\/\/patrimoniogalego.net\/index.php\/64624\/2014\/10\/ponte-da-ciscada\/\">Ponte da Ciscada.<\/a> <\/h2>\n\n\n\n<p>Cruzaremos un puente justo en la desembocadura del r\u00edo Xunqueira. Este precioso <strong>Puente <\/strong>es de un solo arco y su construcci\u00f3n propia de<strong> la \u00e9poca medieval<\/strong>, aunque siempre se le ha denominado \u00abromano\u00bb.<\/p>\n\n\n\n<div class=\"wp-block-image\"><figure class=\"aligncenter\"><img decoding=\"async\" src=\"http:\/\/galiciamaxica.eu\/mini\/wp-content\/uploads\/2019\/10\/800px-Ponte_da_Ciscada.jpg\" alt=\"\"\/><figcaption> Foto de la Wikipedia de  <strong>Xos\u00e9 Antonio Carpente <\/strong><\/figcaption><\/figure><\/div>\n\n\n\n<h4 class=\"wp-block-heading\" id=\"firstHeading\"><a href=\"https:\/\/es.wikipedia.org\/wiki\/Acertijo_del_puente_y_la_antorcha\">Acertijo del puente y la antorcha<\/a>  <\/h4>\n\n\n\n<p>Cuatro individuos llegan a un r\u00edo de noche. Hay un puente estrecho, pero este s\u00f3lo soporta a dos personas a la vez. Los individuos tienen una antorcha, y debido a que es de noche, deben utilizarla cuando cruzan el puente. <span style=\"color: #191e23;\"><span style=\"background-color: #e8eaeb;\"><b>\ud83d\ude09\u00a0no\u00a0vamos\u00a0a\u00a0resolver\u00a0el\u00a0acertijo, os dejo el <a href=\"https:\/\/es.wikipedia.org\/wiki\/Acertijo_del_puente_y_la_antorcha\">enlace <\/a>pero\u00a0a\u00a0que\u00a0os\u00a0he\u00a0dado\u00a0una\u00a0gran\u00a0idea\u00a0para\u00a0cruzar\u00a0los\u00a0puentes,\u00a0ellos\u00a0llevar\u00e1n\u00a0la\u00a0antorcha\u00a0si el puente \u00a0tiene\u00a0altura\u00a0es\u00a0una\u00a0gran estrategia para controlar el que no se descontrolen.<\/b><\/span><\/span><\/p>\n\n\n\n<h4 class=\"wp-block-heading\" id=\"firstHeading\"><a href=\"https:\/\/es.wikipedia.org\/wiki\/Acertijo_del_lobo,_la_cabra_y_la_col\">Acertijo del lobo, la cabra y la col<\/a><\/h4>\n\n\n\n<p>Es m\u00e1s sencillo y con el que podremos empezar con los maravillosos juegos de l\u00f3gica. La aparici\u00f3n de este problema es en el manuscrito medieval Propositiones ad Acuendos Juvenes. <\/p>\n\n\n\n<p>Este\u00a0acertijo lo\u00a0encontrar\u00e1s\u00a0en\u00a0muchos\u00a0libros\u00a0de\u00a0matem\u00e1ticas\u00a0recreativas (aqu\u00ed el enlace con muchos, os encantaran).  Hace mucho tiempo un granjero fue al mercado y compr\u00f3 un\u00a0lobo, una\u00a0cabra\u00a0y una\u00a0col. Para volver a su casa ten\u00eda que cruzar un r\u00edo. Solo dispone de una barca para cruzar a la otra orilla, pero en la barca solo caben \u00e9l y una de sus compras. .<strong>\ud83d\ude09\u00a0no\u00a0vamos\u00a0a\u00a0resolver\u00a0el\u00a0acertijo, aqu\u00ed os dejo <a href=\"https:\/\/es.wikipedia.org\/wiki\/Acertijo_del_lobo,_la_cabra_y_la_col\">el enlace<\/a>.\u00a0Si les\u00a0gust\u00f3\u00a0el\u00a0juego\u00a0cambiamos\u00a0los\u00a0animales\u00a0y\u00a0volvemos\u00a0a\u00a0empezar<\/strong><\/p>\n\n\n\n<p>Y nos vamos de paseo al<\/p>\n\n\n\n<h2 class=\"wp-block-heading\"><a href=\"https:\/\/www.escapalandia.com\/paseo-fluvial-humedal-da-xunqueira-ares\/\">Paseo Fluvial de A Xunqueira<\/a><\/h2>\n\n\n\n<p>En la misma villa de Ares existe un peque\u00f1o humedal de cuatro hect\u00e1reas que os invito a rutear <strong>\u00abA Xunqueira\u00bb.<\/strong><\/p>\n\n\n\n<div class=\"wp-block-image\"><figure class=\"aligncenter\"><img decoding=\"async\" src=\"http:\/\/galiciamaxica.eu\/mini\/wp-content\/uploads\/2019\/10\/Paseo-Fluvial-Humedal-da-Xunqueira-Ares-con-niC3B1os.jpg\" alt=\"\"\/><figcaption><a href=\"https:\/\/www.escapalandia.com\/paseo-fluvial-humedal-da-xunqueira-ares\/\">Paseo fluvial Humedal da Xunqueira, con ni\u00f1os por Escapalandia<\/a><\/figcaption><\/figure><\/div>\n\n\n\n<p>Continuamos el viaje. Visitamos la arquitectura gallega. Nos vamos al<\/p>\n\n\n\n<h2 class=\"wp-block-heading\"><a href=\"https:\/\/www.galiciamaxica.eu\/galicia\/a-coruna\/monasteriocatalina\/\">Monasterio de Santa Catalina <\/a><\/h2>\n\n\n\n<p>El jabal\u00ed ya no est\u00e1 aqu\u00ed! se ha refugiado dentro, capt\u00faralo y etiqueta la foto en instagram a #galiciaconni\u00f1os \ud83d\ude09 comparte tu viaje en familia con nosotros y con todos<\/p>\n\n\n\n<div class=\"wp-block-image\"><figure class=\"aligncenter\"><img decoding=\"async\" src=\"http:\/\/galiciamaxica.eu\/mini\/wp-content\/uploads\/2019\/10\/catalina18.jpg\" alt=\"\"\/><\/figure><\/div>\n\n\n\n<p>Lo m\u00e1s destacable del monasterio son sus claustros, en donde uno de ellos es renacentista. El interior alberga diferentes piezas arquitect\u00f3nicas del monasterio como pueden ser sepulcros, l\u00e1pidas, capiteles, estatuas. <\/p>\n\n\n\n<div class=\"wp-block-image\"><figure class=\"aligncenter\"><img decoding=\"async\" src=\"http:\/\/galiciamaxica.eu\/mini\/wp-content\/uploads\/2019\/10\/catalina21.jpg\" alt=\"\"\/><\/figure><\/div>\n\n\n\n<p>Se puede visitar los fines de semana bajo pago de una m\u00ednima cantidad. En verano se podr\u00e1 visitar cualquier d\u00eda. <\/p>\n\n\n\n<div class=\"wp-block-image\"><figure class=\"aligncenter\"><img decoding=\"async\" src=\"http:\/\/galiciamaxica.eu\/mini\/wp-content\/uploads\/2019\/10\/catalina25.jpg\" alt=\"\"\/><\/figure><\/div>\n\n\n\n<p> Se localiza en uno de los puntos m\u00e1s altos de la monta\u00f1a, en el lugar m\u00e1s apropiado para la construcci\u00f3n de un edificio monacal, ya que los terrenos forman aqu\u00ed grandes planicies para el cultivo y ganader\u00eda de subsistencia de los frailes.<\/p>\n\n\n\n<div class=\"wp-block-image\"><figure class=\"aligncenter\"><img decoding=\"async\" src=\"http:\/\/galiciamaxica.eu\/mini\/wp-content\/uploads\/2019\/10\/catalina30.jpg\" alt=\"\"\/><\/figure><\/div>\n\n\n\n<p>Su fundaci\u00f3n se debe al caballero <strong>Fern\u00e1n P\u00e9rez de Andrade, \u201cO Bo\u201d<\/strong>, y data del 3 de agosto de 1393<strong> (se acordar\u00e1n)<\/strong><\/p>\n\n\n\n<p><strong>\u00a0Recuerda\u00a0siempre\u00a0los\u00a0juegos\u00a0de\u00a0retentiva<\/strong>\u00a0se\u00a0pueden\u00a0hacer\u00a0debajo\u00a0de\u00a0los\u00a0escudos\u00a0y\u00a0le\u00a0vamos\u00a0haciendo\u00a0preguntas\u00a0(30\u00a0segundos\u00a0para\u00a0fijarse,\u00a0de\u00a0espaldas\u00a0las\u00a0preguntas)\u00a0. Ten\u00e9is muy cerquita las primeras bater\u00edas que deb\u00e9is descubrir en familia.<\/p>\n\n\n\n<h4 class=\"wp-block-heading\">LENDA PARA O SOBRENOME \u00abO BO\u00bb<\/h4>\n\n\n\n<p>A lenda conta que o sobrenome de \u00abO Bo\u00bb v\u00e9nlle da despedida do seu pai cando, acompa\u00f1ando a Henrique de Trast\u00e1mara dixolle: \u00abSe bo, que bo compa\u00f1eiro levas\u00bb. Outra lenda di que mandou constru\u00edr sete igrexas, sete mosteiros, sete hospitais e sete pontes, o cal non anda lonxe da realidade pois foi inmenso o seu af\u00e1n construtor e facer todas estas obras trouxeron de regalo o sobrenome de \u00abbo\u00bb.<\/p>\n\n\n\n<h4 class=\"wp-block-heading\">LEYENDA PARA SU APODO  \u00abEL BUENO\u00bb<\/h4>\n\n\n\n<pre class=\"wp-block-preformatted\">La leyenda cuenta que el apodo de \"El bueno\" proviene de la despedida de su padre cuando, acompa\u00f1ando a Henrique de Trast\u00e1mara le dijo: \"Se bueno, qu\u00e9 buen compa\u00f1ero llevas\". Otra leyenda dice que orden\u00f3 construir siete iglesias, siete monasterios, siete hospitales y siete puentes, que no se alejan mucho de la realidad, porque su deseo de construir era inmenso y por hacer todas estas obras le trajeron de regalo el apodo \"bueno\".<\/pre>\n\n\n\n<p><strong>Comentaros que desde este diciembre el monasterio de Santa Catalina ya cuenta con su centro de interpretaci\u00f3n<\/strong><\/p>\n\n\n\n<figure class=\"wp-block-image\"><img decoding=\"async\" width=\"1114\" height=\"768\" src=\"http:\/\/galiciamaxica.eu\/mini\/wp-content\/uploads\/2019\/10\/2_Captura.jpg\" alt=\"\" class=\"wp-image-10471\"\/><\/figure>\n\n\n\n<h2 class=\"wp-block-heading\"><strong>Ru\u00ednas de la bater\u00eda de Fuenteseca<\/strong> , <strong>Ruinas Bateria De Faro<\/strong> y<a href=\"https:\/\/www.escapalandia.com\/mirador-bailadora-ninos\/\"> <\/a><\/h2>\n\n\n\n<h1 class=\"wp-block-heading\"><a href=\"https:\/\/www.escapalandia.com\/mirador-bailadora-ninos\/\">El mirador de A Bailadora con ni\u00f1os<\/a><\/h1>\n\n\n\n<figure class=\"wp-block-image is-resized\"><img loading=\"lazy\" decoding=\"async\" src=\"http:\/\/galiciamaxica.eu\/mini\/wp-content\/uploads\/2019\/10\/A-Bailadora4.jpg\" alt=\"\" width=\"775\" height=\"342\"\/><figcaption> <strong><a href=\"https:\/\/www.escapalandia.com\/mirador-bailadora-ninos\/\">El mirador de A Bailadora con ni\u00f1os por&nbsp;Escapalandia<\/a><\/strong><\/figcaption><\/figure>\n\n\n\n<h2 class=\"wp-block-heading\"><a href=\"https:\/\/www.galiciamaxica.eu\/galicia\/a-coruna\/bateriasegano\/\">Punta Sega\u00f1o<\/a><\/h2>\n\n\n\n<p>Un lugar precioso que puede ser nuestro final o principio de ruta!<\/p>\n\n\n\n<figure class=\"wp-block-image\"><img decoding=\"async\" src=\"http:\/\/galiciamaxica.eu\/mini\/wp-content\/uploads\/2019\/10\/Punta-SegaC3B1o3.jpg\" alt=\"\"\/><figcaption> <br><strong><a href=\"https:\/\/www.escapalandia.com\/un-paseo-por-punta-segano-y-sus\/\">Un paseo por Punta Sega\u00f1o y sus pasadizos con ni\u00f1os por Escapalandia\ufeff<\/a><\/strong> <\/figcaption><\/figure>\n\n\n\n<figure class=\"wp-block-image\"><img decoding=\"async\" src=\"http:\/\/galiciamaxica.eu\/mini\/wp-content\/uploads\/2019\/10\/Punta-SegaC3B1o1.jpg\" alt=\"\"\/><figcaption> <strong><a href=\"https:\/\/www.escapalandia.com\/un-paseo-por-punta-segano-y-sus\/\">Un paseo por Punta Sega\u00f1o y sus pasadizos con ni\u00f1os por Escapalandia<\/a><\/strong><\/figcaption><\/figure>\n\n\n\n<h2 class=\"wp-block-heading\"><strong><a href=\"https:\/\/www.escapalandia.com\/un-paseo-por-punta-segano-y-sus\/\">Ru\u00ednas Bater\u00eda de Salgueira&nbsp;en&nbsp;Punta&nbsp;Sega\u00f1o<\/a><\/strong><\/h2>\n\n\n\n<p>Hay quien afirma que debajo del cuartel de Punta Sega\u00f1o existen los restos de un castro de la edad de Hierro.  <br><\/p>\n\n\n\n<figure class=\"wp-block-image\"><img decoding=\"async\" src=\"http:\/\/galiciamaxica.eu\/mini\/wp-content\/uploads\/2019\/10\/Punta-SegaC3B1o2.jpg\" alt=\"\"\/><figcaption> <strong><a href=\"https:\/\/www.escapalandia.com\/un-paseo-por-punta-segano-y-sus\/\">Un paseo por Punta Sega\u00f1o y sus pasadizos con ni\u00f1os por Escapalandia<\/a><\/strong> <\/figcaption><\/figure>\n\n\n\n<p>La bater\u00eda se encuentra bajo la protecci\u00f3n de la Declaraci\u00f3n gen\u00e9rica del Decreto de 22 de abril de 1949, y la Ley 16\/1985 sobre el Patrimonio Hist\u00f3rico Espa\u00f1ol. <\/p>\n\n\n\n<figure class=\"wp-block-image\"><img decoding=\"async\" src=\"http:\/\/galiciamaxica.eu\/mini\/wp-content\/uploads\/2019\/10\/puntasegano67.jpg\" alt=\"\"\/><figcaption><strong><a href=\"https:\/\/photos.google.com\/share\/AF1QipMl6exd3hZruqA7GmNGMxjmXJykeFvLkatkWCQJJyhSILZY7h9utLvtgat0WiM0Pw?key=dktiM2c1T3NoUl9ETURBZzB6cmViTWtrLWIxcUFR\">M\u00e1s fotos<\/a><\/strong><\/figcaption><\/figure>\n\n\n\n<p>No importa si lo visitas antes o despu\u00e9s, lo que est\u00e1 claro es qu\u00e9 ya que est\u00e1s en Ares no te puedes ir sin descubrir lo que todos nombran como \u00ab<strong>el caribe gallego\u00bb.<\/strong><\/p>\n\n\n\n<h2 class=\"wp-block-heading\">Praia de Chanteiro, el Caribe gallego<\/h2>\n\n\n\n<p>Esta an\u00f3tala muy bien, es ideal para pasar un d\u00eda en familia. Cuenta con merendero y con parque infantil. Es una playa grande y recogida por lo que hay pocas olas y su arena, qu\u00e9 decirte fina, fin\u00edsima.<\/p>\n\n\n\n<figure class=\"wp-block-image\"><img decoding=\"async\" src=\"http:\/\/galiciamaxica.eu\/mini\/wp-content\/uploads\/2019\/10\/Playa_chanteiro_05.jpg\" alt=\"\"\/><figcaption>Foto de <strong>Jes\u00fas G. Taboada<\/strong><\/figcaption><\/figure>\n\n\n\n<h2 class=\"wp-block-heading\">A LENDA DA SIRENA DAS MIRANDAS<\/h2>\n\n\n\n<h4 class=\"wp-block-heading\">Versi\u00f3n en Galego<\/h4>\n\n\n\n<p>\u00abNa mitolox\u00eda grega, as sereas eran concebidas como seres fabulosos coa parte inferior do corpo dun peixe, e coa superior dunha muller alada. As\u00ed describe Homero \u00e1s que lle cantaban a Ulises na s\u00faa viaxe de Troia a Itaca.<br>Pero a serea que nadaba polos mares de Ares era moi distinta \u00e1s gregas. Igual que as que contan que viran por toda Europa xa desde a Idade Media , a nosa era unha serea mari\u00f1a. Ata a cintura ,era muller de beleza e atractivo como as princesas dos contos; e de a\u00ed para abaixo era un peixe con unha cola rosada e chea de escamas de prata, que recordaba na cor a un salmonete xigante. <br>Era unha serea inquieta e faladora, e d\u00e1balle por parolar coas gaivotas e corvos mari\u00f1os, que lle contestaban cos seus ch\u00edos incomprensibles. Algunhas veces, xogaba no medio dun banco de peixes ou cos golfi\u00f1os que visitaban a r\u00eda. Logo quedaba soa e pensativa, e \u00eda tomar o sol polas praias de Perbes e de Centro\u00f1a e polas do oeste de Ares. Pero sempre se ti\u00f1a que somerxer no mar cando chegaban persoas. Frecuentaba as desertas illas Mirandas, a\u00ednda que por al\u00ed tam\u00e9n pasaban pescadores a roubar un pouco de aceite da boia e quentar con \u00e9l a comida. \u00bf Por que asustaba \u00e1 xente ? \u00bf Non poder\u00eda ser ela unha moza normal ?.  <br>Un d\u00eda foi sorprendida nunha praia por un fidalgo dos m\u00e1is poderosos de Galicia, que quedou totalmente namorado con s\u00f3 mirala. Casou en secreto con ela e levouna para casa. Co paso do tempo e lonxe do mar, ca\u00e9ronlle as escamas e a pel de cola e puido por fin ter fillos. Nunca m\u00e1is se sentiu soa a serea das Mirandas.  <br>Contan que esta \u00e9 a <strong>orixe da linaxe dos Mari\u00f1o<\/strong>, que te\u00f1en por armas unhas ondas azuis. En Caldas de Reis un relevo mostra a lenda da serea dos Mari\u00f1o.\u00bb  <br>Esta lenda pertence \u00f3 libro<strong> \u00abDe lenda en lenda: cami\u00f1os m\u00e1xicos polo noroeste de Galicia\u00bb <\/strong>Esperanza Pi\u00f1eiro de San Miguel, Andr\u00e9s Blanco G\u00f3mez  <\/p>\n\n\n\n<h2 class=\"wp-block-heading\" id=\"mce_76\">LA LEYENDA DE LA SIRENA DE LAS MIRANDAS<\/h2>\n\n\n\n<h4 class=\"wp-block-heading\">Versi\u00f3n en castellano<\/h4>\n\n\n\n<p>\u00abEn la mitolog\u00eda griega, las sirenas fueron concebidas como seres fabulosos con la parte inferior del cuerpo de un pez y con la superior de una mujer alada. As\u00ed, Homero describe a qui\u00e9n le cantaron a Ulises en su viaje de Troya a Itaca.<br> Pero la sirena que nadaba por los mares de Ares era muy diferente de los griegos. Como los que dicen que han estado viajando por toda Europa desde la Edad Media, la nuestra era una sirena de mar. Hasta la cintura, era una mujer de belleza y atractivo como las princesas de los cuentos; y de all\u00ed abajo hab\u00eda un pez con una cola rosada y llena de escamas plateadas, que recordaba en el coraz\u00f3n un salm\u00f3n gigante.<br> Era una sirena ansiosa y comunicativa, y le dio para hablar con gaviotas y cuervos marinos, quienes le respondieron con sus incomprensibles trucos. A veces, jugaba en medio de un banco de peces o los delfines que visitaban el estuario. Pronto se qued\u00f3 solo y pensativo, e iba a tomar el sol en las playas de Perbes y Centro\u00f1a y en las del oeste de Ares. Pero siempre era necesario hundirse en el mar cuando la gente llegaba. Las islas desiertas de Mirandas frecuentaban, aunque los pescadores tambi\u00e9n iban all\u00ed para robar un poco de aceite de la boya y para calentar la comida con \u00e9l. \u00bfPor qu\u00e9 gente asustada? \u00bfNo podr\u00eda ella ser una chica normal?<br> Un d\u00eda se sorprendi\u00f3 en una playa por un noble de los m\u00e1s poderosos de Galicia, que estaba totalmente enamorado con solo mirarla. Se cas\u00f3 con ella en secreto y se la llev\u00f3 a casa. Con el tiempo y lejos del mar, las escamas y las faldas de la cola cayeron y finalmente pudieron tener hijos. La sirena de Mirandas nunca volvi\u00f3 a sentir lo mismo.<br> Dicen que este es el origen del linaje de la Armada, que tiene ondas azules para las armas. En Caldas de Reis, un relieve muestra la leyenda de la Sirena de los Marineros \u00ab.<br> Esta leyenda pertenece al libro \u00abLeyenda en leyenda: formas m\u00e1gicas en el noroeste de Galicia\u00bb Esperanza Pi\u00f1eiro de San Miguel, Andr\u00e9s Blanco G\u00f3mez<\/p>\n\n\n\n<h2 class=\"wp-block-heading\">MUY BUEN VIAJE EN FAMILIA<\/h2>\n\n\n\n<p><em>Si has llegado hasta aqu\u00ed much\u00edsimas gracias por dedicar tu tiempo a leerme. Te digo que s\u00ed, estos lugares son bonitos en verano pero no lo ver\u00e1s con la intimidad de esta estaci\u00f3n, sin tener que pedir permiso para pasar o sacar la mejor foto, os recomiendo la visita porque vais a quedar encantados. Vale no os ba\u00f1ar\u00e9is pero sentir\u00e9is cada uno de sus rincones.<\/em><\/p>\n\n\n\n<p><em>La\u00a0entradilla\u00a0popular\u00a0de  <strong>\u201cEn Ares non te pares, en Redes non te quedes e en Caamouco para pouco\u201d.<\/strong>\u00a0<\/em>  no  le hace justicia a  Ares por eso la cambi\u00f3 \u00abAres os dar\u00e1 para poco por no tener m\u00e1s tiempo\u00bb.<\/p>\n","protected":false},"excerpt":{"rendered":"<p>Ares, que nombre tan bonito \u00bfverdad? pues la etimolog\u00eda de este nombre de concello a\u00fan sigue siendo un misterio y fruto de estudios. El nombre de Ares se podr\u00eda deber al pueblo fenicio, ya que Ara Solis era una de sus ciudades en Fisterra. Ares tambi\u00e9n es el nombre que los griegos dieron a su [&hellip;]<\/p>\n","protected":false},"author":1,"featured_media":10482,"comment_status":"open","ping_status":"closed","sticky":false,"template":"","format":"standard","meta":{"_eb_attr":"","site-sidebar-layout":"default","site-content-layout":"","ast-site-content-layout":"","site-content-style":"default","site-sidebar-style":"default","ast-global-header-display":"","ast-banner-title-visibility":"","ast-main-header-display":"","ast-hfb-above-header-display":"","ast-hfb-below-header-display":"","ast-hfb-mobile-header-display":"","site-post-title":"","ast-breadcrumbs-content":"","ast-featured-img":"","footer-sml-layout":"","theme-transparent-header-meta":"","adv-header-id-meta":"","stick-header-meta":"","header-above-stick-meta":"","header-main-stick-meta":"","header-below-stick-meta":"","astra-migrate-meta-layouts":"default","ast-page-background-enabled":"default","ast-page-background-meta":{"desktop":{"background-color":"","background-image":"","background-repeat":"repeat","background-position":"center center","background-size":"auto","background-attachment":"scroll","background-type":"","background-media":"","overlay-type":"","overlay-color":"","overlay-opacity":"","overlay-gradient":""},"tablet":{"background-color":"","background-image":"","background-repeat":"repeat","background-position":"center center","background-size":"auto","background-attachment":"scroll","background-type":"","background-media":"","overlay-type":"","overlay-color":"","overlay-opacity":"","overlay-gradient":""},"mobile":{"background-color":"","background-image":"","background-repeat":"repeat","background-position":"center center","background-size":"auto","background-attachment":"scroll","background-type":"","background-media":"","overlay-type":"","overlay-color":"","overlay-opacity":"","overlay-gradient":""}},"ast-content-background-meta":{"desktop":{"background-color":"var(--ast-global-color-5)","background-image":"","background-repeat":"repeat","background-position":"center center","background-size":"auto","background-attachment":"scroll","background-type":"","background-media":"","overlay-type":"","overlay-color":"","overlay-opacity":"","overlay-gradient":""},"tablet":{"background-color":"var(--ast-global-color-5)","background-image":"","background-repeat":"repeat","background-position":"center center","background-size":"auto","background-attachment":"scroll","background-type":"","background-media":"","overlay-type":"","overlay-color":"","overlay-opacity":"","overlay-gradient":""},"mobile":{"background-color":"var(--ast-global-color-5)","background-image":"","background-repeat":"repeat","background-position":"center center","background-size":"auto","background-attachment":"scroll","background-type":"","background-media":"","overlay-type":"","overlay-color":"","overlay-opacity":"","overlay-gradient":""}},"footnotes":""},"categories":[49,425],"tags":[1138,1139],"class_list":["post-10467","post","type-post","status-publish","format-standard","has-post-thumbnail","hentry","category-a-coruna","category-viajes-compartidos","tag-ares","tag-redes"],"yoast_head":"<!-- This site is optimized with the Yoast SEO plugin v24.9 - https:\/\/yoast.com\/wordpress\/plugins\/seo\/ -->\n<title>Hoy nos vamos a Ares - Galicia con ni\u00f1os | GALICIA M\u00c1XICA<\/title>\n<meta name=\"robots\" content=\"index, follow, max-snippet:-1, max-image-preview:large, max-video-preview:-1\" \/>\n<link rel=\"canonical\" href=\"https:\/\/www.galiciamaxica.eu\/mini\/hoy-nos-vamos-a-ares\/\" \/>\n<meta property=\"og:locale\" content=\"es_ES\" \/>\n<meta property=\"og:type\" content=\"article\" \/>\n<meta property=\"og:title\" content=\"Hoy nos vamos a Ares - Galicia con ni\u00f1os | GALICIA M\u00c1XICA\" \/>\n<meta property=\"og:description\" content=\"Ares, que nombre tan bonito \u00bfverdad? pues la etimolog\u00eda de este nombre de concello a\u00fan sigue siendo un misterio y fruto de estudios. El nombre de Ares se podr\u00eda deber al pueblo fenicio, ya que Ara Solis era una de sus ciudades en Fisterra. Ares tambi\u00e9n es el nombre que los griegos dieron a su [&hellip;]\" \/>\n<meta property=\"og:url\" content=\"https:\/\/www.galiciamaxica.eu\/mini\/hoy-nos-vamos-a-ares\/\" \/>\n<meta property=\"og:site_name\" content=\"Galicia con ni\u00f1os | GALICIA M\u00c1XICA\" \/>\n<meta property=\"article:publisher\" content=\"https:\/\/www.facebook.com\/maria.rodriguezserantes\" \/>\n<meta property=\"article:author\" content=\"https:\/\/www.facebook.com\/maria.rodriguezserantes\" \/>\n<meta property=\"article:published_time\" content=\"2019-02-05T19:08:56+00:00\" \/>\n<meta property=\"article:modified_time\" content=\"2024-08-13T17:35:35+00:00\" \/>\n<meta property=\"og:image\" content=\"https:\/\/www.galiciamaxica.eu\/mini\/wp-content\/uploads\/2019\/02\/la-fiesta-m\u00e1s-terror\u00edfica-10.jpg\" \/>\n\t<meta property=\"og:image:width\" content=\"1280\" \/>\n\t<meta property=\"og:image:height\" content=\"768\" \/>\n\t<meta property=\"og:image:type\" content=\"image\/jpeg\" \/>\n<meta name=\"author\" content=\"seseixa\" \/>\n<meta name=\"twitter:card\" content=\"summary_large_image\" \/>\n<meta name=\"twitter:creator\" content=\"@seseixa\" \/>\n<meta name=\"twitter:site\" content=\"@seseixa\" \/>\n<meta name=\"twitter:label1\" content=\"Escrito por\" \/>\n\t<meta name=\"twitter:data1\" content=\"seseixa\" \/>\n\t<meta name=\"twitter:label2\" content=\"Tiempo de lectura\" \/>\n\t<meta name=\"twitter:data2\" content=\"14 minutos\" \/>\n<script type=\"application\/ld+json\" class=\"yoast-schema-graph\">{\"@context\":\"https:\/\/schema.org\",\"@graph\":[{\"@type\":\"Article\",\"@id\":\"https:\/\/www.galiciamaxica.eu\/mini\/hoy-nos-vamos-a-ares\/#article\",\"isPartOf\":{\"@id\":\"https:\/\/www.galiciamaxica.eu\/mini\/hoy-nos-vamos-a-ares\/\"},\"author\":{\"name\":\"seseixa\",\"@id\":\"https:\/\/www.galiciamaxica.eu\/mini\/#\/schema\/person\/2b284fe2fd911000a48d2e8936300179\"},\"headline\":\"Hoy nos vamos a Ares\",\"datePublished\":\"2019-02-05T19:08:56+00:00\",\"dateModified\":\"2024-08-13T17:35:35+00:00\",\"mainEntityOfPage\":{\"@id\":\"https:\/\/www.galiciamaxica.eu\/mini\/hoy-nos-vamos-a-ares\/\"},\"wordCount\":2707,\"commentCount\":2,\"publisher\":{\"@id\":\"https:\/\/www.galiciamaxica.eu\/mini\/#\/schema\/person\/2b284fe2fd911000a48d2e8936300179\"},\"image\":{\"@id\":\"https:\/\/www.galiciamaxica.eu\/mini\/hoy-nos-vamos-a-ares\/#primaryimage\"},\"thumbnailUrl\":\"https:\/\/www.galiciamaxica.eu\/mini\/wp-content\/uploads\/2019\/02\/la-fiesta-m\u00e1s-terror\u00edfica-10.jpg\",\"keywords\":[\"Ares\",\"redes\"],\"articleSection\":[\"A CORU\u00d1A\",\"VIAJES COMPARTIDOS\"],\"inLanguage\":\"es\",\"potentialAction\":[{\"@type\":\"CommentAction\",\"name\":\"Comment\",\"target\":[\"https:\/\/www.galiciamaxica.eu\/mini\/hoy-nos-vamos-a-ares\/#respond\"]}]},{\"@type\":\"WebPage\",\"@id\":\"https:\/\/www.galiciamaxica.eu\/mini\/hoy-nos-vamos-a-ares\/\",\"url\":\"https:\/\/www.galiciamaxica.eu\/mini\/hoy-nos-vamos-a-ares\/\",\"name\":\"Hoy nos vamos a Ares - Galicia con ni\u00f1os | GALICIA M\u00c1XICA\",\"isPartOf\":{\"@id\":\"https:\/\/www.galiciamaxica.eu\/mini\/#website\"},\"primaryImageOfPage\":{\"@id\":\"https:\/\/www.galiciamaxica.eu\/mini\/hoy-nos-vamos-a-ares\/#primaryimage\"},\"image\":{\"@id\":\"https:\/\/www.galiciamaxica.eu\/mini\/hoy-nos-vamos-a-ares\/#primaryimage\"},\"thumbnailUrl\":\"https:\/\/www.galiciamaxica.eu\/mini\/wp-content\/uploads\/2019\/02\/la-fiesta-m\u00e1s-terror\u00edfica-10.jpg\",\"datePublished\":\"2019-02-05T19:08:56+00:00\",\"dateModified\":\"2024-08-13T17:35:35+00:00\",\"breadcrumb\":{\"@id\":\"https:\/\/www.galiciamaxica.eu\/mini\/hoy-nos-vamos-a-ares\/#breadcrumb\"},\"inLanguage\":\"es\",\"potentialAction\":[{\"@type\":\"ReadAction\",\"target\":[\"https:\/\/www.galiciamaxica.eu\/mini\/hoy-nos-vamos-a-ares\/\"]}]},{\"@type\":\"ImageObject\",\"inLanguage\":\"es\",\"@id\":\"https:\/\/www.galiciamaxica.eu\/mini\/hoy-nos-vamos-a-ares\/#primaryimage\",\"url\":\"https:\/\/www.galiciamaxica.eu\/mini\/wp-content\/uploads\/2019\/02\/la-fiesta-m\u00e1s-terror\u00edfica-10.jpg\",\"contentUrl\":\"https:\/\/www.galiciamaxica.eu\/mini\/wp-content\/uploads\/2019\/02\/la-fiesta-m\u00e1s-terror\u00edfica-10.jpg\",\"width\":1280,\"height\":768,\"caption\":\"la-fiesta-m\u00e1s-terror\u00edfica-10\"},{\"@type\":\"BreadcrumbList\",\"@id\":\"https:\/\/www.galiciamaxica.eu\/mini\/hoy-nos-vamos-a-ares\/#breadcrumb\",\"itemListElement\":[{\"@type\":\"ListItem\",\"position\":1,\"name\":\"Portada\",\"item\":\"https:\/\/www.galiciamaxica.eu\/mini\/\"},{\"@type\":\"ListItem\",\"position\":2,\"name\":\"Hoy nos vamos a Ares\"}]},{\"@type\":\"WebSite\",\"@id\":\"https:\/\/www.galiciamaxica.eu\/mini\/#website\",\"url\":\"https:\/\/www.galiciamaxica.eu\/mini\/\",\"name\":\"Galicia con ni\u00f1os | GALICIA M\u00c1XICA\",\"description\":\"Qu\u00e9 hacer con ni\u00f1os en Galicia\",\"publisher\":{\"@id\":\"https:\/\/www.galiciamaxica.eu\/mini\/#\/schema\/person\/2b284fe2fd911000a48d2e8936300179\"},\"potentialAction\":[{\"@type\":\"SearchAction\",\"target\":{\"@type\":\"EntryPoint\",\"urlTemplate\":\"https:\/\/www.galiciamaxica.eu\/mini\/?s={search_term_string}\"},\"query-input\":{\"@type\":\"PropertyValueSpecification\",\"valueRequired\":true,\"valueName\":\"search_term_string\"}}],\"inLanguage\":\"es\"},{\"@type\":[\"Person\",\"Organization\"],\"@id\":\"https:\/\/www.galiciamaxica.eu\/mini\/#\/schema\/person\/2b284fe2fd911000a48d2e8936300179\",\"name\":\"seseixa\",\"image\":{\"@type\":\"ImageObject\",\"inLanguage\":\"es\",\"@id\":\"https:\/\/www.galiciamaxica.eu\/mini\/#\/schema\/person\/image\/\",\"url\":\"https:\/\/www.galiciamaxica.eu\/mini\/wp-content\/uploads\/2019\/02\/seseixa.png\",\"contentUrl\":\"https:\/\/www.galiciamaxica.eu\/mini\/wp-content\/uploads\/2019\/02\/seseixa.png\",\"width\":100,\"height\":100,\"caption\":\"seseixa\"},\"logo\":{\"@id\":\"https:\/\/www.galiciamaxica.eu\/mini\/#\/schema\/person\/image\/\"},\"description\":\"En la actualidad combinando dos proyectos que me apasionan, Galicia y los ni\u00f1os. Tengo mucho que aportar y otro tanto que aprender, as\u00ed como, el tiempo y el coraz\u00f3n, dividido en todo momento. Soy mam\u00e1, un titulo otorgado a tiempo completo, compa\u00f1era y amiga, a todas horas, familiar y cercana, siempre. De esp\u00edritu inquieto, soy una eterna ni\u00f1a que juega en el pa\u00eds de las maravillas. Una enamorada de mi tierra, por la que trabajo sin descanso. Creo en la infancia como motor que cambiar\u00e1 el mundo a mejor y busco en mi vida la felicidad como estado permanente porque s\u00f3lo se vive una vez.\",\"sameAs\":[\"http:\/\/mini.galiciamaxica.eu\/\",\"https:\/\/www.facebook.com\/maria.rodriguezserantes\",\"https:\/\/x.com\/seseixa\"],\"url\":\"https:\/\/www.galiciamaxica.eu\/mini\/author\/seseixa\/\"}]}<\/script>\n<!-- \/ Yoast SEO plugin. -->","yoast_head_json":{"title":"Hoy nos vamos a Ares - Galicia con ni\u00f1os | GALICIA M\u00c1XICA","robots":{"index":"index","follow":"follow","max-snippet":"max-snippet:-1","max-image-preview":"max-image-preview:large","max-video-preview":"max-video-preview:-1"},"canonical":"https:\/\/www.galiciamaxica.eu\/mini\/hoy-nos-vamos-a-ares\/","og_locale":"es_ES","og_type":"article","og_title":"Hoy nos vamos a Ares - Galicia con ni\u00f1os | GALICIA M\u00c1XICA","og_description":"Ares, que nombre tan bonito \u00bfverdad? pues la etimolog\u00eda de este nombre de concello a\u00fan sigue siendo un misterio y fruto de estudios. El nombre de Ares se podr\u00eda deber al pueblo fenicio, ya que Ara Solis era una de sus ciudades en Fisterra. Ares tambi\u00e9n es el nombre que los griegos dieron a su [&hellip;]","og_url":"https:\/\/www.galiciamaxica.eu\/mini\/hoy-nos-vamos-a-ares\/","og_site_name":"Galicia con ni\u00f1os | GALICIA M\u00c1XICA","article_publisher":"https:\/\/www.facebook.com\/maria.rodriguezserantes","article_author":"https:\/\/www.facebook.com\/maria.rodriguezserantes","article_published_time":"2019-02-05T19:08:56+00:00","article_modified_time":"2024-08-13T17:35:35+00:00","og_image":[{"width":1280,"height":768,"url":"https:\/\/www.galiciamaxica.eu\/mini\/wp-content\/uploads\/2019\/02\/la-fiesta-m\u00e1s-terror\u00edfica-10.jpg","type":"image\/jpeg"}],"author":"seseixa","twitter_card":"summary_large_image","twitter_creator":"@seseixa","twitter_site":"@seseixa","twitter_misc":{"Escrito por":"seseixa","Tiempo de lectura":"14 minutos"},"schema":{"@context":"https:\/\/schema.org","@graph":[{"@type":"Article","@id":"https:\/\/www.galiciamaxica.eu\/mini\/hoy-nos-vamos-a-ares\/#article","isPartOf":{"@id":"https:\/\/www.galiciamaxica.eu\/mini\/hoy-nos-vamos-a-ares\/"},"author":{"name":"seseixa","@id":"https:\/\/www.galiciamaxica.eu\/mini\/#\/schema\/person\/2b284fe2fd911000a48d2e8936300179"},"headline":"Hoy nos vamos a Ares","datePublished":"2019-02-05T19:08:56+00:00","dateModified":"2024-08-13T17:35:35+00:00","mainEntityOfPage":{"@id":"https:\/\/www.galiciamaxica.eu\/mini\/hoy-nos-vamos-a-ares\/"},"wordCount":2707,"commentCount":2,"publisher":{"@id":"https:\/\/www.galiciamaxica.eu\/mini\/#\/schema\/person\/2b284fe2fd911000a48d2e8936300179"},"image":{"@id":"https:\/\/www.galiciamaxica.eu\/mini\/hoy-nos-vamos-a-ares\/#primaryimage"},"thumbnailUrl":"https:\/\/www.galiciamaxica.eu\/mini\/wp-content\/uploads\/2019\/02\/la-fiesta-m\u00e1s-terror\u00edfica-10.jpg","keywords":["Ares","redes"],"articleSection":["A CORU\u00d1A","VIAJES COMPARTIDOS"],"inLanguage":"es","potentialAction":[{"@type":"CommentAction","name":"Comment","target":["https:\/\/www.galiciamaxica.eu\/mini\/hoy-nos-vamos-a-ares\/#respond"]}]},{"@type":"WebPage","@id":"https:\/\/www.galiciamaxica.eu\/mini\/hoy-nos-vamos-a-ares\/","url":"https:\/\/www.galiciamaxica.eu\/mini\/hoy-nos-vamos-a-ares\/","name":"Hoy nos vamos a Ares - Galicia con ni\u00f1os | GALICIA M\u00c1XICA","isPartOf":{"@id":"https:\/\/www.galiciamaxica.eu\/mini\/#website"},"primaryImageOfPage":{"@id":"https:\/\/www.galiciamaxica.eu\/mini\/hoy-nos-vamos-a-ares\/#primaryimage"},"image":{"@id":"https:\/\/www.galiciamaxica.eu\/mini\/hoy-nos-vamos-a-ares\/#primaryimage"},"thumbnailUrl":"https:\/\/www.galiciamaxica.eu\/mini\/wp-content\/uploads\/2019\/02\/la-fiesta-m\u00e1s-terror\u00edfica-10.jpg","datePublished":"2019-02-05T19:08:56+00:00","dateModified":"2024-08-13T17:35:35+00:00","breadcrumb":{"@id":"https:\/\/www.galiciamaxica.eu\/mini\/hoy-nos-vamos-a-ares\/#breadcrumb"},"inLanguage":"es","potentialAction":[{"@type":"ReadAction","target":["https:\/\/www.galiciamaxica.eu\/mini\/hoy-nos-vamos-a-ares\/"]}]},{"@type":"ImageObject","inLanguage":"es","@id":"https:\/\/www.galiciamaxica.eu\/mini\/hoy-nos-vamos-a-ares\/#primaryimage","url":"https:\/\/www.galiciamaxica.eu\/mini\/wp-content\/uploads\/2019\/02\/la-fiesta-m\u00e1s-terror\u00edfica-10.jpg","contentUrl":"https:\/\/www.galiciamaxica.eu\/mini\/wp-content\/uploads\/2019\/02\/la-fiesta-m\u00e1s-terror\u00edfica-10.jpg","width":1280,"height":768,"caption":"la-fiesta-m\u00e1s-terror\u00edfica-10"},{"@type":"BreadcrumbList","@id":"https:\/\/www.galiciamaxica.eu\/mini\/hoy-nos-vamos-a-ares\/#breadcrumb","itemListElement":[{"@type":"ListItem","position":1,"name":"Portada","item":"https:\/\/www.galiciamaxica.eu\/mini\/"},{"@type":"ListItem","position":2,"name":"Hoy nos vamos a Ares"}]},{"@type":"WebSite","@id":"https:\/\/www.galiciamaxica.eu\/mini\/#website","url":"https:\/\/www.galiciamaxica.eu\/mini\/","name":"Galicia con ni\u00f1os | GALICIA M\u00c1XICA","description":"Qu\u00e9 hacer con ni\u00f1os en Galicia","publisher":{"@id":"https:\/\/www.galiciamaxica.eu\/mini\/#\/schema\/person\/2b284fe2fd911000a48d2e8936300179"},"potentialAction":[{"@type":"SearchAction","target":{"@type":"EntryPoint","urlTemplate":"https:\/\/www.galiciamaxica.eu\/mini\/?s={search_term_string}"},"query-input":{"@type":"PropertyValueSpecification","valueRequired":true,"valueName":"search_term_string"}}],"inLanguage":"es"},{"@type":["Person","Organization"],"@id":"https:\/\/www.galiciamaxica.eu\/mini\/#\/schema\/person\/2b284fe2fd911000a48d2e8936300179","name":"seseixa","image":{"@type":"ImageObject","inLanguage":"es","@id":"https:\/\/www.galiciamaxica.eu\/mini\/#\/schema\/person\/image\/","url":"https:\/\/www.galiciamaxica.eu\/mini\/wp-content\/uploads\/2019\/02\/seseixa.png","contentUrl":"https:\/\/www.galiciamaxica.eu\/mini\/wp-content\/uploads\/2019\/02\/seseixa.png","width":100,"height":100,"caption":"seseixa"},"logo":{"@id":"https:\/\/www.galiciamaxica.eu\/mini\/#\/schema\/person\/image\/"},"description":"En la actualidad combinando dos proyectos que me apasionan, Galicia y los ni\u00f1os. Tengo mucho que aportar y otro tanto que aprender, as\u00ed como, el tiempo y el coraz\u00f3n, dividido en todo momento. Soy mam\u00e1, un titulo otorgado a tiempo completo, compa\u00f1era y amiga, a todas horas, familiar y cercana, siempre. De esp\u00edritu inquieto, soy una eterna ni\u00f1a que juega en el pa\u00eds de las maravillas. Una enamorada de mi tierra, por la que trabajo sin descanso. Creo en la infancia como motor que cambiar\u00e1 el mundo a mejor y busco en mi vida la felicidad como estado permanente porque s\u00f3lo se vive una vez.","sameAs":["http:\/\/mini.galiciamaxica.eu\/","https:\/\/www.facebook.com\/maria.rodriguezserantes","https:\/\/x.com\/seseixa"],"url":"https:\/\/www.galiciamaxica.eu\/mini\/author\/seseixa\/"}]}},"amp_enabled":true,"post_mailing_queue_ids":[],"_links":{"self":[{"href":"https:\/\/www.galiciamaxica.eu\/mini\/wp-json\/wp\/v2\/posts\/10467"}],"collection":[{"href":"https:\/\/www.galiciamaxica.eu\/mini\/wp-json\/wp\/v2\/posts"}],"about":[{"href":"https:\/\/www.galiciamaxica.eu\/mini\/wp-json\/wp\/v2\/types\/post"}],"author":[{"embeddable":true,"href":"https:\/\/www.galiciamaxica.eu\/mini\/wp-json\/wp\/v2\/users\/1"}],"replies":[{"embeddable":true,"href":"https:\/\/www.galiciamaxica.eu\/mini\/wp-json\/wp\/v2\/comments?post=10467"}],"version-history":[{"count":5,"href":"https:\/\/www.galiciamaxica.eu\/mini\/wp-json\/wp\/v2\/posts\/10467\/revisions"}],"predecessor-version":[{"id":22294,"href":"https:\/\/www.galiciamaxica.eu\/mini\/wp-json\/wp\/v2\/posts\/10467\/revisions\/22294"}],"wp:featuredmedia":[{"embeddable":true,"href":"https:\/\/www.galiciamaxica.eu\/mini\/wp-json\/wp\/v2\/media\/10482"}],"wp:attachment":[{"href":"https:\/\/www.galiciamaxica.eu\/mini\/wp-json\/wp\/v2\/media?parent=10467"}],"wp:term":[{"taxonomy":"category","embeddable":true,"href":"https:\/\/www.galiciamaxica.eu\/mini\/wp-json\/wp\/v2\/categories?post=10467"},{"taxonomy":"post_tag","embeddable":true,"href":"https:\/\/www.galiciamaxica.eu\/mini\/wp-json\/wp\/v2\/tags?post=10467"}],"curies":[{"name":"wp","href":"https:\/\/api.w.org\/{rel}","templated":true}]}}