{"id":10398,"date":"2019-01-17T20:37:44","date_gmt":"2019-01-17T19:37:44","guid":{"rendered":"https:\/\/www.galiciamaxica.eu\/mini\/?p=10398"},"modified":"2019-10-06T19:17:12","modified_gmt":"2019-10-06T17:17:12","slug":"la-fervenza-de-auga-caida-es-una-de-las-mas-espectaculares-de-galicia","status":"publish","type":"post","link":"https:\/\/www.galiciamaxica.eu\/mini\/la-fervenza-de-auga-caida-es-una-de-las-mas-espectaculares-de-galicia\/","title":{"rendered":"La fervenza de Auga Ca\u00edda es una de las m\u00e1s espectaculares de Galicia!"},"content":{"rendered":"<p style=\"text-align: center;\">Hoy visitaremos una gran desconocida en Galicia pero no por eso de especial belleza, es la fervenza de Augaca\u00edda \u00f3 tambi\u00e9n conocida como la de Marce, se sit\u00faa muy cerca de la un d\u00eda bulliciosa poblaci\u00f3n de Marce de ah\u00ed que tome su nombre.<\/p>\n<p><img fetchpriority=\"high\" decoding=\"async\" class=\"aligncenter size-medium\" src=\"http:\/\/galiciamaxica.eu\/mini\/wp-content\/uploads\/2019\/10\/img_5d9a2198bd19e.jpg\" width=\"575\" height=\"758\" \/><\/p>\n<p style=\"text-align: center;\">Est\u00e1 localizada en Pant\u00f3n, en plena Ribeira Sacra lucense.<\/p>\n<p><img decoding=\"async\" class=\"aligncenter size-medium\" src=\"http:\/\/galiciamaxica.eu\/mini\/wp-content\/uploads\/2019\/10\/img_5d9a219988d68.jpg\" width=\"1137\" height=\"758\" \/><\/p>\n<p style=\"text-align: center;\">Esta fervenza compite en grandeza y espectacularidad con las m\u00e1s grandes de la comunidad, como la <a href=\"https:\/\/www.galiciamaxica.eu\/mini\/fervenza-do-toxa-2\/\">Fervenza do Toxa en Silleda<\/a> o la <a href=\"https:\/\/www.galiciamaxica.eu\/mini\/hoy-a-fonsagrada\/\">Seimeira de Vilagocende en A Fonsagrada<\/a> que tambi\u00e9n os recomiendo que visit\u00e9is en familia.<\/p>\n<p style=\"text-align: center;\"><img decoding=\"async\" class=\"aligncenter size-medium\" src=\"http:\/\/galiciamaxica.eu\/mini\/wp-content\/uploads\/2019\/10\/img_5d9a219ad2135.jpg\" width=\"1234\" height=\"758\" \/><br \/>\nLo de \u00aba qui\u00e9n madruga\u00bb nos sali\u00f3 muy bien porque aparcamos al inicio de la ruta, qu\u00e9 ganas de comenzar ya a rutear. La distancia que nos esperaba para llegar a esta maravilla eran 2 kil\u00f3metros y claro ten en cuenta que se duplican y suma dos de vuelta al punto de inicio.<\/p>\n<p><img loading=\"lazy\" decoding=\"async\" class=\"aligncenter size-medium\" src=\"http:\/\/galiciamaxica.eu\/mini\/wp-content\/uploads\/2019\/10\/img_5d9a219c5c3a2.jpg\" width=\"506\" height=\"758\" \/><\/p>\n<p style=\"text-align: center;\">Ahhh!! aunque os parezca un recorrido largo, no lo es. Os aseguro que merece la pena senderear por aqu\u00ed. Eso s\u00ed, coger fuerzas para la subida porque ya todos sabemos que no es lo mismo.<\/p>\n<p><img loading=\"lazy\" decoding=\"async\" class=\"aligncenter size-medium\" src=\"http:\/\/galiciamaxica.eu\/mini\/wp-content\/uploads\/2019\/10\/img_5d9a219d399ce.jpg\" width=\"506\" height=\"759\" \/><\/p>\n<p style=\"text-align: center;\">La fervenza se encuentra oculta en la espesura de un fant\u00e1stico bosque que forman casta\u00f1os, carballos y otras especies aut\u00f3ctonas.<br \/>\n<img loading=\"lazy\" decoding=\"async\" class=\"aligncenter size-medium\" src=\"http:\/\/galiciamaxica.eu\/mini\/wp-content\/uploads\/2019\/10\/img_5d9a219fe5d39.jpg\" width=\"1290\" height=\"675\" \/><\/p>\n<p style=\"text-align: center;\">Os comento tambi\u00e9n que vuestro camino estar\u00e1 en todo momento se\u00f1alizado con postes de madera que os guiar\u00e1n hasta la fervenza y estrenaremos para llegar hasta ella unas escaleras de reciente construcci\u00f3n por las que podremos bajar hasta la cascada sin problema.<br \/>\n<img loading=\"lazy\" decoding=\"async\" class=\"aligncenter size-medium\" src=\"http:\/\/galiciamaxica.eu\/mini\/wp-content\/uploads\/2019\/10\/img_5d9a21a38978f.jpg\" width=\"1138\" height=\"758\" \/><br \/>\nOs sorprender\u00e1 seguro igual que nos ha sorprendido a nosotros encontrar esta belleza de lugar, sentarse un ratito y o\u00edr el rugir del agua&#8230; no tiene precio.<\/p>\n<p style=\"text-align: center;\"><img loading=\"lazy\" decoding=\"async\" class=\"aligncenter size-medium\" src=\"http:\/\/galiciamaxica.eu\/mini\/wp-content\/uploads\/2019\/10\/img_5d9a21a516601.jpg\" width=\"1138\" height=\"758\" \/><br \/>\nVistas y m\u00e1s vistas, no nos cansaremos de decirlo&#8230; impresionante.<\/p>\n<p><img loading=\"lazy\" decoding=\"async\" class=\"aligncenter size-medium\" style=\"text-align: center; font-size: 16px;\" src=\"http:\/\/galiciamaxica.eu\/mini\/wp-content\/uploads\/2019\/10\/img_5d9a21a7c166b.jpg\" width=\"1137\" height=\"758\" \/><\/p>\n<p style=\"text-align: center;\">Regresamos ya por el mismo camino hasta encontrarnos un letrero que nos indica que el pueblo de Marse se encuentra a 400 metros por un sendero ascendente. Elegimos andar un poquito m\u00e1s y descubrirlo para no repetir el mismo camino y as\u00ed aprovechamos para recorrer las calles de este bonito pueblo.<\/p>\n<p style=\"text-align: center;\"><img loading=\"lazy\" decoding=\"async\" class=\"aligncenter size-medium\" src=\"http:\/\/galiciamaxica.eu\/mini\/wp-content\/uploads\/2019\/10\/img_5d9a21ab4d2c6.jpg\" width=\"1169\" height=\"758\" \/><\/p>\n<figure style=\"width: 1170px\" class=\"wp-caption aligncenter\"><a href=\"https:\/\/descubrecadadia.blogspot.com\/2017\/05\/fervenza-de-agua-caida-marce-lugo.html\"><img loading=\"lazy\" decoding=\"async\" src=\"http:\/\/galiciamaxica.eu\/mini\/wp-content\/uploads\/2019\/10\/portada2Bblog.jpg\" alt=\"\" width=\"1170\" height=\"451\" \/><\/a><figcaption class=\"wp-caption-text\"><a href=\"https:\/\/descubrecadadia.blogspot.com\/2017\/05\/fervenza-de-agua-caida-marce-lugo.html\">Fervenza de Auga Ca\u00edda<\/a><\/figcaption><\/figure>\n<p style=\"text-align: center;\">Divisamos la famosa Torre del Reloj una edificaci\u00f3n que nos llamar\u00e1 la atenci\u00f3n por su dimensi\u00f3n, porque no tiene ventanas y por su forma cuadrangular.<\/p>\n<p style=\"text-align: center;\"><img loading=\"lazy\" decoding=\"async\" class=\"aligncenter size-medium\" src=\"http:\/\/galiciamaxica.eu\/mini\/wp-content\/uploads\/2019\/10\/marce21.jpg\" width=\"800\" height=\"533\" \/><br \/>\nDe la Torre de Marce no veremos mucho m\u00e1s que una edificaci\u00f3n integrada en una casa, pero no deja de estar ah\u00ed la torre de homenaje de una fortificaci\u00f3n medieval.<\/p>\n<p style=\"text-align: center;\"><img loading=\"lazy\" decoding=\"async\" class=\"aligncenter size-medium\" src=\"http:\/\/galiciamaxica.eu\/mini\/wp-content\/uploads\/2019\/10\/img_5d9a21ae56a8e.jpg\" width=\"1362\" height=\"908\" \/><\/p>\n<p style=\"text-align: center;\"><strong>RUTA<\/strong><\/p>\n<p style=\"text-align: center;\"><iframe src=\"https:\/\/es.wikiloc.com\/wikiloc\/spatialArtifacts.do?event=view&amp;id=13235033&amp;measures=off&amp;title=off&amp;near=off&amp;images=off&amp;maptype=H\" width=\"900\" height=\"600\" frameborder=\"0\" scrolling=\"no\"><span data-mce-type=\"bookmark\" style=\"display: inline-block; width: 0px; overflow: hidden; line-height: 0;\" class=\"mce_SELRES_start\">\ufeff<\/span><\/iframe><\/p>\n<div style=\"background-color: #fff; color: #777; font-size: 11px; line-height: 16px;\">Powered by <a style=\"color: #06d; font-size: 11px; line-height: 16px;\" href=\"https:\/\/es.wikiloc.com\" target=\"_blank\" rel=\"noopener noreferrer\">Wikiloc<\/a><\/div>\n<p style=\"text-align: center;\"><strong>LOCALIZACI\u00d3N<\/strong><\/p>\n<p style=\"text-align: center;\"><iframe style=\"border: 0;\" src=\"https:\/\/www.google.com\/maps\/embed?pb=!1m14!1m8!1m3!1d5804.940679741512!2d-7.712380999999999!3d42.517876!3m2!1i1024!2i768!4f13.1!3m3!1m2!1s0x0%3A0x0!2zNDLCsDMxJzAyLjMiTiA3wrA0Mic0NS41Ilc!5e1!3m2!1sen!2sus!4v1547748645517\" width=\"600\" height=\"450\" frameborder=\"0\" allowfullscreen=\"allowfullscreen\"><span data-mce-type=\"bookmark\" style=\"display: inline-block; width: 0px; overflow: hidden; line-height: 0;\" class=\"mce_SELRES_start\">\ufeff<\/span><\/iframe><\/p>\n","protected":false},"excerpt":{"rendered":"<p>Hoy visitaremos una gran desconocida en Galicia pero no por eso de especial belleza, es la fervenza de Augaca\u00edda \u00f3 tambi\u00e9n conocida como la de Marce, se sit\u00faa muy cerca de la un d\u00eda bulliciosa poblaci\u00f3n de Marce de ah\u00ed que tome su nombre. Est\u00e1 localizada en Pant\u00f3n, en plena Ribeira Sacra lucense. Esta fervenza [&hellip;]<\/p>\n","protected":false},"author":1,"featured_media":10405,"comment_status":"open","ping_status":"closed","sticky":false,"template":"","format":"standard","meta":{"_eb_attr":"","site-sidebar-layout":"default","site-content-layout":"","ast-site-content-layout":"","site-content-style":"default","site-sidebar-style":"default","ast-global-header-display":"","ast-banner-title-visibility":"","ast-main-header-display":"","ast-hfb-above-header-display":"","ast-hfb-below-header-display":"","ast-hfb-mobile-header-display":"","site-post-title":"","ast-breadcrumbs-content":"","ast-featured-img":"","footer-sml-layout":"","theme-transparent-header-meta":"","adv-header-id-meta":"","stick-header-meta":"","header-above-stick-meta":"","header-main-stick-meta":"","header-below-stick-meta":"","astra-migrate-meta-layouts":"default","ast-page-background-enabled":"default","ast-page-background-meta":{"desktop":{"background-color":"","background-image":"","background-repeat":"repeat","background-position":"center center","background-size":"auto","background-attachment":"scroll","background-type":"","background-media":"","overlay-type":"","overlay-color":"","overlay-opacity":"","overlay-gradient":""},"tablet":{"background-color":"","background-image":"","background-repeat":"repeat","background-position":"center center","background-size":"auto","background-attachment":"scroll","background-type":"","background-media":"","overlay-type":"","overlay-color":"","overlay-opacity":"","overlay-gradient":""},"mobile":{"background-color":"","background-image":"","background-repeat":"repeat","background-position":"center center","background-size":"auto","background-attachment":"scroll","background-type":"","background-media":"","overlay-type":"","overlay-color":"","overlay-opacity":"","overlay-gradient":""}},"ast-content-background-meta":{"desktop":{"background-color":"var(--ast-global-color-5)","background-image":"","background-repeat":"repeat","background-position":"center center","background-size":"auto","background-attachment":"scroll","background-type":"","background-media":"","overlay-type":"","overlay-color":"","overlay-opacity":"","overlay-gradient":""},"tablet":{"background-color":"var(--ast-global-color-5)","background-image":"","background-repeat":"repeat","background-position":"center center","background-size":"auto","background-attachment":"scroll","background-type":"","background-media":"","overlay-type":"","overlay-color":"","overlay-opacity":"","overlay-gradient":""},"mobile":{"background-color":"var(--ast-global-color-5)","background-image":"","background-repeat":"repeat","background-position":"center center","background-size":"auto","background-attachment":"scroll","background-type":"","background-media":"","overlay-type":"","overlay-color":"","overlay-opacity":"","overlay-gradient":""}},"footnotes":""},"categories":[425],"tags":[45,1134],"class_list":["post-10398","post","type-post","status-publish","format-standard","has-post-thumbnail","hentry","category-viajes-compartidos","tag-fervenza","tag-panton"],"yoast_head":"<!-- This site is optimized with the Yoast SEO plugin v24.9 - https:\/\/yoast.com\/wordpress\/plugins\/seo\/ -->\n<title>La fervenza de Auga Ca\u00edda es una de las m\u00e1s espectaculares de Galicia! - Galicia con ni\u00f1os | GALICIA M\u00c1XICA<\/title>\n<meta name=\"robots\" content=\"index, follow, max-snippet:-1, max-image-preview:large, max-video-preview:-1\" \/>\n<link rel=\"canonical\" href=\"https:\/\/www.galiciamaxica.eu\/mini\/la-fervenza-de-auga-caida-es-una-de-las-mas-espectaculares-de-galicia\/\" \/>\n<meta property=\"og:locale\" content=\"es_ES\" \/>\n<meta property=\"og:type\" content=\"article\" \/>\n<meta property=\"og:title\" content=\"La fervenza de Auga Ca\u00edda es una de las m\u00e1s espectaculares de Galicia! - Galicia con ni\u00f1os | GALICIA M\u00c1XICA\" \/>\n<meta property=\"og:description\" content=\"Hoy visitaremos una gran desconocida en Galicia pero no por eso de especial belleza, es la fervenza de Augaca\u00edda \u00f3 tambi\u00e9n conocida como la de Marce, se sit\u00faa muy cerca de la un d\u00eda bulliciosa poblaci\u00f3n de Marce de ah\u00ed que tome su nombre. Est\u00e1 localizada en Pant\u00f3n, en plena Ribeira Sacra lucense. Esta fervenza [&hellip;]\" \/>\n<meta property=\"og:url\" content=\"https:\/\/www.galiciamaxica.eu\/mini\/la-fervenza-de-auga-caida-es-una-de-las-mas-espectaculares-de-galicia\/\" \/>\n<meta property=\"og:site_name\" content=\"Galicia con ni\u00f1os | GALICIA M\u00c1XICA\" \/>\n<meta property=\"article:publisher\" content=\"https:\/\/www.facebook.com\/maria.rodriguezserantes\" \/>\n<meta property=\"article:author\" content=\"https:\/\/www.facebook.com\/maria.rodriguezserantes\" \/>\n<meta property=\"article:published_time\" content=\"2019-01-17T19:37:44+00:00\" \/>\n<meta property=\"article:modified_time\" content=\"2019-10-06T17:17:12+00:00\" \/>\n<meta property=\"og:image\" content=\"https:\/\/www.galiciamaxica.eu\/mini\/wp-content\/uploads\/2019\/01\/Captura.jpg\" \/>\n\t<meta property=\"og:image:width\" content=\"643\" \/>\n\t<meta property=\"og:image:height\" content=\"502\" \/>\n\t<meta property=\"og:image:type\" content=\"image\/jpeg\" \/>\n<meta name=\"author\" content=\"seseixa\" \/>\n<meta name=\"twitter:card\" content=\"summary_large_image\" \/>\n<meta name=\"twitter:creator\" content=\"@seseixa\" \/>\n<meta name=\"twitter:site\" content=\"@seseixa\" \/>\n<meta name=\"twitter:label1\" content=\"Escrito por\" \/>\n\t<meta name=\"twitter:data1\" content=\"seseixa\" \/>\n\t<meta name=\"twitter:label2\" content=\"Tiempo de lectura\" \/>\n\t<meta name=\"twitter:data2\" content=\"2 minutos\" \/>\n<script type=\"application\/ld+json\" class=\"yoast-schema-graph\">{\"@context\":\"https:\/\/schema.org\",\"@graph\":[{\"@type\":\"Article\",\"@id\":\"https:\/\/www.galiciamaxica.eu\/mini\/la-fervenza-de-auga-caida-es-una-de-las-mas-espectaculares-de-galicia\/#article\",\"isPartOf\":{\"@id\":\"https:\/\/www.galiciamaxica.eu\/mini\/la-fervenza-de-auga-caida-es-una-de-las-mas-espectaculares-de-galicia\/\"},\"author\":{\"name\":\"seseixa\",\"@id\":\"https:\/\/www.galiciamaxica.eu\/mini\/#\/schema\/person\/2b284fe2fd911000a48d2e8936300179\"},\"headline\":\"La fervenza de Auga Ca\u00edda es una de las m\u00e1s espectaculares de Galicia!\",\"datePublished\":\"2019-01-17T19:37:44+00:00\",\"dateModified\":\"2019-10-06T17:17:12+00:00\",\"mainEntityOfPage\":{\"@id\":\"https:\/\/www.galiciamaxica.eu\/mini\/la-fervenza-de-auga-caida-es-una-de-las-mas-espectaculares-de-galicia\/\"},\"wordCount\":439,\"commentCount\":0,\"publisher\":{\"@id\":\"https:\/\/www.galiciamaxica.eu\/mini\/#\/schema\/person\/2b284fe2fd911000a48d2e8936300179\"},\"image\":{\"@id\":\"https:\/\/www.galiciamaxica.eu\/mini\/la-fervenza-de-auga-caida-es-una-de-las-mas-espectaculares-de-galicia\/#primaryimage\"},\"thumbnailUrl\":\"https:\/\/www.galiciamaxica.eu\/mini\/wp-content\/uploads\/2019\/01\/Captura.jpg\",\"keywords\":[\"fervenza\",\"pant\u00f3n\"],\"articleSection\":[\"VIAJES COMPARTIDOS\"],\"inLanguage\":\"es\",\"potentialAction\":[{\"@type\":\"CommentAction\",\"name\":\"Comment\",\"target\":[\"https:\/\/www.galiciamaxica.eu\/mini\/la-fervenza-de-auga-caida-es-una-de-las-mas-espectaculares-de-galicia\/#respond\"]}]},{\"@type\":\"WebPage\",\"@id\":\"https:\/\/www.galiciamaxica.eu\/mini\/la-fervenza-de-auga-caida-es-una-de-las-mas-espectaculares-de-galicia\/\",\"url\":\"https:\/\/www.galiciamaxica.eu\/mini\/la-fervenza-de-auga-caida-es-una-de-las-mas-espectaculares-de-galicia\/\",\"name\":\"La fervenza de Auga Ca\u00edda es una de las m\u00e1s espectaculares de Galicia! - Galicia con ni\u00f1os | GALICIA M\u00c1XICA\",\"isPartOf\":{\"@id\":\"https:\/\/www.galiciamaxica.eu\/mini\/#website\"},\"primaryImageOfPage\":{\"@id\":\"https:\/\/www.galiciamaxica.eu\/mini\/la-fervenza-de-auga-caida-es-una-de-las-mas-espectaculares-de-galicia\/#primaryimage\"},\"image\":{\"@id\":\"https:\/\/www.galiciamaxica.eu\/mini\/la-fervenza-de-auga-caida-es-una-de-las-mas-espectaculares-de-galicia\/#primaryimage\"},\"thumbnailUrl\":\"https:\/\/www.galiciamaxica.eu\/mini\/wp-content\/uploads\/2019\/01\/Captura.jpg\",\"datePublished\":\"2019-01-17T19:37:44+00:00\",\"dateModified\":\"2019-10-06T17:17:12+00:00\",\"breadcrumb\":{\"@id\":\"https:\/\/www.galiciamaxica.eu\/mini\/la-fervenza-de-auga-caida-es-una-de-las-mas-espectaculares-de-galicia\/#breadcrumb\"},\"inLanguage\":\"es\",\"potentialAction\":[{\"@type\":\"ReadAction\",\"target\":[\"https:\/\/www.galiciamaxica.eu\/mini\/la-fervenza-de-auga-caida-es-una-de-las-mas-espectaculares-de-galicia\/\"]}]},{\"@type\":\"ImageObject\",\"inLanguage\":\"es\",\"@id\":\"https:\/\/www.galiciamaxica.eu\/mini\/la-fervenza-de-auga-caida-es-una-de-las-mas-espectaculares-de-galicia\/#primaryimage\",\"url\":\"https:\/\/www.galiciamaxica.eu\/mini\/wp-content\/uploads\/2019\/01\/Captura.jpg\",\"contentUrl\":\"https:\/\/www.galiciamaxica.eu\/mini\/wp-content\/uploads\/2019\/01\/Captura.jpg\",\"width\":643,\"height\":502,\"caption\":\"img_5d9a2198bd19e\"},{\"@type\":\"BreadcrumbList\",\"@id\":\"https:\/\/www.galiciamaxica.eu\/mini\/la-fervenza-de-auga-caida-es-una-de-las-mas-espectaculares-de-galicia\/#breadcrumb\",\"itemListElement\":[{\"@type\":\"ListItem\",\"position\":1,\"name\":\"Portada\",\"item\":\"https:\/\/www.galiciamaxica.eu\/mini\/\"},{\"@type\":\"ListItem\",\"position\":2,\"name\":\"La fervenza de Auga Ca\u00edda es una de las m\u00e1s espectaculares de Galicia!\"}]},{\"@type\":\"WebSite\",\"@id\":\"https:\/\/www.galiciamaxica.eu\/mini\/#website\",\"url\":\"https:\/\/www.galiciamaxica.eu\/mini\/\",\"name\":\"Galicia con ni\u00f1os | GALICIA M\u00c1XICA\",\"description\":\"Qu\u00e9 hacer con ni\u00f1os en Galicia\",\"publisher\":{\"@id\":\"https:\/\/www.galiciamaxica.eu\/mini\/#\/schema\/person\/2b284fe2fd911000a48d2e8936300179\"},\"potentialAction\":[{\"@type\":\"SearchAction\",\"target\":{\"@type\":\"EntryPoint\",\"urlTemplate\":\"https:\/\/www.galiciamaxica.eu\/mini\/?s={search_term_string}\"},\"query-input\":{\"@type\":\"PropertyValueSpecification\",\"valueRequired\":true,\"valueName\":\"search_term_string\"}}],\"inLanguage\":\"es\"},{\"@type\":[\"Person\",\"Organization\"],\"@id\":\"https:\/\/www.galiciamaxica.eu\/mini\/#\/schema\/person\/2b284fe2fd911000a48d2e8936300179\",\"name\":\"seseixa\",\"image\":{\"@type\":\"ImageObject\",\"inLanguage\":\"es\",\"@id\":\"https:\/\/www.galiciamaxica.eu\/mini\/#\/schema\/person\/image\/\",\"url\":\"https:\/\/www.galiciamaxica.eu\/mini\/wp-content\/uploads\/2019\/02\/seseixa.png\",\"contentUrl\":\"https:\/\/www.galiciamaxica.eu\/mini\/wp-content\/uploads\/2019\/02\/seseixa.png\",\"width\":100,\"height\":100,\"caption\":\"seseixa\"},\"logo\":{\"@id\":\"https:\/\/www.galiciamaxica.eu\/mini\/#\/schema\/person\/image\/\"},\"description\":\"En la actualidad combinando dos proyectos que me apasionan, Galicia y los ni\u00f1os. Tengo mucho que aportar y otro tanto que aprender, as\u00ed como, el tiempo y el coraz\u00f3n, dividido en todo momento. Soy mam\u00e1, un titulo otorgado a tiempo completo, compa\u00f1era y amiga, a todas horas, familiar y cercana, siempre. De esp\u00edritu inquieto, soy una eterna ni\u00f1a que juega en el pa\u00eds de las maravillas. Una enamorada de mi tierra, por la que trabajo sin descanso. Creo en la infancia como motor que cambiar\u00e1 el mundo a mejor y busco en mi vida la felicidad como estado permanente porque s\u00f3lo se vive una vez.\",\"sameAs\":[\"http:\/\/mini.galiciamaxica.eu\/\",\"https:\/\/www.facebook.com\/maria.rodriguezserantes\",\"https:\/\/x.com\/seseixa\"],\"url\":\"https:\/\/www.galiciamaxica.eu\/mini\/author\/seseixa\/\"}]}<\/script>\n<!-- \/ Yoast SEO plugin. -->","yoast_head_json":{"title":"La fervenza de Auga Ca\u00edda es una de las m\u00e1s espectaculares de Galicia! - Galicia con ni\u00f1os | GALICIA M\u00c1XICA","robots":{"index":"index","follow":"follow","max-snippet":"max-snippet:-1","max-image-preview":"max-image-preview:large","max-video-preview":"max-video-preview:-1"},"canonical":"https:\/\/www.galiciamaxica.eu\/mini\/la-fervenza-de-auga-caida-es-una-de-las-mas-espectaculares-de-galicia\/","og_locale":"es_ES","og_type":"article","og_title":"La fervenza de Auga Ca\u00edda es una de las m\u00e1s espectaculares de Galicia! - Galicia con ni\u00f1os | GALICIA M\u00c1XICA","og_description":"Hoy visitaremos una gran desconocida en Galicia pero no por eso de especial belleza, es la fervenza de Augaca\u00edda \u00f3 tambi\u00e9n conocida como la de Marce, se sit\u00faa muy cerca de la un d\u00eda bulliciosa poblaci\u00f3n de Marce de ah\u00ed que tome su nombre. Est\u00e1 localizada en Pant\u00f3n, en plena Ribeira Sacra lucense. Esta fervenza [&hellip;]","og_url":"https:\/\/www.galiciamaxica.eu\/mini\/la-fervenza-de-auga-caida-es-una-de-las-mas-espectaculares-de-galicia\/","og_site_name":"Galicia con ni\u00f1os | GALICIA M\u00c1XICA","article_publisher":"https:\/\/www.facebook.com\/maria.rodriguezserantes","article_author":"https:\/\/www.facebook.com\/maria.rodriguezserantes","article_published_time":"2019-01-17T19:37:44+00:00","article_modified_time":"2019-10-06T17:17:12+00:00","og_image":[{"width":643,"height":502,"url":"https:\/\/www.galiciamaxica.eu\/mini\/wp-content\/uploads\/2019\/01\/Captura.jpg","type":"image\/jpeg"}],"author":"seseixa","twitter_card":"summary_large_image","twitter_creator":"@seseixa","twitter_site":"@seseixa","twitter_misc":{"Escrito por":"seseixa","Tiempo de lectura":"2 minutos"},"schema":{"@context":"https:\/\/schema.org","@graph":[{"@type":"Article","@id":"https:\/\/www.galiciamaxica.eu\/mini\/la-fervenza-de-auga-caida-es-una-de-las-mas-espectaculares-de-galicia\/#article","isPartOf":{"@id":"https:\/\/www.galiciamaxica.eu\/mini\/la-fervenza-de-auga-caida-es-una-de-las-mas-espectaculares-de-galicia\/"},"author":{"name":"seseixa","@id":"https:\/\/www.galiciamaxica.eu\/mini\/#\/schema\/person\/2b284fe2fd911000a48d2e8936300179"},"headline":"La fervenza de Auga Ca\u00edda es una de las m\u00e1s espectaculares de Galicia!","datePublished":"2019-01-17T19:37:44+00:00","dateModified":"2019-10-06T17:17:12+00:00","mainEntityOfPage":{"@id":"https:\/\/www.galiciamaxica.eu\/mini\/la-fervenza-de-auga-caida-es-una-de-las-mas-espectaculares-de-galicia\/"},"wordCount":439,"commentCount":0,"publisher":{"@id":"https:\/\/www.galiciamaxica.eu\/mini\/#\/schema\/person\/2b284fe2fd911000a48d2e8936300179"},"image":{"@id":"https:\/\/www.galiciamaxica.eu\/mini\/la-fervenza-de-auga-caida-es-una-de-las-mas-espectaculares-de-galicia\/#primaryimage"},"thumbnailUrl":"https:\/\/www.galiciamaxica.eu\/mini\/wp-content\/uploads\/2019\/01\/Captura.jpg","keywords":["fervenza","pant\u00f3n"],"articleSection":["VIAJES COMPARTIDOS"],"inLanguage":"es","potentialAction":[{"@type":"CommentAction","name":"Comment","target":["https:\/\/www.galiciamaxica.eu\/mini\/la-fervenza-de-auga-caida-es-una-de-las-mas-espectaculares-de-galicia\/#respond"]}]},{"@type":"WebPage","@id":"https:\/\/www.galiciamaxica.eu\/mini\/la-fervenza-de-auga-caida-es-una-de-las-mas-espectaculares-de-galicia\/","url":"https:\/\/www.galiciamaxica.eu\/mini\/la-fervenza-de-auga-caida-es-una-de-las-mas-espectaculares-de-galicia\/","name":"La fervenza de Auga Ca\u00edda es una de las m\u00e1s espectaculares de Galicia! - Galicia con ni\u00f1os | GALICIA M\u00c1XICA","isPartOf":{"@id":"https:\/\/www.galiciamaxica.eu\/mini\/#website"},"primaryImageOfPage":{"@id":"https:\/\/www.galiciamaxica.eu\/mini\/la-fervenza-de-auga-caida-es-una-de-las-mas-espectaculares-de-galicia\/#primaryimage"},"image":{"@id":"https:\/\/www.galiciamaxica.eu\/mini\/la-fervenza-de-auga-caida-es-una-de-las-mas-espectaculares-de-galicia\/#primaryimage"},"thumbnailUrl":"https:\/\/www.galiciamaxica.eu\/mini\/wp-content\/uploads\/2019\/01\/Captura.jpg","datePublished":"2019-01-17T19:37:44+00:00","dateModified":"2019-10-06T17:17:12+00:00","breadcrumb":{"@id":"https:\/\/www.galiciamaxica.eu\/mini\/la-fervenza-de-auga-caida-es-una-de-las-mas-espectaculares-de-galicia\/#breadcrumb"},"inLanguage":"es","potentialAction":[{"@type":"ReadAction","target":["https:\/\/www.galiciamaxica.eu\/mini\/la-fervenza-de-auga-caida-es-una-de-las-mas-espectaculares-de-galicia\/"]}]},{"@type":"ImageObject","inLanguage":"es","@id":"https:\/\/www.galiciamaxica.eu\/mini\/la-fervenza-de-auga-caida-es-una-de-las-mas-espectaculares-de-galicia\/#primaryimage","url":"https:\/\/www.galiciamaxica.eu\/mini\/wp-content\/uploads\/2019\/01\/Captura.jpg","contentUrl":"https:\/\/www.galiciamaxica.eu\/mini\/wp-content\/uploads\/2019\/01\/Captura.jpg","width":643,"height":502,"caption":"img_5d9a2198bd19e"},{"@type":"BreadcrumbList","@id":"https:\/\/www.galiciamaxica.eu\/mini\/la-fervenza-de-auga-caida-es-una-de-las-mas-espectaculares-de-galicia\/#breadcrumb","itemListElement":[{"@type":"ListItem","position":1,"name":"Portada","item":"https:\/\/www.galiciamaxica.eu\/mini\/"},{"@type":"ListItem","position":2,"name":"La fervenza de Auga Ca\u00edda es una de las m\u00e1s espectaculares de Galicia!"}]},{"@type":"WebSite","@id":"https:\/\/www.galiciamaxica.eu\/mini\/#website","url":"https:\/\/www.galiciamaxica.eu\/mini\/","name":"Galicia con ni\u00f1os | GALICIA M\u00c1XICA","description":"Qu\u00e9 hacer con ni\u00f1os en Galicia","publisher":{"@id":"https:\/\/www.galiciamaxica.eu\/mini\/#\/schema\/person\/2b284fe2fd911000a48d2e8936300179"},"potentialAction":[{"@type":"SearchAction","target":{"@type":"EntryPoint","urlTemplate":"https:\/\/www.galiciamaxica.eu\/mini\/?s={search_term_string}"},"query-input":{"@type":"PropertyValueSpecification","valueRequired":true,"valueName":"search_term_string"}}],"inLanguage":"es"},{"@type":["Person","Organization"],"@id":"https:\/\/www.galiciamaxica.eu\/mini\/#\/schema\/person\/2b284fe2fd911000a48d2e8936300179","name":"seseixa","image":{"@type":"ImageObject","inLanguage":"es","@id":"https:\/\/www.galiciamaxica.eu\/mini\/#\/schema\/person\/image\/","url":"https:\/\/www.galiciamaxica.eu\/mini\/wp-content\/uploads\/2019\/02\/seseixa.png","contentUrl":"https:\/\/www.galiciamaxica.eu\/mini\/wp-content\/uploads\/2019\/02\/seseixa.png","width":100,"height":100,"caption":"seseixa"},"logo":{"@id":"https:\/\/www.galiciamaxica.eu\/mini\/#\/schema\/person\/image\/"},"description":"En la actualidad combinando dos proyectos que me apasionan, Galicia y los ni\u00f1os. Tengo mucho que aportar y otro tanto que aprender, as\u00ed como, el tiempo y el coraz\u00f3n, dividido en todo momento. Soy mam\u00e1, un titulo otorgado a tiempo completo, compa\u00f1era y amiga, a todas horas, familiar y cercana, siempre. De esp\u00edritu inquieto, soy una eterna ni\u00f1a que juega en el pa\u00eds de las maravillas. Una enamorada de mi tierra, por la que trabajo sin descanso. Creo en la infancia como motor que cambiar\u00e1 el mundo a mejor y busco en mi vida la felicidad como estado permanente porque s\u00f3lo se vive una vez.","sameAs":["http:\/\/mini.galiciamaxica.eu\/","https:\/\/www.facebook.com\/maria.rodriguezserantes","https:\/\/x.com\/seseixa"],"url":"https:\/\/www.galiciamaxica.eu\/mini\/author\/seseixa\/"}]}},"amp_enabled":true,"post_mailing_queue_ids":[],"_links":{"self":[{"href":"https:\/\/www.galiciamaxica.eu\/mini\/wp-json\/wp\/v2\/posts\/10398"}],"collection":[{"href":"https:\/\/www.galiciamaxica.eu\/mini\/wp-json\/wp\/v2\/posts"}],"about":[{"href":"https:\/\/www.galiciamaxica.eu\/mini\/wp-json\/wp\/v2\/types\/post"}],"author":[{"embeddable":true,"href":"https:\/\/www.galiciamaxica.eu\/mini\/wp-json\/wp\/v2\/users\/1"}],"replies":[{"embeddable":true,"href":"https:\/\/www.galiciamaxica.eu\/mini\/wp-json\/wp\/v2\/comments?post=10398"}],"version-history":[{"count":0,"href":"https:\/\/www.galiciamaxica.eu\/mini\/wp-json\/wp\/v2\/posts\/10398\/revisions"}],"wp:featuredmedia":[{"embeddable":true,"href":"https:\/\/www.galiciamaxica.eu\/mini\/wp-json\/wp\/v2\/media\/10405"}],"wp:attachment":[{"href":"https:\/\/www.galiciamaxica.eu\/mini\/wp-json\/wp\/v2\/media?parent=10398"}],"wp:term":[{"taxonomy":"category","embeddable":true,"href":"https:\/\/www.galiciamaxica.eu\/mini\/wp-json\/wp\/v2\/categories?post=10398"},{"taxonomy":"post_tag","embeddable":true,"href":"https:\/\/www.galiciamaxica.eu\/mini\/wp-json\/wp\/v2\/tags?post=10398"}],"curies":[{"name":"wp","href":"https:\/\/api.w.org\/{rel}","templated":true}]}}